{"id":15980,"date":"2021-10-04T14:50:25","date_gmt":"2021-10-04T12:50:25","guid":{"rendered":"https:\/\/www.grandsformats.com\/?p=15980"},"modified":"2021-10-04T14:51:25","modified_gmt":"2021-10-04T12:51:25","slug":"grands-formats-recrute-son-sa-delegue%c2%b7e-general%c2%b7e","status":"publish","type":"post","link":"https:\/\/www.grandsformats.com\/en\/2021\/10\/grands-formats-recrute-son-sa-delegue%c2%b7e-general%c2%b7e\/","title":{"rendered":"Grands Formats recrute son\/sa d\u00e9l\u00e9gu\u00e9\u00b7e g\u00e9n\u00e9ral\u00b7e"},"content":{"rendered":"<h4>Grands Formats recrute son\/sa d\u00e9l\u00e9gu\u00e9\u00b7e g\u00e9n\u00e9ral\u00b7e en CDI \u00e0 temps plein<\/h4>\n<p>&nbsp;<\/p>\n<h5>PR\u00c9SENTATION DE LA STRUCTURE<\/h5>\n<p>Grands Formats est une f\u00e9d\u00e9ration d\u2019artistes cr\u00e9\u00e9e en 2003. Elle r\u00e9unit 107 grands ensembles et collectifs professionnels, en France et en Europe, comprenant chacun au moins 8 musicien\u00b7ne\u00b7s et repr\u00e9sentatifs de la grande diversit\u00e9 esth\u00e9tique du jazz et des musiques improvis\u00e9es.<\/p>\n<p>La f\u00e9d\u00e9ration a quatre principales missions\u00a0:<\/p>\n<ul>\n<li><strong>Favoriser la visibilit\u00e9 et la diffusion des grandes formations et des collectifs artistiques<\/strong> (organisation de manifestations, mise en place de partenariats avec des lieux de diffusion, actions de communication autour des activit\u00e9s des membres, coordination d\u2019un r\u00e9seau europ\u00e9en\u2026),<\/li>\n<li><strong>Nourrir et animer un p\u00f4le d\u2019observation et de ressources<\/strong>, en interne pour accompagner les membres (veille relative aux dispositifs et actualit\u00e9s du secteur, conseil\u2026) et en externe pour permettre une meilleure compr\u00e9hension du secteur (r\u00e9alisation d\u2019\u00e9tudes et d\u2019enqu\u00eates sur le secteur du jazz et des musiques improvis\u00e9es\u2026)<\/li>\n<li><strong>D\u00e9velopper des actions de transmission <\/strong>\u00e0 l\u2019attention des musicien\u00b7ne\u00b7s en voie de professionnalisation afin de favoriser leur insertion professionnelle et d\u2019encourager les liens entre les g\u00e9n\u00e9rations (ateliers, masterclass\u2026),<\/li>\n<li><strong>Constituer une instance de repr\u00e9sentation des artistes <\/strong>et \u00eatre force de proposition pour favoriser le d\u00e9veloppement de sch\u00e9mas vertueux pour la musique en grande formation et plus largement pour le jazz et les musiques improvis\u00e9es (contribution aux travaux du minist\u00e8re de la Culture, du Centre National de la Musique, des soci\u00e9t\u00e9s civiles, des collectivit\u00e9s territoriales, pr\u00e9sence sur les \u00e9v\u00e8nements et d\u00e9bats structurants du secteur musical en France et en Europe, partenariats et actions avec d\u2019autres r\u00e9seaux et syndicats de la musique\u2026)<\/li>\n<\/ul>\n<p>Le projet est port\u00e9 et mis en \u0153uvre par une \u00e9quipe de deux salari\u00e9\u00b7e\u00b7s permanent\u00b7e\u00b7s\u00a0: le\/la d\u00e9l\u00e9gu\u00e9\u00b7e g\u00e9n\u00e9rale et une charg\u00e9e de mission communication et ressources. Ceux-ci travaillent de fa\u00e7on autonome, en \u00e9troite relation et sous l\u2019autorit\u00e9 du Conseil d\u2019Administration compos\u00e9 de 15 chef\u00b7fe\u00b7s d\u2019orchestres et musicien\u00b7e\u00b7s de la f\u00e9d\u00e9ration et en interaction constante avec les membres.<\/p>\n<p>&nbsp;<\/p>\n<h5>MISSIONS<\/h5>\n<p><strong>\u00a0<\/strong><strong>Gestion administrative et ressources humaines de la f\u00e9d\u00e9ration<\/strong><\/p>\n<ul>\n<li><u>D\u00e9marches administratives li\u00e9es au fonctionnement de la structure\u00a0<\/u>: dossiers de demande de subventions, r\u00e9alisation et suivi du budget, suivi des comptes en lien avec le prestataire comptable de la structure, appels \u00e0 cotisations aupr\u00e8s des membres, contrats et paies des salari\u00e9\u00b7e\u00b7s permanent\u00b7e\u00b7s et intermittent\u00b7e\u00b7s<\/li>\n<li><u>Recherches de financements<\/u> (publics et priv\u00e9s)<\/li>\n<li><u>Encadrement et accompagnement des salari\u00e9\u00b7e\u00b7s<\/u> de la structure<\/li>\n<\/ul>\n<p>&nbsp;<\/p>\n<p><strong>Vie et d\u00e9veloppement de la f\u00e9d\u00e9ration<\/strong><\/p>\n<ul>\n<li><u>Organisation des Conseils d\u2019Administration et des Assembl\u00e9es G\u00e9n\u00e9rales <\/u><\/li>\n<li><u>Organisation et animation<\/u> des r\u00e9unions des groupes de travails internes r\u00e9unissant les membres volontaires (sept groupes de travail \u00e0 ce jour portant sur\u00a0la diffusion, les politiques culturelles, l\u2019Europe, la communication, les questions \u00e9galit\u00e9\/mixit\u00e9, l\u2019\u00e9cologie, la transmission).<\/li>\n<li><u>Animation et d\u00e9veloppement du r\u00e9seau fran\u00e7ais et europ\u00e9en<\/u> (mobilisation des membres, organisation des appels \u00e0 candidatures, organisation de rencontres\u2026)<\/li>\n<\/ul>\n<p><strong><br \/>\nLes actions et les partenariats pour favoriser la diffusion des grandes formations de jazz et de musiques improvis\u00e9es<\/strong><\/p>\n<ul>\n<li><u>Conception et production de l\u2019\u00e9v\u00e9nement annuel de la f\u00e9d\u00e9ration,<\/u> la Rentr\u00e9e Grands Formats. La Rentr\u00e9e Grands Formats est un temps fort \u00e0 l\u2019attention des professionnel\u00b7le\u00b7s et du grand public, elle se d\u00e9roule chaque ann\u00e9e \u00e0 l\u2019automne, d\u00e9bute par un temps fort de concerts et de rencontres professionnelles sur deux ou trois jours, en partenariat avec un lieu de diffusion ou un festival, et se poursuit par la valorisation des activit\u00e9s des membres sur environ un mois.<\/li>\n<li><u>Participation \u00e0 la mise en \u0153uvre de la manifestation New Deal,<\/u> manifestation co-organis\u00e9e par plusieurs f\u00e9d\u00e9rations et r\u00e9seaux \u00e0 la Philharmonie de Paris.<\/li>\n<li><u>Conception et organisation d\u2019autres temps forts et mise en place de partenariats,<\/u> en France et en Europe, afin de mieux faire conna\u00eetre la musique en grande formation (partenariats avec des lieux de diffusion\u2026).<\/li>\n<li><u>Participation \u00e0 l\u2019\u00e9laboration de la strat\u00e9gie de communication de la f\u00e9d\u00e9ration<\/u> aux c\u00f4t\u00e9s de la charg\u00e9e de mission communication et ressources, suivi et validation des outils r\u00e9alis\u00e9s (brochures, newsletters fran\u00e7aises et anglaises, vid\u00e9os, publications r\u00e9seaux sociaux et site internet, exposition photo\u2026).<\/li>\n<li><u>D\u00e9veloppement des actions men\u00e9es dans le cadre du r\u00e9seau europ\u00e9en<\/u> \u00ab\u00a0Think Big\u00a0!\u00a0\u00bb<\/li>\n<\/ul>\n<p><strong>\u00a0<\/strong><\/p>\n<p><strong>Engagement de la f\u00e9d\u00e9ration dans les chantiers relatifs aux politiques culturelles<\/strong><\/p>\n<ul>\n<li><u>Engager la f\u00e9d\u00e9ration dans les grands chantiers qui composent l\u2019actualit\u00e9 des politiques culturelles et \u00eatre \u00e0 l\u2019initiative de nouveaux d\u00e9bats\u00a0<\/u>: mobilisation des acteurs de la f\u00e9d\u00e9ration par la cr\u00e9ation de groupes de travail, animation de temps de r\u00e9flexion et de d\u00e9bats, participation aux r\u00e9unions de travail ext\u00e9rieures, r\u00e9alisation de contributions et de communiqu\u00e9s, rendez-vous\u2026 Pour cela le\/la d\u00e9l\u00e9gu\u00e9(e) g\u00e9n\u00e9ral(e) pourra \u00eatre en lien avec le Minist\u00e8re de la Culture, la DGCA, le Centre National de la Musique (CNM), les DRAC et les collectivit\u00e9s territoriales, des organismes tels que la SACEM, l\u2019ADAMI, la SPEDIDAM, l\u2019Institut Fran\u00e7ais ainsi que les f\u00e9d\u00e9rations et syndicats du secteur musical tels que la FEVIS, l\u2019AJC, FUTURS COMPOS\u00c9S, PROFEDIM, SMA, AFO, AROF, REMA, FEDELIMA, FAMDT, ZONE FRANCHE\u2026<\/li>\n<li><u>Repr\u00e9senter la f\u00e9d\u00e9ration sur les rendez-vous structurants <\/u>pour le secteur du jazz et des musiques improvis\u00e9es et de la musique, en France et en Europe (colloques, salons\u2026).<\/li>\n<\/ul>\n<p><strong>\u00a0<\/strong><\/p>\n<p><strong>Le d\u00e9veloppement du p\u00f4le d\u2019observation et de ressources <\/strong><\/p>\n<ul>\n<li><u>\u00c9changes avec les membres<\/u> en fonction des probl\u00e9matiques qu\u2019ils rencontrent, conseil et mise en lien avec d\u2019autres membres.<\/li>\n<li><u>R\u00e9alisation d\u2019une veille<\/u> relative aux actualit\u00e9s du secteur afin de concevoir les newsletters \u00e0 destination des membres, en lien avec la charg\u00e9e de mission communication et ressources qui recueille les ressources et se charge de la r\u00e9alisation des publications.<\/li>\n<li><u>Participation \u00e0 la conception des ateliers d\u2019information<\/u> \u00e0 destination des membres sur des sujets choisis en fonction de leurs besoins, en lien avec la charg\u00e9e de mission communication et ressources qui est en charge de leur conception et de leur mise en \u0153uvre (exemple\u00a0: la fiscalit\u00e9 des associations, les droits d\u2019auteurs, la production phonographique, les fonds europ\u00e9ens\u2026).<\/li>\n<li><u>Conception et mise en \u0153uvre d\u2019\u00e9tudes et d\u2019enqu\u00eates<\/u> r\u00e9guli\u00e8res afin de souligner les probl\u00e9matiques rencontr\u00e9es par les grands ensembles et les collectifs et plus largement les musicien\u00b7ne\u00b7s du jazz et des musiques improvis\u00e9es mais aussi mettre en lumi\u00e8re les grandes th\u00e9matiques sur lesquelles les artistes s\u2019engagent. R\u00e9alisation de publications autour de ces recherches, organisation de restitutions et de rendez-vous strat\u00e9giques afin de sensibiliser les acteurs du secteur (minist\u00e8re, CNM, soci\u00e9t\u00e9s civiles, programmateurs, syndicats\u2026).<\/li>\n<\/ul>\n<p>&nbsp;<\/p>\n<p><strong>Les actions de transmission<\/strong><\/p>\n<ul>\n<li><u>Poursuite et d\u00e9veloppement des partenariats nou\u00e9s avec les \u00e9tablissements d\u2019enseignement sup\u00e9rieur<\/u> et interventions aupr\u00e8s des \u00e9tudiant\u00b7e\u00b7s (CRR, P\u00f4les Sup, Orchestre des jeunes de l\u2019ONJ\u2026).<\/li>\n<li><u>D\u00e9veloppement d\u2019actions \u00e0 destination des jeunes musicien\u00b7ne\u00b7s en voie de professionnalisation<\/u> afin de faciliter leur insertion professionnelle (cr\u00e9ation de liens avec les musicien\u00b7ne\u00b7s professionnel\u00b7le\u00b7s de la f\u00e9d\u00e9ration, transmission de \u00ab\u00a0cl\u00e9s\u00a0\u00bb sur le secteur professionnel\u2026) et de les sensibiliser \u00e0 la pratique de la musique en grande formation.<\/li>\n<\/ul>\n<p>&nbsp;<\/p>\n<p><strong>Comp\u00e9tences recherch\u00e9es\u00a0: <\/strong><\/p>\n<ul>\n<li>Grande autonomie et force de proposition<\/li>\n<li>Dynamisme, enthousiasme et excellent relationnel<\/li>\n<li>Capacit\u00e9 \u00e0 travailler en \u00e9quipe et \u00e0 f\u00e9d\u00e9rer les \u00e9nergies<\/li>\n<li>Esprit d\u2019analyse<\/li>\n<li>Tr\u00e8s bonnes capacit\u00e9s r\u00e9dactionnelles, excellente orthographe et esprit de synth\u00e8se<\/li>\n<li>Connaissances solides du secteur culturel et fort int\u00e9r\u00eat pour la question des politiques culturelles<\/li>\n<li>Ma\u00eetrise des principales comp\u00e9tences relatives \u00e0 la production et \u00e0 l\u2019administration du spectacle vivant<\/li>\n<li>Bon niveau en anglais (oral et \u00e9crit)<\/li>\n<li>Une bonne connaissance du secteur musical et du secteur du jazz et des musiques improvis\u00e9es et une exp\u00e9rience \u00e0 un poste similaire constitueraient des atouts<\/li>\n<\/ul>\n<p><strong>\u00a0<\/strong><\/p>\n<h5>TYPE DE CONTRAT<\/h5>\n<p>CDI<\/p>\n<p>&nbsp;<\/p>\n<h5>HORAIRES HEBDOMADAIRES<\/h5>\n<p>Temps plein (35 heures \/ semaine)<\/p>\n<p>Horaires d\u00e9cal\u00e9s ponctuellement (concerts, soir\u00e9es professionnelles\u2026)<\/p>\n<p><strong>\u00a0<\/strong><\/p>\n<h5>DATE LIMITE DE CANDIDATURES, ENTRETIENS ET PRISE DE POSTE<\/h5>\n<p>Candidatures possibles jusqu\u2019au 27 octobre inclus.<\/p>\n<p>Les entretiens seront r\u00e9alis\u00e9s au cours de la semaine du 1<sup>er<\/sup> novembre ou du 8 novembre.<\/p>\n<p>Prise de poste\u00a0: d\u00e9but janvier 2022, p\u00e9riode de passation pr\u00e9vue avec la d\u00e9l\u00e9gu\u00e9e g\u00e9n\u00e9rale actuellement en poste.<\/p>\n<p><strong>\u00a0<\/strong><\/p>\n<h5>R\u00c9MUN\u00c9RATION<\/h5>\n<p>3000 euros brut mensuels<\/p>\n<p>Pass navigo (50 %) et tickets restaurants<\/p>\n<p><strong>\u00a0<\/strong><\/p>\n<h5>LIEU<\/h5>\n<p>Les bureaux de l\u2019association se trouvent actuellement \u00e0 Montreuil (93), \u00e0 10 min \u00e0 pied de la station Vincennes sur le RER A. Les bureaux pourront \u00eatre amen\u00e9s \u00e0 \u00eatre d\u00e9plac\u00e9s dans Paris et leur emplacement sera d\u00e9cid\u00e9 avec les salari\u00e9s de l\u2019\u00e9quipe.<\/p>\n<p>D\u00e9placements ponctuels mais r\u00e9guliers hors Ile-de-France et en Europe pour rendez-vous et \u00e9v\u00e8nements.<\/p>\n<p>&nbsp;<\/p>\n<h5>SITE WEB DE LA F\u00c9D\u00c9RATION<\/h5>\n<p><a href=\"http:\/\/www.grandsformats.com\">www.grandsformats.com<\/a><\/p>\n<p><strong>\u00a0<\/strong><\/p>\n<h5>CONTACTS ET MODALIT\u00c9S DE CANDIDATURE<\/h5>\n<p>Pour \u00e9changer sur le poste, n\u2019h\u00e9sitez pas \u00e0 contacter Aude Chandon\u00e9, d\u00e9l\u00e9gu\u00e9e g\u00e9n\u00e9rale au 06 12 99 47 65. Les candidatures (CV + lettre de motivation) sont \u00e0 envoyer par mail uniquement, \u00e0 l\u2019attention de Fr\u00e9d\u00e9ric Pallem, Pr\u00e9sident de Grands Formats \u00e0 l\u2019adresse suivante\u00a0: <a href=\"&#109;&#x61;&#105;&#x6c;&#116;&#x6f;:&#x63;o&#110;&#x74;&#97;&#x63;&#116;&#x40;g&#x72;a&#110;&#x64;&#115;&#x66;&#111;&#x72;&#109;&#x61;t&#x73;&#46;&#99;&#x6f;&#109;\">aude(at)grandsformats.com<\/a><\/p>\n","protected":false},"excerpt":{"rendered":"<p>Grands Formats recrute son\/sa d\u00e9l\u00e9gu\u00e9\u00b7e g\u00e9n\u00e9ral\u00b7e en CDI \u00e0 temps plein &nbsp; PR\u00c9SENTATION DE LA STRUCTURE Grands Formats est une f\u00e9d\u00e9ration d\u2019artistes cr\u00e9\u00e9e en 2003. Elle r\u00e9unit 107 grands ensembles et collectifs professionnels, en France et en Europe, comprenant chacun au moins 8 musicien\u00b7ne\u00b7s et repr\u00e9sentatifs de la grande diversit\u00e9 esth\u00e9tique du jazz et des&#8230;<\/p>\n<p><a rel=\"bookmark\" class=\"theme-button-text wvc-button wvc-button-size-xs\" href=\"https:\/\/www.grandsformats.com\/en\/2021\/10\/grands-formats-recrute-son-sa-delegue%c2%b7e-general%c2%b7e\/\"><small class=\"wvc-button-background-fill\"><\/small><span>Continue reading<\/span><\/a><\/p>\n","protected":false},"author":2,"featured_media":14715,"comment_status":"open","ping_status":"open","sticky":false,"template":"","format":"standard","meta":{"_acf_changed":false,"footnotes":""},"categories":[90],"tags":[],"class_list":["post-15980","post","type-post","status-publish","format-standard","has-post-thumbnail","hentry","category-grands-formats","entry-post-skin-light","entry","clearfix","entry-grid","entry-columns-default","entry-post-module-layout-sidebar-right","thumbnail-color-tone-dark","entry-post","entry-masonry","entry-post-masonry"],"acf":[],"yoast_head":"<!-- This site is optimized with the Yoast SEO plugin v25.8 - https:\/\/yoast.com\/wordpress\/plugins\/seo\/ -->\n<title>Grands Formats recrute son\/sa d\u00e9l\u00e9gu\u00e9\u00b7e g\u00e9n\u00e9ral\u00b7e - Site officiel de la f\u00e9d\u00e9ration Grands Formats<\/title>\n<meta name=\"robots\" content=\"index, follow, max-snippet:-1, max-image-preview:large, max-video-preview:-1\" \/>\n<link rel=\"canonical\" href=\"https:\/\/www.grandsformats.com\/2021\/10\/grands-formats-recrute-son-sa-delegue\u00b7e-general\u00b7e\/\" \/>\n<meta property=\"og:locale\" content=\"en_US\" \/>\n<meta property=\"og:type\" content=\"article\" \/>\n<meta property=\"og:title\" content=\"Grands Formats recrute son\/sa d\u00e9l\u00e9gu\u00e9\u00b7e g\u00e9n\u00e9ral\u00b7e - Site officiel de la f\u00e9d\u00e9ration Grands Formats\" \/>\n<meta property=\"og:description\" content=\"Grands Formats recrute son\/sa d\u00e9l\u00e9gu\u00e9\u00b7e g\u00e9n\u00e9ral\u00b7e en CDI \u00e0 temps plein &nbsp; PR\u00c9SENTATION DE LA STRUCTURE Grands Formats est une f\u00e9d\u00e9ration d\u2019artistes cr\u00e9\u00e9e en 2003. Elle r\u00e9unit 107 grands ensembles et collectifs professionnels, en France et en Europe, comprenant chacun au moins 8 musicien\u00b7ne\u00b7s et repr\u00e9sentatifs de la grande diversit\u00e9 esth\u00e9tique du jazz et des...Continue reading\" \/>\n<meta property=\"og:url\" content=\"https:\/\/www.grandsformats.com\/2021\/10\/grands-formats-recrute-son-sa-delegue\u00b7e-general\u00b7e\/\" \/>\n<meta property=\"og:site_name\" content=\"Site officiel de la f\u00e9d\u00e9ration Grands Formats\" \/>\n<meta property=\"article:publisher\" content=\"https:\/\/www.facebook.com\/grandsformats\/\" \/>\n<meta property=\"article:published_time\" content=\"2021-10-04T12:50:25+00:00\" \/>\n<meta property=\"article:modified_time\" content=\"2021-10-04T12:51:25+00:00\" \/>\n<meta property=\"og:image\" content=\"https:\/\/www.grandsformats.com\/wp-content\/uploads\/2021\/01\/recrutement-emploi.jpg\" \/>\n\t<meta property=\"og:image:width\" content=\"1920\" \/>\n\t<meta property=\"og:image:height\" content=\"1280\" \/>\n\t<meta property=\"og:image:type\" content=\"image\/jpeg\" \/>\n<meta name=\"author\" content=\"Grands Formats\" \/>\n<meta name=\"twitter:card\" content=\"summary_large_image\" \/>\n<meta name=\"twitter:creator\" content=\"@GrandsFormatsGF\" \/>\n<meta name=\"twitter:site\" content=\"@GrandsFormatsGF\" \/>\n<meta name=\"twitter:label1\" content=\"Written by\" \/>\n\t<meta name=\"twitter:data1\" content=\"Grands Formats\" \/>\n\t<meta name=\"twitter:label2\" content=\"Est. reading time\" \/>\n\t<meta name=\"twitter:data2\" content=\"6 minutes\" \/>\n<script type=\"application\/ld+json\" class=\"yoast-schema-graph\">{\"@context\":\"https:\/\/schema.org\",\"@graph\":[{\"@type\":\"Article\",\"@id\":\"https:\/\/www.grandsformats.com\/2021\/10\/grands-formats-recrute-son-sa-delegue%c2%b7e-general%c2%b7e\/#article\",\"isPartOf\":{\"@id\":\"https:\/\/www.grandsformats.com\/2021\/10\/grands-formats-recrute-son-sa-delegue%c2%b7e-general%c2%b7e\/\"},\"author\":{\"name\":\"Grands Formats\",\"@id\":\"https:\/\/www.grandsformats.com\/#\/schema\/person\/6ecde7e38a2254b5bc9d620679208ee1\"},\"headline\":\"Grands Formats recrute son\/sa d\u00e9l\u00e9gu\u00e9\u00b7e g\u00e9n\u00e9ral\u00b7e\",\"datePublished\":\"2021-10-04T12:50:25+00:00\",\"dateModified\":\"2021-10-04T12:51:25+00:00\",\"mainEntityOfPage\":{\"@id\":\"https:\/\/www.grandsformats.com\/2021\/10\/grands-formats-recrute-son-sa-delegue%c2%b7e-general%c2%b7e\/\"},\"wordCount\":1632,\"commentCount\":0,\"publisher\":{\"@id\":\"https:\/\/www.grandsformats.com\/#organization\"},\"image\":{\"@id\":\"https:\/\/www.grandsformats.com\/2021\/10\/grands-formats-recrute-son-sa-delegue%c2%b7e-general%c2%b7e\/#primaryimage\"},\"thumbnailUrl\":\"https:\/\/www.grandsformats.com\/wp-content\/uploads\/2021\/01\/recrutement-emploi.jpg\",\"articleSection\":[\"Actus de la f\u00e9d\u00e9\"],\"inLanguage\":\"en-US\",\"potentialAction\":[{\"@type\":\"CommentAction\",\"name\":\"Comment\",\"target\":[\"https:\/\/www.grandsformats.com\/2021\/10\/grands-formats-recrute-son-sa-delegue%c2%b7e-general%c2%b7e\/#respond\"]}]},{\"@type\":\"WebPage\",\"@id\":\"https:\/\/www.grandsformats.com\/2021\/10\/grands-formats-recrute-son-sa-delegue%c2%b7e-general%c2%b7e\/\",\"url\":\"https:\/\/www.grandsformats.com\/2021\/10\/grands-formats-recrute-son-sa-delegue%c2%b7e-general%c2%b7e\/\",\"name\":\"Grands Formats recrute son\/sa d\u00e9l\u00e9gu\u00e9\u00b7e g\u00e9n\u00e9ral\u00b7e - Site officiel de la f\u00e9d\u00e9ration Grands Formats\",\"isPartOf\":{\"@id\":\"https:\/\/www.grandsformats.com\/#website\"},\"primaryImageOfPage\":{\"@id\":\"https:\/\/www.grandsformats.com\/2021\/10\/grands-formats-recrute-son-sa-delegue%c2%b7e-general%c2%b7e\/#primaryimage\"},\"image\":{\"@id\":\"https:\/\/www.grandsformats.com\/2021\/10\/grands-formats-recrute-son-sa-delegue%c2%b7e-general%c2%b7e\/#primaryimage\"},\"thumbnailUrl\":\"https:\/\/www.grandsformats.com\/wp-content\/uploads\/2021\/01\/recrutement-emploi.jpg\",\"datePublished\":\"2021-10-04T12:50:25+00:00\",\"dateModified\":\"2021-10-04T12:51:25+00:00\",\"breadcrumb\":{\"@id\":\"https:\/\/www.grandsformats.com\/2021\/10\/grands-formats-recrute-son-sa-delegue%c2%b7e-general%c2%b7e\/#breadcrumb\"},\"inLanguage\":\"en-US\",\"potentialAction\":[{\"@type\":\"ReadAction\",\"target\":[\"https:\/\/www.grandsformats.com\/2021\/10\/grands-formats-recrute-son-sa-delegue%c2%b7e-general%c2%b7e\/\"]}]},{\"@type\":\"ImageObject\",\"inLanguage\":\"en-US\",\"@id\":\"https:\/\/www.grandsformats.com\/2021\/10\/grands-formats-recrute-son-sa-delegue%c2%b7e-general%c2%b7e\/#primaryimage\",\"url\":\"https:\/\/www.grandsformats.com\/wp-content\/uploads\/2021\/01\/recrutement-emploi.jpg\",\"contentUrl\":\"https:\/\/www.grandsformats.com\/wp-content\/uploads\/2021\/01\/recrutement-emploi.jpg\",\"width\":1920,\"height\":1280,\"caption\":\"travail au bureau\"},{\"@type\":\"BreadcrumbList\",\"@id\":\"https:\/\/www.grandsformats.com\/2021\/10\/grands-formats-recrute-son-sa-delegue%c2%b7e-general%c2%b7e\/#breadcrumb\",\"itemListElement\":[{\"@type\":\"ListItem\",\"position\":1,\"name\":\"Accueil\",\"item\":\"https:\/\/www.grandsformats.com\/en\/\"},{\"@type\":\"ListItem\",\"position\":2,\"name\":\"Grands Formats recrute son\/sa d\u00e9l\u00e9gu\u00e9\u00b7e g\u00e9n\u00e9ral\u00b7e\"}]},{\"@type\":\"WebSite\",\"@id\":\"https:\/\/www.grandsformats.com\/#website\",\"url\":\"https:\/\/www.grandsformats.com\/\",\"name\":\"Site officiel de la f\u00e9d\u00e9ration Grands Formats\",\"description\":\"F\u00e9d\u00e9ration d&#039;artistes pour la musique en grand !\",\"publisher\":{\"@id\":\"https:\/\/www.grandsformats.com\/#organization\"},\"potentialAction\":[{\"@type\":\"SearchAction\",\"target\":{\"@type\":\"EntryPoint\",\"urlTemplate\":\"https:\/\/www.grandsformats.com\/?s={search_term_string}\"},\"query-input\":{\"@type\":\"PropertyValueSpecification\",\"valueRequired\":true,\"valueName\":\"search_term_string\"}}],\"inLanguage\":\"en-US\"},{\"@type\":\"Organization\",\"@id\":\"https:\/\/www.grandsformats.com\/#organization\",\"name\":\"Grands Formats\",\"url\":\"https:\/\/www.grandsformats.com\/\",\"logo\":{\"@type\":\"ImageObject\",\"inLanguage\":\"en-US\",\"@id\":\"https:\/\/www.grandsformats.com\/#\/schema\/logo\/image\/\",\"url\":\"https:\/\/www.grandsformats.com\/wp-content\/uploads\/2020\/03\/logo-GF-200.png\",\"contentUrl\":\"https:\/\/www.grandsformats.com\/wp-content\/uploads\/2020\/03\/logo-GF-200.png\",\"width\":155,\"height\":200,\"caption\":\"Grands Formats\"},\"image\":{\"@id\":\"https:\/\/www.grandsformats.com\/#\/schema\/logo\/image\/\"},\"sameAs\":[\"https:\/\/www.facebook.com\/grandsformats\/\",\"https:\/\/x.com\/GrandsFormatsGF\",\"https:\/\/www.instagram.com\/grandsformats\/\",\"https:\/\/www.youtube.com\/channel\/UCJ7k9dbqc_DG-nxI3WMPvhw?view_as=subscriberhttps:\/\/www.youtube.com\/channel\/UCJ7k9dbqc_DG-nxI3WMPvhw?view_as=subscriber\"]},{\"@type\":\"Person\",\"@id\":\"https:\/\/www.grandsformats.com\/#\/schema\/person\/6ecde7e38a2254b5bc9d620679208ee1\",\"name\":\"Grands Formats\",\"image\":{\"@type\":\"ImageObject\",\"inLanguage\":\"en-US\",\"@id\":\"https:\/\/www.grandsformats.com\/#\/schema\/person\/image\/\",\"url\":\"https:\/\/secure.gravatar.com\/avatar\/5d06febf5ba4681bd17a251487132861b5339c2d72f789e59decf1c1b05d0078?s=96&d=mm&r=g\",\"contentUrl\":\"https:\/\/secure.gravatar.com\/avatar\/5d06febf5ba4681bd17a251487132861b5339c2d72f789e59decf1c1b05d0078?s=96&d=mm&r=g\",\"caption\":\"Grands Formats\"},\"url\":\"https:\/\/www.grandsformats.com\/en\/author\/margaux\/\"}]}<\/script>\n<!-- \/ Yoast SEO plugin. -->","yoast_head_json":{"title":"Grands Formats recrute son\/sa d\u00e9l\u00e9gu\u00e9\u00b7e g\u00e9n\u00e9ral\u00b7e - Site officiel de la f\u00e9d\u00e9ration Grands Formats","robots":{"index":"index","follow":"follow","max-snippet":"max-snippet:-1","max-image-preview":"max-image-preview:large","max-video-preview":"max-video-preview:-1"},"canonical":"https:\/\/www.grandsformats.com\/2021\/10\/grands-formats-recrute-son-sa-delegue\u00b7e-general\u00b7e\/","og_locale":"en_US","og_type":"article","og_title":"Grands Formats recrute son\/sa d\u00e9l\u00e9gu\u00e9\u00b7e g\u00e9n\u00e9ral\u00b7e - Site officiel de la f\u00e9d\u00e9ration Grands Formats","og_description":"Grands Formats recrute son\/sa d\u00e9l\u00e9gu\u00e9\u00b7e g\u00e9n\u00e9ral\u00b7e en CDI \u00e0 temps plein &nbsp; PR\u00c9SENTATION DE LA STRUCTURE Grands Formats est une f\u00e9d\u00e9ration d\u2019artistes cr\u00e9\u00e9e en 2003. Elle r\u00e9unit 107 grands ensembles et collectifs professionnels, en France et en Europe, comprenant chacun au moins 8 musicien\u00b7ne\u00b7s et repr\u00e9sentatifs de la grande diversit\u00e9 esth\u00e9tique du jazz et des...Continue reading","og_url":"https:\/\/www.grandsformats.com\/2021\/10\/grands-formats-recrute-son-sa-delegue\u00b7e-general\u00b7e\/","og_site_name":"Site officiel de la f\u00e9d\u00e9ration Grands Formats","article_publisher":"https:\/\/www.facebook.com\/grandsformats\/","article_published_time":"2021-10-04T12:50:25+00:00","article_modified_time":"2021-10-04T12:51:25+00:00","og_image":[{"width":1920,"height":1280,"url":"https:\/\/www.grandsformats.com\/wp-content\/uploads\/2021\/01\/recrutement-emploi.jpg","type":"image\/jpeg"}],"author":"Grands Formats","twitter_card":"summary_large_image","twitter_creator":"@GrandsFormatsGF","twitter_site":"@GrandsFormatsGF","twitter_misc":{"Written by":"Grands Formats","Est. reading time":"6 minutes"},"schema":{"@context":"https:\/\/schema.org","@graph":[{"@type":"Article","@id":"https:\/\/www.grandsformats.com\/2021\/10\/grands-formats-recrute-son-sa-delegue%c2%b7e-general%c2%b7e\/#article","isPartOf":{"@id":"https:\/\/www.grandsformats.com\/2021\/10\/grands-formats-recrute-son-sa-delegue%c2%b7e-general%c2%b7e\/"},"author":{"name":"Grands Formats","@id":"https:\/\/www.grandsformats.com\/#\/schema\/person\/6ecde7e38a2254b5bc9d620679208ee1"},"headline":"Grands Formats recrute son\/sa d\u00e9l\u00e9gu\u00e9\u00b7e g\u00e9n\u00e9ral\u00b7e","datePublished":"2021-10-04T12:50:25+00:00","dateModified":"2021-10-04T12:51:25+00:00","mainEntityOfPage":{"@id":"https:\/\/www.grandsformats.com\/2021\/10\/grands-formats-recrute-son-sa-delegue%c2%b7e-general%c2%b7e\/"},"wordCount":1632,"commentCount":0,"publisher":{"@id":"https:\/\/www.grandsformats.com\/#organization"},"image":{"@id":"https:\/\/www.grandsformats.com\/2021\/10\/grands-formats-recrute-son-sa-delegue%c2%b7e-general%c2%b7e\/#primaryimage"},"thumbnailUrl":"https:\/\/www.grandsformats.com\/wp-content\/uploads\/2021\/01\/recrutement-emploi.jpg","articleSection":["Actus de la f\u00e9d\u00e9"],"inLanguage":"en-US","potentialAction":[{"@type":"CommentAction","name":"Comment","target":["https:\/\/www.grandsformats.com\/2021\/10\/grands-formats-recrute-son-sa-delegue%c2%b7e-general%c2%b7e\/#respond"]}]},{"@type":"WebPage","@id":"https:\/\/www.grandsformats.com\/2021\/10\/grands-formats-recrute-son-sa-delegue%c2%b7e-general%c2%b7e\/","url":"https:\/\/www.grandsformats.com\/2021\/10\/grands-formats-recrute-son-sa-delegue%c2%b7e-general%c2%b7e\/","name":"Grands Formats recrute son\/sa d\u00e9l\u00e9gu\u00e9\u00b7e g\u00e9n\u00e9ral\u00b7e - Site officiel de la f\u00e9d\u00e9ration Grands Formats","isPartOf":{"@id":"https:\/\/www.grandsformats.com\/#website"},"primaryImageOfPage":{"@id":"https:\/\/www.grandsformats.com\/2021\/10\/grands-formats-recrute-son-sa-delegue%c2%b7e-general%c2%b7e\/#primaryimage"},"image":{"@id":"https:\/\/www.grandsformats.com\/2021\/10\/grands-formats-recrute-son-sa-delegue%c2%b7e-general%c2%b7e\/#primaryimage"},"thumbnailUrl":"https:\/\/www.grandsformats.com\/wp-content\/uploads\/2021\/01\/recrutement-emploi.jpg","datePublished":"2021-10-04T12:50:25+00:00","dateModified":"2021-10-04T12:51:25+00:00","breadcrumb":{"@id":"https:\/\/www.grandsformats.com\/2021\/10\/grands-formats-recrute-son-sa-delegue%c2%b7e-general%c2%b7e\/#breadcrumb"},"inLanguage":"en-US","potentialAction":[{"@type":"ReadAction","target":["https:\/\/www.grandsformats.com\/2021\/10\/grands-formats-recrute-son-sa-delegue%c2%b7e-general%c2%b7e\/"]}]},{"@type":"ImageObject","inLanguage":"en-US","@id":"https:\/\/www.grandsformats.com\/2021\/10\/grands-formats-recrute-son-sa-delegue%c2%b7e-general%c2%b7e\/#primaryimage","url":"https:\/\/www.grandsformats.com\/wp-content\/uploads\/2021\/01\/recrutement-emploi.jpg","contentUrl":"https:\/\/www.grandsformats.com\/wp-content\/uploads\/2021\/01\/recrutement-emploi.jpg","width":1920,"height":1280,"caption":"travail au bureau"},{"@type":"BreadcrumbList","@id":"https:\/\/www.grandsformats.com\/2021\/10\/grands-formats-recrute-son-sa-delegue%c2%b7e-general%c2%b7e\/#breadcrumb","itemListElement":[{"@type":"ListItem","position":1,"name":"Accueil","item":"https:\/\/www.grandsformats.com\/en\/"},{"@type":"ListItem","position":2,"name":"Grands Formats recrute son\/sa d\u00e9l\u00e9gu\u00e9\u00b7e g\u00e9n\u00e9ral\u00b7e"}]},{"@type":"WebSite","@id":"https:\/\/www.grandsformats.com\/#website","url":"https:\/\/www.grandsformats.com\/","name":"Site officiel de la f\u00e9d\u00e9ration Grands Formats","description":"F\u00e9d\u00e9ration d&#039;artistes pour la musique en grand !","publisher":{"@id":"https:\/\/www.grandsformats.com\/#organization"},"potentialAction":[{"@type":"SearchAction","target":{"@type":"EntryPoint","urlTemplate":"https:\/\/www.grandsformats.com\/?s={search_term_string}"},"query-input":{"@type":"PropertyValueSpecification","valueRequired":true,"valueName":"search_term_string"}}],"inLanguage":"en-US"},{"@type":"Organization","@id":"https:\/\/www.grandsformats.com\/#organization","name":"Grands Formats","url":"https:\/\/www.grandsformats.com\/","logo":{"@type":"ImageObject","inLanguage":"en-US","@id":"https:\/\/www.grandsformats.com\/#\/schema\/logo\/image\/","url":"https:\/\/www.grandsformats.com\/wp-content\/uploads\/2020\/03\/logo-GF-200.png","contentUrl":"https:\/\/www.grandsformats.com\/wp-content\/uploads\/2020\/03\/logo-GF-200.png","width":155,"height":200,"caption":"Grands Formats"},"image":{"@id":"https:\/\/www.grandsformats.com\/#\/schema\/logo\/image\/"},"sameAs":["https:\/\/www.facebook.com\/grandsformats\/","https:\/\/x.com\/GrandsFormatsGF","https:\/\/www.instagram.com\/grandsformats\/","https:\/\/www.youtube.com\/channel\/UCJ7k9dbqc_DG-nxI3WMPvhw?view_as=subscriberhttps:\/\/www.youtube.com\/channel\/UCJ7k9dbqc_DG-nxI3WMPvhw?view_as=subscriber"]},{"@type":"Person","@id":"https:\/\/www.grandsformats.com\/#\/schema\/person\/6ecde7e38a2254b5bc9d620679208ee1","name":"Grands Formats","image":{"@type":"ImageObject","inLanguage":"en-US","@id":"https:\/\/www.grandsformats.com\/#\/schema\/person\/image\/","url":"https:\/\/secure.gravatar.com\/avatar\/5d06febf5ba4681bd17a251487132861b5339c2d72f789e59decf1c1b05d0078?s=96&d=mm&r=g","contentUrl":"https:\/\/secure.gravatar.com\/avatar\/5d06febf5ba4681bd17a251487132861b5339c2d72f789e59decf1c1b05d0078?s=96&d=mm&r=g","caption":"Grands Formats"},"url":"https:\/\/www.grandsformats.com\/en\/author\/margaux\/"}]}},"_links":{"self":[{"href":"https:\/\/www.grandsformats.com\/en\/wp-json\/wp\/v2\/posts\/15980","targetHints":{"allow":["GET"]}}],"collection":[{"href":"https:\/\/www.grandsformats.com\/en\/wp-json\/wp\/v2\/posts"}],"about":[{"href":"https:\/\/www.grandsformats.com\/en\/wp-json\/wp\/v2\/types\/post"}],"author":[{"embeddable":true,"href":"https:\/\/www.grandsformats.com\/en\/wp-json\/wp\/v2\/users\/2"}],"replies":[{"embeddable":true,"href":"https:\/\/www.grandsformats.com\/en\/wp-json\/wp\/v2\/comments?post=15980"}],"version-history":[{"count":0,"href":"https:\/\/www.grandsformats.com\/en\/wp-json\/wp\/v2\/posts\/15980\/revisions"}],"wp:featuredmedia":[{"embeddable":true,"href":"https:\/\/www.grandsformats.com\/en\/wp-json\/wp\/v2\/media\/14715"}],"wp:attachment":[{"href":"https:\/\/www.grandsformats.com\/en\/wp-json\/wp\/v2\/media?parent=15980"}],"wp:term":[{"taxonomy":"category","embeddable":true,"href":"https:\/\/www.grandsformats.com\/en\/wp-json\/wp\/v2\/categories?post=15980"},{"taxonomy":"post_tag","embeddable":true,"href":"https:\/\/www.grandsformats.com\/en\/wp-json\/wp\/v2\/tags?post=15980"}],"curies":[{"name":"wp","href":"https:\/\/api.w.org\/{rel}","templated":true}]}}