{"id":15908,"date":"2021-09-29T17:14:48","date_gmt":"2021-09-29T15:14:48","guid":{"rendered":"https:\/\/www.grandsformats.com\/?p=15908"},"modified":"2021-09-29T17:14:48","modified_gmt":"2021-09-29T15:14:48","slug":"natah-big-band-en-concert-le-16-octobre-a-quimper","status":"publish","type":"post","link":"https:\/\/www.grandsformats.com\/en\/2021\/09\/natah-big-band-en-concert-le-16-octobre-a-quimper\/","title":{"rendered":"N\u00e2tah Big Band en concert le 16 octobre \u00e0 Quimper"},"content":{"rendered":"<h4>N\u00e2tah Big Band en concert au th\u00e9\u00e2tre de Cornouaille \u00e0 Quimper le 16 octobre 2021<\/h4>\n<p>Sans hi\u00e9rarchie et avec l\u2019\u00e9nergie folle de la jeunesse, <a href=\"https:\/\/www.grandsformats.com\/artist\/natah-big-band\/\">N\u00e2tah Big Band<\/a> compose, en accord avec son temps, une musique au phras\u00e9 traditionnel et aux grooves imparables, riche d\u2019arrangements cuivr\u00e9s aux couleurs foisonnantes. Apr\u00e8s le premier album <em>Cam\u00e9l\u00e9on<\/em>\u00a0sorti en 2018 (grand prix du disque Produit en Bretagne), et une s\u00e9rie de concerts remarquables aux Trans Musicales, aux Vieilles Charrues ou \u00e0 l\u2019Interceltique de Lorient, le groupe poursuit sur sa lanc\u00e9e avec un nouvel opus,\u00a0<em>Drioma<\/em>, sorti au printemps 2020. Ce nouveau r\u00e9pertoire prolonge l\u2019exploration d\u2019un tissage musical revigorant. N\u00e2tah Big Band rel\u00e8ve le d\u00e9fi d\u2019une tradition sans cesse renouvel\u00e9e, ouverte sur le monde.<\/p>\n<p>Retrouvez-les sur sc\u00e8ne le 16 octobre prochain au Th\u00e9\u00e2tre de Cornouaille \u00e0 Quimper !<\/p>\n<p><a href=\"http:\/\/www.theatre-cornouaille.fr\/component\/flexicontent\/item\/1378-so-breizh-1378?Itemid=213\">Infos et r\u00e9servation<\/a><\/p>\n<p><iframe loading=\"lazy\" title=\"N\u00e2tah Big Band - Kholauss\" width=\"1140\" height=\"641\" src=\"https:\/\/www.youtube.com\/embed\/cUOp0tE_tRQ?feature=oembed\" frameborder=\"0\" allow=\"accelerometer; autoplay; clipboard-write; encrypted-media; gyroscope; picture-in-picture\" allowfullscreen><\/iframe><\/p>\n<p>Natah Big Band \u00a9 Eric Legret<\/p>\n","protected":false},"excerpt":{"rendered":"<p>N\u00e2tah Big Band en concert au th\u00e9\u00e2tre de Cornouaille \u00e0 Quimper le 16 octobre 2021 Sans hi\u00e9rarchie et avec l\u2019\u00e9nergie folle de la jeunesse, N\u00e2tah Big Band compose, en accord avec son temps, une musique au phras\u00e9 traditionnel et aux grooves imparables, riche d\u2019arrangements cuivr\u00e9s aux couleurs foisonnantes. Apr\u00e8s le premier album Cam\u00e9l\u00e9on\u00a0sorti en 2018&#8230;<\/p>\n<p><a rel=\"bookmark\" class=\"theme-button-text wvc-button wvc-button-size-xs\" href=\"https:\/\/www.grandsformats.com\/en\/2021\/09\/natah-big-band-en-concert-le-16-octobre-a-quimper\/\"><small class=\"wvc-button-background-fill\"><\/small><span>Continue reading<\/span><\/a><\/p>\n","protected":false},"author":2,"featured_media":15909,"comment_status":"open","ping_status":"open","sticky":false,"template":"","format":"standard","meta":{"_acf_changed":false,"footnotes":""},"categories":[95,726],"tags":[],"class_list":["post-15908","post","type-post","status-publish","format-standard","has-post-thumbnail","hentry","category-membres","category-natah-big-band","entry-post-skin-light","entry","clearfix","entry-grid","entry-columns-default","entry-post-module-layout-sidebar-right","thumbnail-color-tone-dark","metro-landscape","is-youtube","entry-post","entry-masonry","entry-post-masonry"],"acf":[],"yoast_head":"<!-- This site is optimized with the Yoast SEO plugin v25.8 - https:\/\/yoast.com\/wordpress\/plugins\/seo\/ -->\n<title>N\u00e2tah Big Band en concert le 16 octobre \u00e0 Quimper - Site officiel de la f\u00e9d\u00e9ration Grands Formats<\/title>\n<meta name=\"robots\" content=\"index, follow, max-snippet:-1, max-image-preview:large, max-video-preview:-1\" \/>\n<link rel=\"canonical\" href=\"https:\/\/www.grandsformats.com\/2021\/09\/natah-big-band-en-concert-le-16-octobre-a-quimper\/\" \/>\n<meta property=\"og:locale\" content=\"en_US\" \/>\n<meta property=\"og:type\" content=\"article\" \/>\n<meta property=\"og:title\" content=\"N\u00e2tah Big Band en concert le 16 octobre \u00e0 Quimper - Site officiel de la f\u00e9d\u00e9ration Grands Formats\" \/>\n<meta property=\"og:description\" content=\"N\u00e2tah Big Band en concert au th\u00e9\u00e2tre de Cornouaille \u00e0 Quimper le 16 octobre 2021 Sans hi\u00e9rarchie et avec l\u2019\u00e9nergie folle de la jeunesse, N\u00e2tah Big Band compose, en accord avec son temps, une musique au phras\u00e9 traditionnel et aux grooves imparables, riche d\u2019arrangements cuivr\u00e9s aux couleurs foisonnantes. Apr\u00e8s le premier album Cam\u00e9l\u00e9on\u00a0sorti en 2018...Continue reading\" \/>\n<meta property=\"og:url\" content=\"https:\/\/www.grandsformats.com\/2021\/09\/natah-big-band-en-concert-le-16-octobre-a-quimper\/\" \/>\n<meta property=\"og:site_name\" content=\"Site officiel de la f\u00e9d\u00e9ration Grands Formats\" \/>\n<meta property=\"article:publisher\" content=\"https:\/\/www.facebook.com\/grandsformats\/\" \/>\n<meta property=\"article:published_time\" content=\"2021-09-29T15:14:48+00:00\" \/>\n<meta property=\"og:image\" content=\"https:\/\/www.grandsformats.com\/wp-content\/uploads\/2021\/09\/HDpresse_Natah_8039-\u00a9-Eric-Legret.jpg\" \/>\n\t<meta property=\"og:image:width\" content=\"1920\" \/>\n\t<meta property=\"og:image:height\" content=\"1080\" \/>\n\t<meta property=\"og:image:type\" content=\"image\/jpeg\" \/>\n<meta name=\"author\" content=\"Grands Formats\" \/>\n<meta name=\"twitter:card\" content=\"summary_large_image\" \/>\n<meta name=\"twitter:creator\" content=\"@GrandsFormatsGF\" \/>\n<meta name=\"twitter:site\" content=\"@GrandsFormatsGF\" \/>\n<meta name=\"twitter:label1\" content=\"Written by\" \/>\n\t<meta name=\"twitter:data1\" content=\"Grands Formats\" \/>\n\t<meta name=\"twitter:label2\" content=\"Est. reading time\" \/>\n\t<meta name=\"twitter:data2\" content=\"1 minute\" \/>\n<script type=\"application\/ld+json\" class=\"yoast-schema-graph\">{\"@context\":\"https:\/\/schema.org\",\"@graph\":[{\"@type\":\"Article\",\"@id\":\"https:\/\/www.grandsformats.com\/2021\/09\/natah-big-band-en-concert-le-16-octobre-a-quimper\/#article\",\"isPartOf\":{\"@id\":\"https:\/\/www.grandsformats.com\/2021\/09\/natah-big-band-en-concert-le-16-octobre-a-quimper\/\"},\"author\":{\"name\":\"Grands Formats\",\"@id\":\"https:\/\/www.grandsformats.com\/#\/schema\/person\/6ecde7e38a2254b5bc9d620679208ee1\"},\"headline\":\"N\u00e2tah Big Band en concert le 16 octobre \u00e0 Quimper\",\"datePublished\":\"2021-09-29T15:14:48+00:00\",\"mainEntityOfPage\":{\"@id\":\"https:\/\/www.grandsformats.com\/2021\/09\/natah-big-band-en-concert-le-16-octobre-a-quimper\/\"},\"wordCount\":174,\"commentCount\":0,\"publisher\":{\"@id\":\"https:\/\/www.grandsformats.com\/#organization\"},\"image\":{\"@id\":\"https:\/\/www.grandsformats.com\/2021\/09\/natah-big-band-en-concert-le-16-octobre-a-quimper\/#primaryimage\"},\"thumbnailUrl\":\"https:\/\/www.grandsformats.com\/wp-content\/uploads\/2021\/09\/HDpresse_Natah_8039-\u00a9-Eric-Legret.jpg\",\"articleSection\":[\"Actus des membres\",\"Natah Big Band\"],\"inLanguage\":\"en-US\",\"potentialAction\":[{\"@type\":\"CommentAction\",\"name\":\"Comment\",\"target\":[\"https:\/\/www.grandsformats.com\/2021\/09\/natah-big-band-en-concert-le-16-octobre-a-quimper\/#respond\"]}]},{\"@type\":\"WebPage\",\"@id\":\"https:\/\/www.grandsformats.com\/2021\/09\/natah-big-band-en-concert-le-16-octobre-a-quimper\/\",\"url\":\"https:\/\/www.grandsformats.com\/2021\/09\/natah-big-band-en-concert-le-16-octobre-a-quimper\/\",\"name\":\"N\u00e2tah Big Band en concert le 16 octobre \u00e0 Quimper - Site officiel de la f\u00e9d\u00e9ration Grands Formats\",\"isPartOf\":{\"@id\":\"https:\/\/www.grandsformats.com\/#website\"},\"primaryImageOfPage\":{\"@id\":\"https:\/\/www.grandsformats.com\/2021\/09\/natah-big-band-en-concert-le-16-octobre-a-quimper\/#primaryimage\"},\"image\":{\"@id\":\"https:\/\/www.grandsformats.com\/2021\/09\/natah-big-band-en-concert-le-16-octobre-a-quimper\/#primaryimage\"},\"thumbnailUrl\":\"https:\/\/www.grandsformats.com\/wp-content\/uploads\/2021\/09\/HDpresse_Natah_8039-\u00a9-Eric-Legret.jpg\",\"datePublished\":\"2021-09-29T15:14:48+00:00\",\"breadcrumb\":{\"@id\":\"https:\/\/www.grandsformats.com\/2021\/09\/natah-big-band-en-concert-le-16-octobre-a-quimper\/#breadcrumb\"},\"inLanguage\":\"en-US\",\"potentialAction\":[{\"@type\":\"ReadAction\",\"target\":[\"https:\/\/www.grandsformats.com\/2021\/09\/natah-big-band-en-concert-le-16-octobre-a-quimper\/\"]}]},{\"@type\":\"ImageObject\",\"inLanguage\":\"en-US\",\"@id\":\"https:\/\/www.grandsformats.com\/2021\/09\/natah-big-band-en-concert-le-16-octobre-a-quimper\/#primaryimage\",\"url\":\"https:\/\/www.grandsformats.com\/wp-content\/uploads\/2021\/09\/HDpresse_Natah_8039-\u00a9-Eric-Legret.jpg\",\"contentUrl\":\"https:\/\/www.grandsformats.com\/wp-content\/uploads\/2021\/09\/HDpresse_Natah_8039-\u00a9-Eric-Legret.jpg\",\"width\":1920,\"height\":1080,\"caption\":\"Natah Big Band \u00a9 Eric Legret\"},{\"@type\":\"BreadcrumbList\",\"@id\":\"https:\/\/www.grandsformats.com\/2021\/09\/natah-big-band-en-concert-le-16-octobre-a-quimper\/#breadcrumb\",\"itemListElement\":[{\"@type\":\"ListItem\",\"position\":1,\"name\":\"Accueil\",\"item\":\"https:\/\/www.grandsformats.com\/en\/\"},{\"@type\":\"ListItem\",\"position\":2,\"name\":\"N\u00e2tah Big Band en concert le 16 octobre \u00e0 Quimper\"}]},{\"@type\":\"WebSite\",\"@id\":\"https:\/\/www.grandsformats.com\/#website\",\"url\":\"https:\/\/www.grandsformats.com\/\",\"name\":\"Site officiel de la f\u00e9d\u00e9ration Grands Formats\",\"description\":\"F\u00e9d\u00e9ration d&#039;artistes pour la musique en grand !\",\"publisher\":{\"@id\":\"https:\/\/www.grandsformats.com\/#organization\"},\"potentialAction\":[{\"@type\":\"SearchAction\",\"target\":{\"@type\":\"EntryPoint\",\"urlTemplate\":\"https:\/\/www.grandsformats.com\/?s={search_term_string}\"},\"query-input\":{\"@type\":\"PropertyValueSpecification\",\"valueRequired\":true,\"valueName\":\"search_term_string\"}}],\"inLanguage\":\"en-US\"},{\"@type\":\"Organization\",\"@id\":\"https:\/\/www.grandsformats.com\/#organization\",\"name\":\"Grands Formats\",\"url\":\"https:\/\/www.grandsformats.com\/\",\"logo\":{\"@type\":\"ImageObject\",\"inLanguage\":\"en-US\",\"@id\":\"https:\/\/www.grandsformats.com\/#\/schema\/logo\/image\/\",\"url\":\"https:\/\/www.grandsformats.com\/wp-content\/uploads\/2020\/03\/logo-GF-200.png\",\"contentUrl\":\"https:\/\/www.grandsformats.com\/wp-content\/uploads\/2020\/03\/logo-GF-200.png\",\"width\":155,\"height\":200,\"caption\":\"Grands Formats\"},\"image\":{\"@id\":\"https:\/\/www.grandsformats.com\/#\/schema\/logo\/image\/\"},\"sameAs\":[\"https:\/\/www.facebook.com\/grandsformats\/\",\"https:\/\/x.com\/GrandsFormatsGF\",\"https:\/\/www.instagram.com\/grandsformats\/\",\"https:\/\/www.youtube.com\/channel\/UCJ7k9dbqc_DG-nxI3WMPvhw?view_as=subscriberhttps:\/\/www.youtube.com\/channel\/UCJ7k9dbqc_DG-nxI3WMPvhw?view_as=subscriber\"]},{\"@type\":\"Person\",\"@id\":\"https:\/\/www.grandsformats.com\/#\/schema\/person\/6ecde7e38a2254b5bc9d620679208ee1\",\"name\":\"Grands Formats\",\"image\":{\"@type\":\"ImageObject\",\"inLanguage\":\"en-US\",\"@id\":\"https:\/\/www.grandsformats.com\/#\/schema\/person\/image\/\",\"url\":\"https:\/\/secure.gravatar.com\/avatar\/5d06febf5ba4681bd17a251487132861b5339c2d72f789e59decf1c1b05d0078?s=96&d=mm&r=g\",\"contentUrl\":\"https:\/\/secure.gravatar.com\/avatar\/5d06febf5ba4681bd17a251487132861b5339c2d72f789e59decf1c1b05d0078?s=96&d=mm&r=g\",\"caption\":\"Grands Formats\"},\"url\":\"https:\/\/www.grandsformats.com\/en\/author\/margaux\/\"}]}<\/script>\n<!-- \/ Yoast SEO plugin. -->","yoast_head_json":{"title":"N\u00e2tah Big Band en concert le 16 octobre \u00e0 Quimper - Site officiel de la f\u00e9d\u00e9ration Grands Formats","robots":{"index":"index","follow":"follow","max-snippet":"max-snippet:-1","max-image-preview":"max-image-preview:large","max-video-preview":"max-video-preview:-1"},"canonical":"https:\/\/www.grandsformats.com\/2021\/09\/natah-big-band-en-concert-le-16-octobre-a-quimper\/","og_locale":"en_US","og_type":"article","og_title":"N\u00e2tah Big Band en concert le 16 octobre \u00e0 Quimper - Site officiel de la f\u00e9d\u00e9ration Grands Formats","og_description":"N\u00e2tah Big Band en concert au th\u00e9\u00e2tre de Cornouaille \u00e0 Quimper le 16 octobre 2021 Sans hi\u00e9rarchie et avec l\u2019\u00e9nergie folle de la jeunesse, N\u00e2tah Big Band compose, en accord avec son temps, une musique au phras\u00e9 traditionnel et aux grooves imparables, riche d\u2019arrangements cuivr\u00e9s aux couleurs foisonnantes. Apr\u00e8s le premier album Cam\u00e9l\u00e9on\u00a0sorti en 2018...Continue reading","og_url":"https:\/\/www.grandsformats.com\/2021\/09\/natah-big-band-en-concert-le-16-octobre-a-quimper\/","og_site_name":"Site officiel de la f\u00e9d\u00e9ration Grands Formats","article_publisher":"https:\/\/www.facebook.com\/grandsformats\/","article_published_time":"2021-09-29T15:14:48+00:00","og_image":[{"width":1920,"height":1080,"url":"https:\/\/www.grandsformats.com\/wp-content\/uploads\/2021\/09\/HDpresse_Natah_8039-\u00a9-Eric-Legret.jpg","type":"image\/jpeg"}],"author":"Grands Formats","twitter_card":"summary_large_image","twitter_creator":"@GrandsFormatsGF","twitter_site":"@GrandsFormatsGF","twitter_misc":{"Written by":"Grands Formats","Est. reading time":"1 minute"},"schema":{"@context":"https:\/\/schema.org","@graph":[{"@type":"Article","@id":"https:\/\/www.grandsformats.com\/2021\/09\/natah-big-band-en-concert-le-16-octobre-a-quimper\/#article","isPartOf":{"@id":"https:\/\/www.grandsformats.com\/2021\/09\/natah-big-band-en-concert-le-16-octobre-a-quimper\/"},"author":{"name":"Grands Formats","@id":"https:\/\/www.grandsformats.com\/#\/schema\/person\/6ecde7e38a2254b5bc9d620679208ee1"},"headline":"N\u00e2tah Big Band en concert le 16 octobre \u00e0 Quimper","datePublished":"2021-09-29T15:14:48+00:00","mainEntityOfPage":{"@id":"https:\/\/www.grandsformats.com\/2021\/09\/natah-big-band-en-concert-le-16-octobre-a-quimper\/"},"wordCount":174,"commentCount":0,"publisher":{"@id":"https:\/\/www.grandsformats.com\/#organization"},"image":{"@id":"https:\/\/www.grandsformats.com\/2021\/09\/natah-big-band-en-concert-le-16-octobre-a-quimper\/#primaryimage"},"thumbnailUrl":"https:\/\/www.grandsformats.com\/wp-content\/uploads\/2021\/09\/HDpresse_Natah_8039-\u00a9-Eric-Legret.jpg","articleSection":["Actus des membres","Natah Big Band"],"inLanguage":"en-US","potentialAction":[{"@type":"CommentAction","name":"Comment","target":["https:\/\/www.grandsformats.com\/2021\/09\/natah-big-band-en-concert-le-16-octobre-a-quimper\/#respond"]}]},{"@type":"WebPage","@id":"https:\/\/www.grandsformats.com\/2021\/09\/natah-big-band-en-concert-le-16-octobre-a-quimper\/","url":"https:\/\/www.grandsformats.com\/2021\/09\/natah-big-band-en-concert-le-16-octobre-a-quimper\/","name":"N\u00e2tah Big Band en concert le 16 octobre \u00e0 Quimper - Site officiel de la f\u00e9d\u00e9ration Grands Formats","isPartOf":{"@id":"https:\/\/www.grandsformats.com\/#website"},"primaryImageOfPage":{"@id":"https:\/\/www.grandsformats.com\/2021\/09\/natah-big-band-en-concert-le-16-octobre-a-quimper\/#primaryimage"},"image":{"@id":"https:\/\/www.grandsformats.com\/2021\/09\/natah-big-band-en-concert-le-16-octobre-a-quimper\/#primaryimage"},"thumbnailUrl":"https:\/\/www.grandsformats.com\/wp-content\/uploads\/2021\/09\/HDpresse_Natah_8039-\u00a9-Eric-Legret.jpg","datePublished":"2021-09-29T15:14:48+00:00","breadcrumb":{"@id":"https:\/\/www.grandsformats.com\/2021\/09\/natah-big-band-en-concert-le-16-octobre-a-quimper\/#breadcrumb"},"inLanguage":"en-US","potentialAction":[{"@type":"ReadAction","target":["https:\/\/www.grandsformats.com\/2021\/09\/natah-big-band-en-concert-le-16-octobre-a-quimper\/"]}]},{"@type":"ImageObject","inLanguage":"en-US","@id":"https:\/\/www.grandsformats.com\/2021\/09\/natah-big-band-en-concert-le-16-octobre-a-quimper\/#primaryimage","url":"https:\/\/www.grandsformats.com\/wp-content\/uploads\/2021\/09\/HDpresse_Natah_8039-\u00a9-Eric-Legret.jpg","contentUrl":"https:\/\/www.grandsformats.com\/wp-content\/uploads\/2021\/09\/HDpresse_Natah_8039-\u00a9-Eric-Legret.jpg","width":1920,"height":1080,"caption":"Natah Big Band \u00a9 Eric Legret"},{"@type":"BreadcrumbList","@id":"https:\/\/www.grandsformats.com\/2021\/09\/natah-big-band-en-concert-le-16-octobre-a-quimper\/#breadcrumb","itemListElement":[{"@type":"ListItem","position":1,"name":"Accueil","item":"https:\/\/www.grandsformats.com\/en\/"},{"@type":"ListItem","position":2,"name":"N\u00e2tah Big Band en concert le 16 octobre \u00e0 Quimper"}]},{"@type":"WebSite","@id":"https:\/\/www.grandsformats.com\/#website","url":"https:\/\/www.grandsformats.com\/","name":"Site officiel de la f\u00e9d\u00e9ration Grands Formats","description":"F\u00e9d\u00e9ration d&#039;artistes pour la musique en grand !","publisher":{"@id":"https:\/\/www.grandsformats.com\/#organization"},"potentialAction":[{"@type":"SearchAction","target":{"@type":"EntryPoint","urlTemplate":"https:\/\/www.grandsformats.com\/?s={search_term_string}"},"query-input":{"@type":"PropertyValueSpecification","valueRequired":true,"valueName":"search_term_string"}}],"inLanguage":"en-US"},{"@type":"Organization","@id":"https:\/\/www.grandsformats.com\/#organization","name":"Grands Formats","url":"https:\/\/www.grandsformats.com\/","logo":{"@type":"ImageObject","inLanguage":"en-US","@id":"https:\/\/www.grandsformats.com\/#\/schema\/logo\/image\/","url":"https:\/\/www.grandsformats.com\/wp-content\/uploads\/2020\/03\/logo-GF-200.png","contentUrl":"https:\/\/www.grandsformats.com\/wp-content\/uploads\/2020\/03\/logo-GF-200.png","width":155,"height":200,"caption":"Grands Formats"},"image":{"@id":"https:\/\/www.grandsformats.com\/#\/schema\/logo\/image\/"},"sameAs":["https:\/\/www.facebook.com\/grandsformats\/","https:\/\/x.com\/GrandsFormatsGF","https:\/\/www.instagram.com\/grandsformats\/","https:\/\/www.youtube.com\/channel\/UCJ7k9dbqc_DG-nxI3WMPvhw?view_as=subscriberhttps:\/\/www.youtube.com\/channel\/UCJ7k9dbqc_DG-nxI3WMPvhw?view_as=subscriber"]},{"@type":"Person","@id":"https:\/\/www.grandsformats.com\/#\/schema\/person\/6ecde7e38a2254b5bc9d620679208ee1","name":"Grands Formats","image":{"@type":"ImageObject","inLanguage":"en-US","@id":"https:\/\/www.grandsformats.com\/#\/schema\/person\/image\/","url":"https:\/\/secure.gravatar.com\/avatar\/5d06febf5ba4681bd17a251487132861b5339c2d72f789e59decf1c1b05d0078?s=96&d=mm&r=g","contentUrl":"https:\/\/secure.gravatar.com\/avatar\/5d06febf5ba4681bd17a251487132861b5339c2d72f789e59decf1c1b05d0078?s=96&d=mm&r=g","caption":"Grands Formats"},"url":"https:\/\/www.grandsformats.com\/en\/author\/margaux\/"}]}},"_links":{"self":[{"href":"https:\/\/www.grandsformats.com\/en\/wp-json\/wp\/v2\/posts\/15908","targetHints":{"allow":["GET"]}}],"collection":[{"href":"https:\/\/www.grandsformats.com\/en\/wp-json\/wp\/v2\/posts"}],"about":[{"href":"https:\/\/www.grandsformats.com\/en\/wp-json\/wp\/v2\/types\/post"}],"author":[{"embeddable":true,"href":"https:\/\/www.grandsformats.com\/en\/wp-json\/wp\/v2\/users\/2"}],"replies":[{"embeddable":true,"href":"https:\/\/www.grandsformats.com\/en\/wp-json\/wp\/v2\/comments?post=15908"}],"version-history":[{"count":0,"href":"https:\/\/www.grandsformats.com\/en\/wp-json\/wp\/v2\/posts\/15908\/revisions"}],"wp:featuredmedia":[{"embeddable":true,"href":"https:\/\/www.grandsformats.com\/en\/wp-json\/wp\/v2\/media\/15909"}],"wp:attachment":[{"href":"https:\/\/www.grandsformats.com\/en\/wp-json\/wp\/v2\/media?parent=15908"}],"wp:term":[{"taxonomy":"category","embeddable":true,"href":"https:\/\/www.grandsformats.com\/en\/wp-json\/wp\/v2\/categories?post=15908"},{"taxonomy":"post_tag","embeddable":true,"href":"https:\/\/www.grandsformats.com\/en\/wp-json\/wp\/v2\/tags?post=15908"}],"curies":[{"name":"wp","href":"https:\/\/api.w.org\/{rel}","templated":true}]}}