{"id":15841,"date":"2021-09-07T15:39:43","date_gmt":"2021-09-07T13:39:43","guid":{"rendered":"https:\/\/www.grandsformats.com\/?p=15841"},"modified":"2021-09-07T15:39:43","modified_gmt":"2021-09-07T13:39:43","slug":"kami-octet-en-residence-a-la-rentree","status":"publish","type":"post","link":"https:\/\/www.grandsformats.com\/en\/2021\/09\/kami-octet-en-residence-a-la-rentree\/","title":{"rendered":"Kami Octet en r\u00e9sidence \u00e0 la rentr\u00e9e"},"content":{"rendered":"<p>Le grand ensemble <a href=\"https:\/\/www.grandsformats.com\/artist\/kami-octet\/\">Kami Octet<\/a> sera en r\u00e9sidence fin septembre et d\u00e9but octobre pour travailler sur son nouveau r\u00e9pertoire, <em>Workers &#8211; Une Musique Populaire<\/em>\u00a0:<\/p>\n<ul>\n<li><strong>R\u00e9sidence de Kami Octet au Petit Duc \u00e0 Aix-en-Provence<\/strong><\/li>\n<\/ul>\n<p>Du 20 au 24 septembre, la section rythmique du Kami Octet sera en r\u00e9sidence au Petit Duc, salle de concerts \u00e0 Aix-en-Provence (13). L\u2019orchestre travaillera sur son nouveau r\u00e9pertoire <em>Workers \u2013 Une Musique Populaire<\/em>, librement inspir\u00e9 d\u2019ouvrages historiques faisant r\u00e9f\u00e9rence \u00e0 l\u2019histoire sociale am\u00e9ricaine, et plus particuli\u00e8rement \u00e0 la condition des africains-am\u00e9ricains dans le processus de l\u2019\u00e9mergence de la soci\u00e9t\u00e9 capitaliste.<br \/>\nPascal Charrier a b\u00e9n\u00e9fici\u00e9 d\u2019une aide \u00e0 l\u2019\u00e9criture du Minist\u00e8re de la Culture pour la composition du nouveau r\u00e9pertoire de Kami Octet.<\/p>\n<p><a href=\"http:\/\/nainoprod.com\/kami-octet\/\">Plus d\u2019infos<\/a><\/p>\n<ul>\n<li><strong>R\u00e9sidence et concert du Kami Octet \u00e0 l\u2019AJMI Jazz Club \u00e0 Avignon<\/strong><\/li>\n<\/ul>\n<p>Du 3 au 7 octobre, Kami Octet se retrouvera au complet pour une nouvelle r\u00e9sidence \u00e0 l\u2019AJMI Jazz Club, Sc\u00e8ne de Musique Actuelles d\u2019Avignon (84). Dans ce cadre, Julien Soro (saxophone alto) donnera une masterclass le 6 octobre, de 17h30 \u00e0 20h. L\u2019ensemble cl\u00f4turera sa r\u00e9sidence en pr\u00e9sentant ses nouvelles pi\u00e8ces au public le jeudi 7 octobre \u00e0 20h30, pour un concert in\u00e9dit !<\/p>\n<p>Infos et r\u00e9servation <a href=\"https:\/\/www.jazzalajmi.com\/agenda\/master-class-julien-soro\/\">masterclass<\/a> \/ <a href=\"https:\/\/www.jazzalajmi.com\/agenda\/kami-octet\/\">concert<\/a><\/p>\n<p><span class=\"caption\">\u00a9 Philippe Clin<\/span><\/p>\n","protected":false},"excerpt":{"rendered":"<p>Le grand ensemble Kami Octet sera en r\u00e9sidence fin septembre et d\u00e9but octobre pour travailler sur son nouveau r\u00e9pertoire, Workers &#8211; Une Musique Populaire\u00a0: R\u00e9sidence de Kami Octet au Petit Duc \u00e0 Aix-en-Provence Du 20 au 24 septembre, la section rythmique du Kami Octet sera en r\u00e9sidence au Petit Duc, salle de concerts \u00e0 Aix-en-Provence&#8230;<\/p>\n<p><a rel=\"bookmark\" class=\"theme-button-text wvc-button wvc-button-size-xs\" href=\"https:\/\/www.grandsformats.com\/en\/2021\/09\/kami-octet-en-residence-a-la-rentree\/\"><small class=\"wvc-button-background-fill\"><\/small><span>Continue reading<\/span><\/a><\/p>\n","protected":false},"author":2,"featured_media":15433,"comment_status":"open","ping_status":"open","sticky":false,"template":"","format":"standard","meta":{"_acf_changed":false,"footnotes":""},"categories":[95,733],"tags":[],"class_list":["post-15841","post","type-post","status-publish","format-standard","has-post-thumbnail","hentry","category-membres","category-kami-octet","entry-post-skin-light","entry","clearfix","entry-grid","entry-columns-default","entry-post-module-layout-sidebar-right","thumbnail-color-tone-dark","metro-landscape","entry-post","entry-masonry","entry-post-masonry"],"acf":[],"yoast_head":"<!-- This site is optimized with the Yoast SEO plugin v25.8 - https:\/\/yoast.com\/wordpress\/plugins\/seo\/ -->\n<title>Kami Octet en r\u00e9sidence \u00e0 la rentr\u00e9e - Site officiel de la f\u00e9d\u00e9ration Grands Formats<\/title>\n<meta name=\"robots\" content=\"index, follow, max-snippet:-1, max-image-preview:large, max-video-preview:-1\" \/>\n<link rel=\"canonical\" href=\"https:\/\/www.grandsformats.com\/2021\/09\/kami-octet-en-residence-a-la-rentree\/\" \/>\n<meta property=\"og:locale\" content=\"en_US\" \/>\n<meta property=\"og:type\" content=\"article\" \/>\n<meta property=\"og:title\" content=\"Kami Octet en r\u00e9sidence \u00e0 la rentr\u00e9e - Site officiel de la f\u00e9d\u00e9ration Grands Formats\" \/>\n<meta property=\"og:description\" content=\"Le grand ensemble Kami Octet sera en r\u00e9sidence fin septembre et d\u00e9but octobre pour travailler sur son nouveau r\u00e9pertoire, Workers &#8211; Une Musique Populaire\u00a0: R\u00e9sidence de Kami Octet au Petit Duc \u00e0 Aix-en-Provence Du 20 au 24 septembre, la section rythmique du Kami Octet sera en r\u00e9sidence au Petit Duc, salle de concerts \u00e0 Aix-en-Provence...Continue reading\" \/>\n<meta property=\"og:url\" content=\"https:\/\/www.grandsformats.com\/2021\/09\/kami-octet-en-residence-a-la-rentree\/\" \/>\n<meta property=\"og:site_name\" content=\"Site officiel de la f\u00e9d\u00e9ration Grands Formats\" \/>\n<meta property=\"article:publisher\" content=\"https:\/\/www.facebook.com\/grandsformats\/\" \/>\n<meta property=\"article:published_time\" content=\"2021-09-07T13:39:43+00:00\" \/>\n<meta property=\"og:image\" content=\"https:\/\/www.grandsformats.com\/wp-content\/uploads\/2020\/03\/KamiOctet\u00a9PhilippeClin2019.jpg\" \/>\n\t<meta property=\"og:image:width\" content=\"1920\" \/>\n\t<meta property=\"og:image:height\" content=\"1081\" \/>\n\t<meta property=\"og:image:type\" content=\"image\/jpeg\" \/>\n<meta name=\"author\" content=\"Grands Formats\" \/>\n<meta name=\"twitter:card\" content=\"summary_large_image\" \/>\n<meta name=\"twitter:creator\" content=\"@GrandsFormatsGF\" \/>\n<meta name=\"twitter:site\" content=\"@GrandsFormatsGF\" \/>\n<meta name=\"twitter:label1\" content=\"Written by\" \/>\n\t<meta name=\"twitter:data1\" content=\"Grands Formats\" \/>\n\t<meta name=\"twitter:label2\" content=\"Est. reading time\" \/>\n\t<meta name=\"twitter:data2\" content=\"1 minute\" \/>\n<script type=\"application\/ld+json\" class=\"yoast-schema-graph\">{\"@context\":\"https:\/\/schema.org\",\"@graph\":[{\"@type\":\"Article\",\"@id\":\"https:\/\/www.grandsformats.com\/2021\/09\/kami-octet-en-residence-a-la-rentree\/#article\",\"isPartOf\":{\"@id\":\"https:\/\/www.grandsformats.com\/2021\/09\/kami-octet-en-residence-a-la-rentree\/\"},\"author\":{\"name\":\"Grands Formats\",\"@id\":\"https:\/\/www.grandsformats.com\/#\/schema\/person\/6ecde7e38a2254b5bc9d620679208ee1\"},\"headline\":\"Kami Octet en r\u00e9sidence \u00e0 la rentr\u00e9e\",\"datePublished\":\"2021-09-07T13:39:43+00:00\",\"mainEntityOfPage\":{\"@id\":\"https:\/\/www.grandsformats.com\/2021\/09\/kami-octet-en-residence-a-la-rentree\/\"},\"wordCount\":225,\"commentCount\":0,\"publisher\":{\"@id\":\"https:\/\/www.grandsformats.com\/#organization\"},\"image\":{\"@id\":\"https:\/\/www.grandsformats.com\/2021\/09\/kami-octet-en-residence-a-la-rentree\/#primaryimage\"},\"thumbnailUrl\":\"https:\/\/www.grandsformats.com\/wp-content\/uploads\/2020\/03\/KamiOctet\u00a9PhilippeClin2019.jpg\",\"articleSection\":[\"Actus des membres\",\"Kami Octet\"],\"inLanguage\":\"en-US\",\"potentialAction\":[{\"@type\":\"CommentAction\",\"name\":\"Comment\",\"target\":[\"https:\/\/www.grandsformats.com\/2021\/09\/kami-octet-en-residence-a-la-rentree\/#respond\"]}]},{\"@type\":\"WebPage\",\"@id\":\"https:\/\/www.grandsformats.com\/2021\/09\/kami-octet-en-residence-a-la-rentree\/\",\"url\":\"https:\/\/www.grandsformats.com\/2021\/09\/kami-octet-en-residence-a-la-rentree\/\",\"name\":\"Kami Octet en r\u00e9sidence \u00e0 la rentr\u00e9e - Site officiel de la f\u00e9d\u00e9ration Grands Formats\",\"isPartOf\":{\"@id\":\"https:\/\/www.grandsformats.com\/#website\"},\"primaryImageOfPage\":{\"@id\":\"https:\/\/www.grandsformats.com\/2021\/09\/kami-octet-en-residence-a-la-rentree\/#primaryimage\"},\"image\":{\"@id\":\"https:\/\/www.grandsformats.com\/2021\/09\/kami-octet-en-residence-a-la-rentree\/#primaryimage\"},\"thumbnailUrl\":\"https:\/\/www.grandsformats.com\/wp-content\/uploads\/2020\/03\/KamiOctet\u00a9PhilippeClin2019.jpg\",\"datePublished\":\"2021-09-07T13:39:43+00:00\",\"breadcrumb\":{\"@id\":\"https:\/\/www.grandsformats.com\/2021\/09\/kami-octet-en-residence-a-la-rentree\/#breadcrumb\"},\"inLanguage\":\"en-US\",\"potentialAction\":[{\"@type\":\"ReadAction\",\"target\":[\"https:\/\/www.grandsformats.com\/2021\/09\/kami-octet-en-residence-a-la-rentree\/\"]}]},{\"@type\":\"ImageObject\",\"inLanguage\":\"en-US\",\"@id\":\"https:\/\/www.grandsformats.com\/2021\/09\/kami-octet-en-residence-a-la-rentree\/#primaryimage\",\"url\":\"https:\/\/www.grandsformats.com\/wp-content\/uploads\/2020\/03\/KamiOctet\u00a9PhilippeClin2019.jpg\",\"contentUrl\":\"https:\/\/www.grandsformats.com\/wp-content\/uploads\/2020\/03\/KamiOctet\u00a9PhilippeClin2019.jpg\",\"width\":1920,\"height\":1081,\"caption\":\"Kami Octet \u00a9 Philippe Clin\"},{\"@type\":\"BreadcrumbList\",\"@id\":\"https:\/\/www.grandsformats.com\/2021\/09\/kami-octet-en-residence-a-la-rentree\/#breadcrumb\",\"itemListElement\":[{\"@type\":\"ListItem\",\"position\":1,\"name\":\"Accueil\",\"item\":\"https:\/\/www.grandsformats.com\/en\/\"},{\"@type\":\"ListItem\",\"position\":2,\"name\":\"Kami Octet en r\u00e9sidence \u00e0 la rentr\u00e9e\"}]},{\"@type\":\"WebSite\",\"@id\":\"https:\/\/www.grandsformats.com\/#website\",\"url\":\"https:\/\/www.grandsformats.com\/\",\"name\":\"Site officiel de la f\u00e9d\u00e9ration Grands Formats\",\"description\":\"F\u00e9d\u00e9ration d&#039;artistes pour la musique en grand !\",\"publisher\":{\"@id\":\"https:\/\/www.grandsformats.com\/#organization\"},\"potentialAction\":[{\"@type\":\"SearchAction\",\"target\":{\"@type\":\"EntryPoint\",\"urlTemplate\":\"https:\/\/www.grandsformats.com\/?s={search_term_string}\"},\"query-input\":{\"@type\":\"PropertyValueSpecification\",\"valueRequired\":true,\"valueName\":\"search_term_string\"}}],\"inLanguage\":\"en-US\"},{\"@type\":\"Organization\",\"@id\":\"https:\/\/www.grandsformats.com\/#organization\",\"name\":\"Grands Formats\",\"url\":\"https:\/\/www.grandsformats.com\/\",\"logo\":{\"@type\":\"ImageObject\",\"inLanguage\":\"en-US\",\"@id\":\"https:\/\/www.grandsformats.com\/#\/schema\/logo\/image\/\",\"url\":\"https:\/\/www.grandsformats.com\/wp-content\/uploads\/2020\/03\/logo-GF-200.png\",\"contentUrl\":\"https:\/\/www.grandsformats.com\/wp-content\/uploads\/2020\/03\/logo-GF-200.png\",\"width\":155,\"height\":200,\"caption\":\"Grands Formats\"},\"image\":{\"@id\":\"https:\/\/www.grandsformats.com\/#\/schema\/logo\/image\/\"},\"sameAs\":[\"https:\/\/www.facebook.com\/grandsformats\/\",\"https:\/\/x.com\/GrandsFormatsGF\",\"https:\/\/www.instagram.com\/grandsformats\/\",\"https:\/\/www.youtube.com\/channel\/UCJ7k9dbqc_DG-nxI3WMPvhw?view_as=subscriberhttps:\/\/www.youtube.com\/channel\/UCJ7k9dbqc_DG-nxI3WMPvhw?view_as=subscriber\"]},{\"@type\":\"Person\",\"@id\":\"https:\/\/www.grandsformats.com\/#\/schema\/person\/6ecde7e38a2254b5bc9d620679208ee1\",\"name\":\"Grands Formats\",\"image\":{\"@type\":\"ImageObject\",\"inLanguage\":\"en-US\",\"@id\":\"https:\/\/www.grandsformats.com\/#\/schema\/person\/image\/\",\"url\":\"https:\/\/secure.gravatar.com\/avatar\/5d06febf5ba4681bd17a251487132861b5339c2d72f789e59decf1c1b05d0078?s=96&d=mm&r=g\",\"contentUrl\":\"https:\/\/secure.gravatar.com\/avatar\/5d06febf5ba4681bd17a251487132861b5339c2d72f789e59decf1c1b05d0078?s=96&d=mm&r=g\",\"caption\":\"Grands Formats\"},\"url\":\"https:\/\/www.grandsformats.com\/en\/author\/margaux\/\"}]}<\/script>\n<!-- \/ Yoast SEO plugin. -->","yoast_head_json":{"title":"Kami Octet en r\u00e9sidence \u00e0 la rentr\u00e9e - Site officiel de la f\u00e9d\u00e9ration Grands Formats","robots":{"index":"index","follow":"follow","max-snippet":"max-snippet:-1","max-image-preview":"max-image-preview:large","max-video-preview":"max-video-preview:-1"},"canonical":"https:\/\/www.grandsformats.com\/2021\/09\/kami-octet-en-residence-a-la-rentree\/","og_locale":"en_US","og_type":"article","og_title":"Kami Octet en r\u00e9sidence \u00e0 la rentr\u00e9e - Site officiel de la f\u00e9d\u00e9ration Grands Formats","og_description":"Le grand ensemble Kami Octet sera en r\u00e9sidence fin septembre et d\u00e9but octobre pour travailler sur son nouveau r\u00e9pertoire, Workers &#8211; Une Musique Populaire\u00a0: R\u00e9sidence de Kami Octet au Petit Duc \u00e0 Aix-en-Provence Du 20 au 24 septembre, la section rythmique du Kami Octet sera en r\u00e9sidence au Petit Duc, salle de concerts \u00e0 Aix-en-Provence...Continue reading","og_url":"https:\/\/www.grandsformats.com\/2021\/09\/kami-octet-en-residence-a-la-rentree\/","og_site_name":"Site officiel de la f\u00e9d\u00e9ration Grands Formats","article_publisher":"https:\/\/www.facebook.com\/grandsformats\/","article_published_time":"2021-09-07T13:39:43+00:00","og_image":[{"width":1920,"height":1081,"url":"https:\/\/www.grandsformats.com\/wp-content\/uploads\/2020\/03\/KamiOctet\u00a9PhilippeClin2019.jpg","type":"image\/jpeg"}],"author":"Grands Formats","twitter_card":"summary_large_image","twitter_creator":"@GrandsFormatsGF","twitter_site":"@GrandsFormatsGF","twitter_misc":{"Written by":"Grands Formats","Est. reading time":"1 minute"},"schema":{"@context":"https:\/\/schema.org","@graph":[{"@type":"Article","@id":"https:\/\/www.grandsformats.com\/2021\/09\/kami-octet-en-residence-a-la-rentree\/#article","isPartOf":{"@id":"https:\/\/www.grandsformats.com\/2021\/09\/kami-octet-en-residence-a-la-rentree\/"},"author":{"name":"Grands Formats","@id":"https:\/\/www.grandsformats.com\/#\/schema\/person\/6ecde7e38a2254b5bc9d620679208ee1"},"headline":"Kami Octet en r\u00e9sidence \u00e0 la rentr\u00e9e","datePublished":"2021-09-07T13:39:43+00:00","mainEntityOfPage":{"@id":"https:\/\/www.grandsformats.com\/2021\/09\/kami-octet-en-residence-a-la-rentree\/"},"wordCount":225,"commentCount":0,"publisher":{"@id":"https:\/\/www.grandsformats.com\/#organization"},"image":{"@id":"https:\/\/www.grandsformats.com\/2021\/09\/kami-octet-en-residence-a-la-rentree\/#primaryimage"},"thumbnailUrl":"https:\/\/www.grandsformats.com\/wp-content\/uploads\/2020\/03\/KamiOctet\u00a9PhilippeClin2019.jpg","articleSection":["Actus des membres","Kami Octet"],"inLanguage":"en-US","potentialAction":[{"@type":"CommentAction","name":"Comment","target":["https:\/\/www.grandsformats.com\/2021\/09\/kami-octet-en-residence-a-la-rentree\/#respond"]}]},{"@type":"WebPage","@id":"https:\/\/www.grandsformats.com\/2021\/09\/kami-octet-en-residence-a-la-rentree\/","url":"https:\/\/www.grandsformats.com\/2021\/09\/kami-octet-en-residence-a-la-rentree\/","name":"Kami Octet en r\u00e9sidence \u00e0 la rentr\u00e9e - Site officiel de la f\u00e9d\u00e9ration Grands Formats","isPartOf":{"@id":"https:\/\/www.grandsformats.com\/#website"},"primaryImageOfPage":{"@id":"https:\/\/www.grandsformats.com\/2021\/09\/kami-octet-en-residence-a-la-rentree\/#primaryimage"},"image":{"@id":"https:\/\/www.grandsformats.com\/2021\/09\/kami-octet-en-residence-a-la-rentree\/#primaryimage"},"thumbnailUrl":"https:\/\/www.grandsformats.com\/wp-content\/uploads\/2020\/03\/KamiOctet\u00a9PhilippeClin2019.jpg","datePublished":"2021-09-07T13:39:43+00:00","breadcrumb":{"@id":"https:\/\/www.grandsformats.com\/2021\/09\/kami-octet-en-residence-a-la-rentree\/#breadcrumb"},"inLanguage":"en-US","potentialAction":[{"@type":"ReadAction","target":["https:\/\/www.grandsformats.com\/2021\/09\/kami-octet-en-residence-a-la-rentree\/"]}]},{"@type":"ImageObject","inLanguage":"en-US","@id":"https:\/\/www.grandsformats.com\/2021\/09\/kami-octet-en-residence-a-la-rentree\/#primaryimage","url":"https:\/\/www.grandsformats.com\/wp-content\/uploads\/2020\/03\/KamiOctet\u00a9PhilippeClin2019.jpg","contentUrl":"https:\/\/www.grandsformats.com\/wp-content\/uploads\/2020\/03\/KamiOctet\u00a9PhilippeClin2019.jpg","width":1920,"height":1081,"caption":"Kami Octet \u00a9 Philippe Clin"},{"@type":"BreadcrumbList","@id":"https:\/\/www.grandsformats.com\/2021\/09\/kami-octet-en-residence-a-la-rentree\/#breadcrumb","itemListElement":[{"@type":"ListItem","position":1,"name":"Accueil","item":"https:\/\/www.grandsformats.com\/en\/"},{"@type":"ListItem","position":2,"name":"Kami Octet en r\u00e9sidence \u00e0 la rentr\u00e9e"}]},{"@type":"WebSite","@id":"https:\/\/www.grandsformats.com\/#website","url":"https:\/\/www.grandsformats.com\/","name":"Site officiel de la f\u00e9d\u00e9ration Grands Formats","description":"F\u00e9d\u00e9ration d&#039;artistes pour la musique en grand !","publisher":{"@id":"https:\/\/www.grandsformats.com\/#organization"},"potentialAction":[{"@type":"SearchAction","target":{"@type":"EntryPoint","urlTemplate":"https:\/\/www.grandsformats.com\/?s={search_term_string}"},"query-input":{"@type":"PropertyValueSpecification","valueRequired":true,"valueName":"search_term_string"}}],"inLanguage":"en-US"},{"@type":"Organization","@id":"https:\/\/www.grandsformats.com\/#organization","name":"Grands Formats","url":"https:\/\/www.grandsformats.com\/","logo":{"@type":"ImageObject","inLanguage":"en-US","@id":"https:\/\/www.grandsformats.com\/#\/schema\/logo\/image\/","url":"https:\/\/www.grandsformats.com\/wp-content\/uploads\/2020\/03\/logo-GF-200.png","contentUrl":"https:\/\/www.grandsformats.com\/wp-content\/uploads\/2020\/03\/logo-GF-200.png","width":155,"height":200,"caption":"Grands Formats"},"image":{"@id":"https:\/\/www.grandsformats.com\/#\/schema\/logo\/image\/"},"sameAs":["https:\/\/www.facebook.com\/grandsformats\/","https:\/\/x.com\/GrandsFormatsGF","https:\/\/www.instagram.com\/grandsformats\/","https:\/\/www.youtube.com\/channel\/UCJ7k9dbqc_DG-nxI3WMPvhw?view_as=subscriberhttps:\/\/www.youtube.com\/channel\/UCJ7k9dbqc_DG-nxI3WMPvhw?view_as=subscriber"]},{"@type":"Person","@id":"https:\/\/www.grandsformats.com\/#\/schema\/person\/6ecde7e38a2254b5bc9d620679208ee1","name":"Grands Formats","image":{"@type":"ImageObject","inLanguage":"en-US","@id":"https:\/\/www.grandsformats.com\/#\/schema\/person\/image\/","url":"https:\/\/secure.gravatar.com\/avatar\/5d06febf5ba4681bd17a251487132861b5339c2d72f789e59decf1c1b05d0078?s=96&d=mm&r=g","contentUrl":"https:\/\/secure.gravatar.com\/avatar\/5d06febf5ba4681bd17a251487132861b5339c2d72f789e59decf1c1b05d0078?s=96&d=mm&r=g","caption":"Grands Formats"},"url":"https:\/\/www.grandsformats.com\/en\/author\/margaux\/"}]}},"_links":{"self":[{"href":"https:\/\/www.grandsformats.com\/en\/wp-json\/wp\/v2\/posts\/15841","targetHints":{"allow":["GET"]}}],"collection":[{"href":"https:\/\/www.grandsformats.com\/en\/wp-json\/wp\/v2\/posts"}],"about":[{"href":"https:\/\/www.grandsformats.com\/en\/wp-json\/wp\/v2\/types\/post"}],"author":[{"embeddable":true,"href":"https:\/\/www.grandsformats.com\/en\/wp-json\/wp\/v2\/users\/2"}],"replies":[{"embeddable":true,"href":"https:\/\/www.grandsformats.com\/en\/wp-json\/wp\/v2\/comments?post=15841"}],"version-history":[{"count":0,"href":"https:\/\/www.grandsformats.com\/en\/wp-json\/wp\/v2\/posts\/15841\/revisions"}],"wp:featuredmedia":[{"embeddable":true,"href":"https:\/\/www.grandsformats.com\/en\/wp-json\/wp\/v2\/media\/15433"}],"wp:attachment":[{"href":"https:\/\/www.grandsformats.com\/en\/wp-json\/wp\/v2\/media?parent=15841"}],"wp:term":[{"taxonomy":"category","embeddable":true,"href":"https:\/\/www.grandsformats.com\/en\/wp-json\/wp\/v2\/categories?post=15841"},{"taxonomy":"post_tag","embeddable":true,"href":"https:\/\/www.grandsformats.com\/en\/wp-json\/wp\/v2\/tags?post=15841"}],"curies":[{"name":"wp","href":"https:\/\/api.w.org\/{rel}","templated":true}]}}