{"id":15836,"date":"2021-09-07T15:30:01","date_gmt":"2021-09-07T13:30:01","guid":{"rendered":"https:\/\/www.grandsformats.com\/?p=15836"},"modified":"2021-09-07T15:30:01","modified_gmt":"2021-09-07T13:30:01","slug":"residence-de-creation-de-danzas-sinfonia-au-cdbm","status":"publish","type":"post","link":"https:\/\/www.grandsformats.com\/en\/2021\/09\/residence-de-creation-de-danzas-sinfonia-au-cdbm\/","title":{"rendered":"R\u00e9sidence de cr\u00e9ation de &#8220;Danzas Sinfonia&#8221; au CDBM"},"content":{"rendered":"<h4><a href=\"https:\/\/www.grandsformats.com\/artist\/jean-marie-machado-orchestre-danzas\/\">Jean Marie Machado Orchestre Danzas<\/a> en r\u00e9sidence de cr\u00e9ation pour <em>Danzas Sinfonia, <\/em>du 6 au 10 septembre 2021 au Centre des Bords de Marne (94)<\/h4>\n<p>&#8220;La musique de <em>Danzas Sinfonia<\/em>\u00a0se d\u00e9veloppe comme une suite d\u2019humeurs po\u00e9tiques invent\u00e9es\u00a0en\u00a0un seul geste musical. En se m\u00ealant les unes aux autres, elles cr\u00e9ent un parcours de danses li\u00e9es \u00e0 des \u00e9vocations tir\u00e9es de l\u2019imaginaire marin.<\/p>\n<p>Chaque mouvement de la mer est associ\u00e9 \u00e0 une danse\u00a0: Le tango et la houle\u00a0<em>Tanghoule<\/em>, l\u2019Aber \u00e9galement nomm\u00e9e Ria et le largo,\u00a0<em>Ria Largo<\/em>\u00a0ou encore le\u00a0<em>Slow flot<\/em>.<\/p>\n<p>Comme\u00a0<em>Une barque sur l\u2019oc\u00e9an<\/em>\u00a0de Maurice Ravel, cette d\u00e9rive symphonique actuelle d\u2019un seul souffle me permet l\u2019errance utile \u00e0 l\u2019exploration et l\u2019imaginaire.<\/p>\n<p>Le souvenir des sensations de l\u2019enfance que Chantal Thomas nomme\u00a0<em>l\u2019\u00e9cume des rires<\/em>, et le d\u00e9sir de se perdre dans l\u2019immensit\u00e9 bleue \u00e0 l\u2019infini ont guid\u00e9 les compositions de\u00a0<em>Danzas Sinfonia<\/em>.&#8221;<\/p>\n<p>Jean Marie Machado, avril 2021.<\/p>\n<p><span class=\"caption\">Jean Marie Machado \u00a9 Cecil Mathieu<\/span><\/p>\n","protected":false},"excerpt":{"rendered":"<p>Jean Marie Machado Orchestre Danzas en r\u00e9sidence de cr\u00e9ation pour Danzas Sinfonia, du 6 au 10 septembre 2021 au Centre des Bords de Marne (94) &#8220;La musique de Danzas Sinfonia\u00a0se d\u00e9veloppe comme une suite d\u2019humeurs po\u00e9tiques invent\u00e9es\u00a0en\u00a0un seul geste musical. En se m\u00ealant les unes aux autres, elles cr\u00e9ent un parcours de danses li\u00e9es \u00e0&#8230;<\/p>\n<p><a rel=\"bookmark\" class=\"theme-button-text wvc-button wvc-button-size-xs\" href=\"https:\/\/www.grandsformats.com\/en\/2021\/09\/residence-de-creation-de-danzas-sinfonia-au-cdbm\/\"><small class=\"wvc-button-background-fill\"><\/small><span>Continue reading<\/span><\/a><\/p>\n","protected":false},"author":2,"featured_media":15837,"comment_status":"open","ping_status":"open","sticky":false,"template":"","format":"standard","meta":{"_acf_changed":false,"footnotes":""},"categories":[95,861],"tags":[],"class_list":["post-15836","post","type-post","status-publish","format-standard","has-post-thumbnail","hentry","category-membres","category-jean-marie-machado-orchestre-danzas","entry-post-skin-light","entry","clearfix","entry-grid","entry-columns-default","entry-post-module-layout-sidebar-right","thumbnail-color-tone-dark","metro-landscape","entry-post","entry-masonry","entry-post-masonry"],"acf":[],"yoast_head":"<!-- This site is optimized with the Yoast SEO plugin v25.8 - https:\/\/yoast.com\/wordpress\/plugins\/seo\/ -->\n<title>R\u00e9sidence de cr\u00e9ation de &quot;Danzas Sinfonia&quot; au CDBM - Site officiel de la f\u00e9d\u00e9ration Grands Formats<\/title>\n<meta name=\"robots\" content=\"index, follow, max-snippet:-1, max-image-preview:large, max-video-preview:-1\" \/>\n<link rel=\"canonical\" href=\"https:\/\/www.grandsformats.com\/2021\/09\/residence-de-creation-de-danzas-sinfonia-au-cdbm\/\" \/>\n<meta property=\"og:locale\" content=\"en_US\" \/>\n<meta property=\"og:type\" content=\"article\" \/>\n<meta property=\"og:title\" content=\"R\u00e9sidence de cr\u00e9ation de &quot;Danzas Sinfonia&quot; au CDBM - Site officiel de la f\u00e9d\u00e9ration Grands Formats\" \/>\n<meta property=\"og:description\" content=\"Jean Marie Machado Orchestre Danzas en r\u00e9sidence de cr\u00e9ation pour Danzas Sinfonia, du 6 au 10 septembre 2021 au Centre des Bords de Marne (94) &#8220;La musique de Danzas Sinfonia\u00a0se d\u00e9veloppe comme une suite d\u2019humeurs po\u00e9tiques invent\u00e9es\u00a0en\u00a0un seul geste musical. En se m\u00ealant les unes aux autres, elles cr\u00e9ent un parcours de danses li\u00e9es \u00e0...Continue reading\" \/>\n<meta property=\"og:url\" content=\"https:\/\/www.grandsformats.com\/2021\/09\/residence-de-creation-de-danzas-sinfonia-au-cdbm\/\" \/>\n<meta property=\"og:site_name\" content=\"Site officiel de la f\u00e9d\u00e9ration Grands Formats\" \/>\n<meta property=\"article:publisher\" content=\"https:\/\/www.facebook.com\/grandsformats\/\" \/>\n<meta property=\"article:published_time\" content=\"2021-09-07T13:30:01+00:00\" \/>\n<meta property=\"og:image\" content=\"https:\/\/www.grandsformats.com\/wp-content\/uploads\/2021\/09\/mac-Credit-photo-Cecil-Mathieu-1920x1080-1.jpg\" \/>\n\t<meta property=\"og:image:width\" content=\"1920\" \/>\n\t<meta property=\"og:image:height\" content=\"1080\" \/>\n\t<meta property=\"og:image:type\" content=\"image\/jpeg\" \/>\n<meta name=\"author\" content=\"Grands Formats\" \/>\n<meta name=\"twitter:card\" content=\"summary_large_image\" \/>\n<meta name=\"twitter:creator\" content=\"@GrandsFormatsGF\" \/>\n<meta name=\"twitter:site\" content=\"@GrandsFormatsGF\" \/>\n<meta name=\"twitter:label1\" content=\"Written by\" \/>\n\t<meta name=\"twitter:data1\" content=\"Grands Formats\" \/>\n\t<meta name=\"twitter:label2\" content=\"Est. reading time\" \/>\n\t<meta name=\"twitter:data2\" content=\"1 minute\" \/>\n<script type=\"application\/ld+json\" class=\"yoast-schema-graph\">{\"@context\":\"https:\/\/schema.org\",\"@graph\":[{\"@type\":\"Article\",\"@id\":\"https:\/\/www.grandsformats.com\/2021\/09\/residence-de-creation-de-danzas-sinfonia-au-cdbm\/#article\",\"isPartOf\":{\"@id\":\"https:\/\/www.grandsformats.com\/2021\/09\/residence-de-creation-de-danzas-sinfonia-au-cdbm\/\"},\"author\":{\"name\":\"Grands Formats\",\"@id\":\"https:\/\/www.grandsformats.com\/#\/schema\/person\/6ecde7e38a2254b5bc9d620679208ee1\"},\"headline\":\"R\u00e9sidence de cr\u00e9ation de &#8220;Danzas Sinfonia&#8221; au CDBM\",\"datePublished\":\"2021-09-07T13:30:01+00:00\",\"mainEntityOfPage\":{\"@id\":\"https:\/\/www.grandsformats.com\/2021\/09\/residence-de-creation-de-danzas-sinfonia-au-cdbm\/\"},\"wordCount\":184,\"commentCount\":0,\"publisher\":{\"@id\":\"https:\/\/www.grandsformats.com\/#organization\"},\"image\":{\"@id\":\"https:\/\/www.grandsformats.com\/2021\/09\/residence-de-creation-de-danzas-sinfonia-au-cdbm\/#primaryimage\"},\"thumbnailUrl\":\"https:\/\/www.grandsformats.com\/wp-content\/uploads\/2021\/09\/mac-Credit-photo-Cecil-Mathieu-1920x1080-1.jpg\",\"articleSection\":[\"Actus des membres\",\"Jean Marie Machado Orchestre Danzas\"],\"inLanguage\":\"en-US\",\"potentialAction\":[{\"@type\":\"CommentAction\",\"name\":\"Comment\",\"target\":[\"https:\/\/www.grandsformats.com\/2021\/09\/residence-de-creation-de-danzas-sinfonia-au-cdbm\/#respond\"]}]},{\"@type\":\"WebPage\",\"@id\":\"https:\/\/www.grandsformats.com\/2021\/09\/residence-de-creation-de-danzas-sinfonia-au-cdbm\/\",\"url\":\"https:\/\/www.grandsformats.com\/2021\/09\/residence-de-creation-de-danzas-sinfonia-au-cdbm\/\",\"name\":\"R\u00e9sidence de cr\u00e9ation de \\\"Danzas Sinfonia\\\" au CDBM - Site officiel de la f\u00e9d\u00e9ration Grands Formats\",\"isPartOf\":{\"@id\":\"https:\/\/www.grandsformats.com\/#website\"},\"primaryImageOfPage\":{\"@id\":\"https:\/\/www.grandsformats.com\/2021\/09\/residence-de-creation-de-danzas-sinfonia-au-cdbm\/#primaryimage\"},\"image\":{\"@id\":\"https:\/\/www.grandsformats.com\/2021\/09\/residence-de-creation-de-danzas-sinfonia-au-cdbm\/#primaryimage\"},\"thumbnailUrl\":\"https:\/\/www.grandsformats.com\/wp-content\/uploads\/2021\/09\/mac-Credit-photo-Cecil-Mathieu-1920x1080-1.jpg\",\"datePublished\":\"2021-09-07T13:30:01+00:00\",\"breadcrumb\":{\"@id\":\"https:\/\/www.grandsformats.com\/2021\/09\/residence-de-creation-de-danzas-sinfonia-au-cdbm\/#breadcrumb\"},\"inLanguage\":\"en-US\",\"potentialAction\":[{\"@type\":\"ReadAction\",\"target\":[\"https:\/\/www.grandsformats.com\/2021\/09\/residence-de-creation-de-danzas-sinfonia-au-cdbm\/\"]}]},{\"@type\":\"ImageObject\",\"inLanguage\":\"en-US\",\"@id\":\"https:\/\/www.grandsformats.com\/2021\/09\/residence-de-creation-de-danzas-sinfonia-au-cdbm\/#primaryimage\",\"url\":\"https:\/\/www.grandsformats.com\/wp-content\/uploads\/2021\/09\/mac-Credit-photo-Cecil-Mathieu-1920x1080-1.jpg\",\"contentUrl\":\"https:\/\/www.grandsformats.com\/wp-content\/uploads\/2021\/09\/mac-Credit-photo-Cecil-Mathieu-1920x1080-1.jpg\",\"width\":1920,\"height\":1080,\"caption\":\"Jean Marie Machado \u00a9 Cecil Mathieu\"},{\"@type\":\"BreadcrumbList\",\"@id\":\"https:\/\/www.grandsformats.com\/2021\/09\/residence-de-creation-de-danzas-sinfonia-au-cdbm\/#breadcrumb\",\"itemListElement\":[{\"@type\":\"ListItem\",\"position\":1,\"name\":\"Accueil\",\"item\":\"https:\/\/www.grandsformats.com\/en\/\"},{\"@type\":\"ListItem\",\"position\":2,\"name\":\"R\u00e9sidence de cr\u00e9ation de \u00ab\u00a0Danzas Sinfonia\u00a0\u00bb au CDBM\"}]},{\"@type\":\"WebSite\",\"@id\":\"https:\/\/www.grandsformats.com\/#website\",\"url\":\"https:\/\/www.grandsformats.com\/\",\"name\":\"Site officiel de la f\u00e9d\u00e9ration Grands Formats\",\"description\":\"F\u00e9d\u00e9ration d&#039;artistes pour la musique en grand !\",\"publisher\":{\"@id\":\"https:\/\/www.grandsformats.com\/#organization\"},\"potentialAction\":[{\"@type\":\"SearchAction\",\"target\":{\"@type\":\"EntryPoint\",\"urlTemplate\":\"https:\/\/www.grandsformats.com\/?s={search_term_string}\"},\"query-input\":{\"@type\":\"PropertyValueSpecification\",\"valueRequired\":true,\"valueName\":\"search_term_string\"}}],\"inLanguage\":\"en-US\"},{\"@type\":\"Organization\",\"@id\":\"https:\/\/www.grandsformats.com\/#organization\",\"name\":\"Grands Formats\",\"url\":\"https:\/\/www.grandsformats.com\/\",\"logo\":{\"@type\":\"ImageObject\",\"inLanguage\":\"en-US\",\"@id\":\"https:\/\/www.grandsformats.com\/#\/schema\/logo\/image\/\",\"url\":\"https:\/\/www.grandsformats.com\/wp-content\/uploads\/2020\/03\/logo-GF-200.png\",\"contentUrl\":\"https:\/\/www.grandsformats.com\/wp-content\/uploads\/2020\/03\/logo-GF-200.png\",\"width\":155,\"height\":200,\"caption\":\"Grands Formats\"},\"image\":{\"@id\":\"https:\/\/www.grandsformats.com\/#\/schema\/logo\/image\/\"},\"sameAs\":[\"https:\/\/www.facebook.com\/grandsformats\/\",\"https:\/\/x.com\/GrandsFormatsGF\",\"https:\/\/www.instagram.com\/grandsformats\/\",\"https:\/\/www.youtube.com\/channel\/UCJ7k9dbqc_DG-nxI3WMPvhw?view_as=subscriberhttps:\/\/www.youtube.com\/channel\/UCJ7k9dbqc_DG-nxI3WMPvhw?view_as=subscriber\"]},{\"@type\":\"Person\",\"@id\":\"https:\/\/www.grandsformats.com\/#\/schema\/person\/6ecde7e38a2254b5bc9d620679208ee1\",\"name\":\"Grands Formats\",\"image\":{\"@type\":\"ImageObject\",\"inLanguage\":\"en-US\",\"@id\":\"https:\/\/www.grandsformats.com\/#\/schema\/person\/image\/\",\"url\":\"https:\/\/secure.gravatar.com\/avatar\/5d06febf5ba4681bd17a251487132861b5339c2d72f789e59decf1c1b05d0078?s=96&d=mm&r=g\",\"contentUrl\":\"https:\/\/secure.gravatar.com\/avatar\/5d06febf5ba4681bd17a251487132861b5339c2d72f789e59decf1c1b05d0078?s=96&d=mm&r=g\",\"caption\":\"Grands Formats\"},\"url\":\"https:\/\/www.grandsformats.com\/en\/author\/margaux\/\"}]}<\/script>\n<!-- \/ Yoast SEO plugin. -->","yoast_head_json":{"title":"R\u00e9sidence de cr\u00e9ation de \"Danzas Sinfonia\" au CDBM - Site officiel de la f\u00e9d\u00e9ration Grands Formats","robots":{"index":"index","follow":"follow","max-snippet":"max-snippet:-1","max-image-preview":"max-image-preview:large","max-video-preview":"max-video-preview:-1"},"canonical":"https:\/\/www.grandsformats.com\/2021\/09\/residence-de-creation-de-danzas-sinfonia-au-cdbm\/","og_locale":"en_US","og_type":"article","og_title":"R\u00e9sidence de cr\u00e9ation de \"Danzas Sinfonia\" au CDBM - Site officiel de la f\u00e9d\u00e9ration Grands Formats","og_description":"Jean Marie Machado Orchestre Danzas en r\u00e9sidence de cr\u00e9ation pour Danzas Sinfonia, du 6 au 10 septembre 2021 au Centre des Bords de Marne (94) &#8220;La musique de Danzas Sinfonia\u00a0se d\u00e9veloppe comme une suite d\u2019humeurs po\u00e9tiques invent\u00e9es\u00a0en\u00a0un seul geste musical. En se m\u00ealant les unes aux autres, elles cr\u00e9ent un parcours de danses li\u00e9es \u00e0...Continue reading","og_url":"https:\/\/www.grandsformats.com\/2021\/09\/residence-de-creation-de-danzas-sinfonia-au-cdbm\/","og_site_name":"Site officiel de la f\u00e9d\u00e9ration Grands Formats","article_publisher":"https:\/\/www.facebook.com\/grandsformats\/","article_published_time":"2021-09-07T13:30:01+00:00","og_image":[{"width":1920,"height":1080,"url":"https:\/\/www.grandsformats.com\/wp-content\/uploads\/2021\/09\/mac-Credit-photo-Cecil-Mathieu-1920x1080-1.jpg","type":"image\/jpeg"}],"author":"Grands Formats","twitter_card":"summary_large_image","twitter_creator":"@GrandsFormatsGF","twitter_site":"@GrandsFormatsGF","twitter_misc":{"Written by":"Grands Formats","Est. reading time":"1 minute"},"schema":{"@context":"https:\/\/schema.org","@graph":[{"@type":"Article","@id":"https:\/\/www.grandsformats.com\/2021\/09\/residence-de-creation-de-danzas-sinfonia-au-cdbm\/#article","isPartOf":{"@id":"https:\/\/www.grandsformats.com\/2021\/09\/residence-de-creation-de-danzas-sinfonia-au-cdbm\/"},"author":{"name":"Grands Formats","@id":"https:\/\/www.grandsformats.com\/#\/schema\/person\/6ecde7e38a2254b5bc9d620679208ee1"},"headline":"R\u00e9sidence de cr\u00e9ation de &#8220;Danzas Sinfonia&#8221; au CDBM","datePublished":"2021-09-07T13:30:01+00:00","mainEntityOfPage":{"@id":"https:\/\/www.grandsformats.com\/2021\/09\/residence-de-creation-de-danzas-sinfonia-au-cdbm\/"},"wordCount":184,"commentCount":0,"publisher":{"@id":"https:\/\/www.grandsformats.com\/#organization"},"image":{"@id":"https:\/\/www.grandsformats.com\/2021\/09\/residence-de-creation-de-danzas-sinfonia-au-cdbm\/#primaryimage"},"thumbnailUrl":"https:\/\/www.grandsformats.com\/wp-content\/uploads\/2021\/09\/mac-Credit-photo-Cecil-Mathieu-1920x1080-1.jpg","articleSection":["Actus des membres","Jean Marie Machado Orchestre Danzas"],"inLanguage":"en-US","potentialAction":[{"@type":"CommentAction","name":"Comment","target":["https:\/\/www.grandsformats.com\/2021\/09\/residence-de-creation-de-danzas-sinfonia-au-cdbm\/#respond"]}]},{"@type":"WebPage","@id":"https:\/\/www.grandsformats.com\/2021\/09\/residence-de-creation-de-danzas-sinfonia-au-cdbm\/","url":"https:\/\/www.grandsformats.com\/2021\/09\/residence-de-creation-de-danzas-sinfonia-au-cdbm\/","name":"R\u00e9sidence de cr\u00e9ation de \"Danzas Sinfonia\" au CDBM - Site officiel de la f\u00e9d\u00e9ration Grands Formats","isPartOf":{"@id":"https:\/\/www.grandsformats.com\/#website"},"primaryImageOfPage":{"@id":"https:\/\/www.grandsformats.com\/2021\/09\/residence-de-creation-de-danzas-sinfonia-au-cdbm\/#primaryimage"},"image":{"@id":"https:\/\/www.grandsformats.com\/2021\/09\/residence-de-creation-de-danzas-sinfonia-au-cdbm\/#primaryimage"},"thumbnailUrl":"https:\/\/www.grandsformats.com\/wp-content\/uploads\/2021\/09\/mac-Credit-photo-Cecil-Mathieu-1920x1080-1.jpg","datePublished":"2021-09-07T13:30:01+00:00","breadcrumb":{"@id":"https:\/\/www.grandsformats.com\/2021\/09\/residence-de-creation-de-danzas-sinfonia-au-cdbm\/#breadcrumb"},"inLanguage":"en-US","potentialAction":[{"@type":"ReadAction","target":["https:\/\/www.grandsformats.com\/2021\/09\/residence-de-creation-de-danzas-sinfonia-au-cdbm\/"]}]},{"@type":"ImageObject","inLanguage":"en-US","@id":"https:\/\/www.grandsformats.com\/2021\/09\/residence-de-creation-de-danzas-sinfonia-au-cdbm\/#primaryimage","url":"https:\/\/www.grandsformats.com\/wp-content\/uploads\/2021\/09\/mac-Credit-photo-Cecil-Mathieu-1920x1080-1.jpg","contentUrl":"https:\/\/www.grandsformats.com\/wp-content\/uploads\/2021\/09\/mac-Credit-photo-Cecil-Mathieu-1920x1080-1.jpg","width":1920,"height":1080,"caption":"Jean Marie Machado \u00a9 Cecil Mathieu"},{"@type":"BreadcrumbList","@id":"https:\/\/www.grandsformats.com\/2021\/09\/residence-de-creation-de-danzas-sinfonia-au-cdbm\/#breadcrumb","itemListElement":[{"@type":"ListItem","position":1,"name":"Accueil","item":"https:\/\/www.grandsformats.com\/en\/"},{"@type":"ListItem","position":2,"name":"R\u00e9sidence de cr\u00e9ation de \u00ab\u00a0Danzas Sinfonia\u00a0\u00bb au CDBM"}]},{"@type":"WebSite","@id":"https:\/\/www.grandsformats.com\/#website","url":"https:\/\/www.grandsformats.com\/","name":"Site officiel de la f\u00e9d\u00e9ration Grands Formats","description":"F\u00e9d\u00e9ration d&#039;artistes pour la musique en grand !","publisher":{"@id":"https:\/\/www.grandsformats.com\/#organization"},"potentialAction":[{"@type":"SearchAction","target":{"@type":"EntryPoint","urlTemplate":"https:\/\/www.grandsformats.com\/?s={search_term_string}"},"query-input":{"@type":"PropertyValueSpecification","valueRequired":true,"valueName":"search_term_string"}}],"inLanguage":"en-US"},{"@type":"Organization","@id":"https:\/\/www.grandsformats.com\/#organization","name":"Grands Formats","url":"https:\/\/www.grandsformats.com\/","logo":{"@type":"ImageObject","inLanguage":"en-US","@id":"https:\/\/www.grandsformats.com\/#\/schema\/logo\/image\/","url":"https:\/\/www.grandsformats.com\/wp-content\/uploads\/2020\/03\/logo-GF-200.png","contentUrl":"https:\/\/www.grandsformats.com\/wp-content\/uploads\/2020\/03\/logo-GF-200.png","width":155,"height":200,"caption":"Grands Formats"},"image":{"@id":"https:\/\/www.grandsformats.com\/#\/schema\/logo\/image\/"},"sameAs":["https:\/\/www.facebook.com\/grandsformats\/","https:\/\/x.com\/GrandsFormatsGF","https:\/\/www.instagram.com\/grandsformats\/","https:\/\/www.youtube.com\/channel\/UCJ7k9dbqc_DG-nxI3WMPvhw?view_as=subscriberhttps:\/\/www.youtube.com\/channel\/UCJ7k9dbqc_DG-nxI3WMPvhw?view_as=subscriber"]},{"@type":"Person","@id":"https:\/\/www.grandsformats.com\/#\/schema\/person\/6ecde7e38a2254b5bc9d620679208ee1","name":"Grands Formats","image":{"@type":"ImageObject","inLanguage":"en-US","@id":"https:\/\/www.grandsformats.com\/#\/schema\/person\/image\/","url":"https:\/\/secure.gravatar.com\/avatar\/5d06febf5ba4681bd17a251487132861b5339c2d72f789e59decf1c1b05d0078?s=96&d=mm&r=g","contentUrl":"https:\/\/secure.gravatar.com\/avatar\/5d06febf5ba4681bd17a251487132861b5339c2d72f789e59decf1c1b05d0078?s=96&d=mm&r=g","caption":"Grands Formats"},"url":"https:\/\/www.grandsformats.com\/en\/author\/margaux\/"}]}},"_links":{"self":[{"href":"https:\/\/www.grandsformats.com\/en\/wp-json\/wp\/v2\/posts\/15836","targetHints":{"allow":["GET"]}}],"collection":[{"href":"https:\/\/www.grandsformats.com\/en\/wp-json\/wp\/v2\/posts"}],"about":[{"href":"https:\/\/www.grandsformats.com\/en\/wp-json\/wp\/v2\/types\/post"}],"author":[{"embeddable":true,"href":"https:\/\/www.grandsformats.com\/en\/wp-json\/wp\/v2\/users\/2"}],"replies":[{"embeddable":true,"href":"https:\/\/www.grandsformats.com\/en\/wp-json\/wp\/v2\/comments?post=15836"}],"version-history":[{"count":0,"href":"https:\/\/www.grandsformats.com\/en\/wp-json\/wp\/v2\/posts\/15836\/revisions"}],"wp:featuredmedia":[{"embeddable":true,"href":"https:\/\/www.grandsformats.com\/en\/wp-json\/wp\/v2\/media\/15837"}],"wp:attachment":[{"href":"https:\/\/www.grandsformats.com\/en\/wp-json\/wp\/v2\/media?parent=15836"}],"wp:term":[{"taxonomy":"category","embeddable":true,"href":"https:\/\/www.grandsformats.com\/en\/wp-json\/wp\/v2\/categories?post=15836"},{"taxonomy":"post_tag","embeddable":true,"href":"https:\/\/www.grandsformats.com\/en\/wp-json\/wp\/v2\/tags?post=15836"}],"curies":[{"name":"wp","href":"https:\/\/api.w.org\/{rel}","templated":true}]}}