{"id":15818,"date":"2021-09-07T14:32:00","date_gmt":"2021-09-07T12:32:00","guid":{"rendered":"https:\/\/www.grandsformats.com\/?p=15818"},"modified":"2021-09-07T14:32:00","modified_gmt":"2021-09-07T12:32:00","slug":"ritual-de-organik-orkeztra-a-la-scene-nationale-du-sud-aquitain-le-23-septembre","status":"publish","type":"post","link":"https:\/\/www.grandsformats.com\/en\/2021\/09\/ritual-de-organik-orkeztra-a-la-scene-nationale-du-sud-aquitain-le-23-septembre\/","title":{"rendered":"&#8220;Ritual&#8221; de Organik Orkeztra \u00e0 la Sc\u00e8ne nationale du Sud-Aquitain le 23 septembre"},"content":{"rendered":"<p>C\u2019est la rentr\u00e9e pour <a href=\"https:\/\/www.grandsformats.com\/artist\/organik-orkeztra\/\">Organik Orkeztra<\/a> qui va jouer\u00a0<em>Ritual<\/em>\u00a0le 23 septembre lors du temps fort <a href=\"https:\/\/www.facebook.com\/watch\/?v=810966822924469&amp;ref=sharing\">R\u00e9plique!<\/a> de la Sc\u00e8ne nationale du Sud-Aquitain.<\/p>\n<p>Avec\u00a0<em>Ritual<\/em>, le collectif triomphe ! Rencontre de personnalit\u00e9s fortes pour un rituel ouvert \u00e0 tous, o\u00f9 les influences vont du jazz aux musiques traditionnelles, les compositions de l\u2019Organik Orkeztra con\u00e7ues par Kristof Hiriart et J\u00e9r\u00e9mie Ternoy constituent une exp\u00e9rience sonore et une exp\u00e9rience humaine fortes unissant musicien\u00b7ne\u00b7s et auditeur\u00b7rice\u00b7s. V\u00e9ritable brassage musical, les compositions de l\u2019Organik Orkeztra font feu de tout bois pour nous dire combien, au beau milieu d\u2019un si\u00e8cle technologique, nous sommes des \u00eatres de rituel : le concert devient alors une forme de communaut\u00e9 par le son et une identification forte \u00e0 ses interpr\u00e8tes. Cette libert\u00e9 \u00e0 l\u2019oeuvre est un v\u00e9ritable don : entre attention \u00e0 la moindre note et chants soudains, <em>Ritual<\/em>\u00a0est \u00e0 la fois danse et exclamations, chemins de traverse et partages, joies et vertiges !<\/p>\n<p><span class=\"caption\">\u00a9 Alexandre Noclain <\/span><\/p>\n","protected":false},"excerpt":{"rendered":"<p>C\u2019est la rentr\u00e9e pour Organik Orkeztra qui va jouer\u00a0Ritual\u00a0le 23 septembre lors du temps fort R\u00e9plique! de la Sc\u00e8ne nationale du Sud-Aquitain. Avec\u00a0Ritual, le collectif triomphe ! Rencontre de personnalit\u00e9s fortes pour un rituel ouvert \u00e0 tous, o\u00f9 les influences vont du jazz aux musiques traditionnelles, les compositions de l\u2019Organik Orkeztra con\u00e7ues par Kristof Hiriart&#8230;<\/p>\n<p><a rel=\"bookmark\" class=\"theme-button-text wvc-button wvc-button-size-xs\" href=\"https:\/\/www.grandsformats.com\/en\/2021\/09\/ritual-de-organik-orkeztra-a-la-scene-nationale-du-sud-aquitain-le-23-septembre\/\"><small class=\"wvc-button-background-fill\"><\/small><span>Continue reading<\/span><\/a><\/p>\n","protected":false},"author":2,"featured_media":15819,"comment_status":"open","ping_status":"open","sticky":false,"template":"","format":"standard","meta":{"_acf_changed":false,"footnotes":""},"categories":[95,602],"tags":[],"class_list":["post-15818","post","type-post","status-publish","format-standard","has-post-thumbnail","hentry","category-membres","category-organik-orkeztra","entry-post-skin-light","entry","clearfix","entry-grid","entry-columns-default","entry-post-module-layout-sidebar-right","thumbnail-color-tone-dark","metro-landscape","entry-post","entry-masonry","entry-post-masonry"],"acf":[],"yoast_head":"<!-- This site is optimized with the Yoast SEO plugin v25.8 - https:\/\/yoast.com\/wordpress\/plugins\/seo\/ -->\n<title>&quot;Ritual&quot; de Organik Orkeztra \u00e0 la Sc\u00e8ne nationale du Sud-Aquitain le 23 septembre - Site officiel de la f\u00e9d\u00e9ration Grands Formats<\/title>\n<meta name=\"robots\" content=\"index, follow, max-snippet:-1, max-image-preview:large, max-video-preview:-1\" \/>\n<link rel=\"canonical\" href=\"https:\/\/www.grandsformats.com\/2021\/09\/ritual-de-organik-orkeztra-a-la-scene-nationale-du-sud-aquitain-le-23-septembre\/\" \/>\n<meta property=\"og:locale\" content=\"en_US\" \/>\n<meta property=\"og:type\" content=\"article\" \/>\n<meta property=\"og:title\" content=\"&quot;Ritual&quot; de Organik Orkeztra \u00e0 la Sc\u00e8ne nationale du Sud-Aquitain le 23 septembre - Site officiel de la f\u00e9d\u00e9ration Grands Formats\" \/>\n<meta property=\"og:description\" content=\"C\u2019est la rentr\u00e9e pour Organik Orkeztra qui va jouer\u00a0Ritual\u00a0le 23 septembre lors du temps fort R\u00e9plique! de la Sc\u00e8ne nationale du Sud-Aquitain. Avec\u00a0Ritual, le collectif triomphe ! Rencontre de personnalit\u00e9s fortes pour un rituel ouvert \u00e0 tous, o\u00f9 les influences vont du jazz aux musiques traditionnelles, les compositions de l\u2019Organik Orkeztra con\u00e7ues par Kristof Hiriart...Continue reading\" \/>\n<meta property=\"og:url\" content=\"https:\/\/www.grandsformats.com\/2021\/09\/ritual-de-organik-orkeztra-a-la-scene-nationale-du-sud-aquitain-le-23-septembre\/\" \/>\n<meta property=\"og:site_name\" content=\"Site officiel de la f\u00e9d\u00e9ration Grands Formats\" \/>\n<meta property=\"article:publisher\" content=\"https:\/\/www.facebook.com\/grandsformats\/\" \/>\n<meta property=\"article:published_time\" content=\"2021-09-07T12:32:00+00:00\" \/>\n<meta property=\"og:image\" content=\"https:\/\/www.grandsformats.com\/wp-content\/uploads\/2021\/09\/ritual-115-Alexandre-Noclain-1920x1080-1.jpg\" \/>\n\t<meta property=\"og:image:width\" content=\"1920\" \/>\n\t<meta property=\"og:image:height\" content=\"1080\" \/>\n\t<meta property=\"og:image:type\" content=\"image\/jpeg\" \/>\n<meta name=\"author\" content=\"Grands Formats\" \/>\n<meta name=\"twitter:card\" content=\"summary_large_image\" \/>\n<meta name=\"twitter:creator\" content=\"@GrandsFormatsGF\" \/>\n<meta name=\"twitter:site\" content=\"@GrandsFormatsGF\" \/>\n<meta name=\"twitter:label1\" content=\"Written by\" \/>\n\t<meta name=\"twitter:data1\" content=\"Grands Formats\" \/>\n\t<meta name=\"twitter:label2\" content=\"Est. reading time\" \/>\n\t<meta name=\"twitter:data2\" content=\"1 minute\" \/>\n<script type=\"application\/ld+json\" class=\"yoast-schema-graph\">{\"@context\":\"https:\/\/schema.org\",\"@graph\":[{\"@type\":\"Article\",\"@id\":\"https:\/\/www.grandsformats.com\/2021\/09\/ritual-de-organik-orkeztra-a-la-scene-nationale-du-sud-aquitain-le-23-septembre\/#article\",\"isPartOf\":{\"@id\":\"https:\/\/www.grandsformats.com\/2021\/09\/ritual-de-organik-orkeztra-a-la-scene-nationale-du-sud-aquitain-le-23-septembre\/\"},\"author\":{\"name\":\"Grands Formats\",\"@id\":\"https:\/\/www.grandsformats.com\/#\/schema\/person\/6ecde7e38a2254b5bc9d620679208ee1\"},\"headline\":\"&#8220;Ritual&#8221; de Organik Orkeztra \u00e0 la Sc\u00e8ne nationale du Sud-Aquitain le 23 septembre\",\"datePublished\":\"2021-09-07T12:32:00+00:00\",\"mainEntityOfPage\":{\"@id\":\"https:\/\/www.grandsformats.com\/2021\/09\/ritual-de-organik-orkeztra-a-la-scene-nationale-du-sud-aquitain-le-23-septembre\/\"},\"wordCount\":183,\"commentCount\":0,\"publisher\":{\"@id\":\"https:\/\/www.grandsformats.com\/#organization\"},\"image\":{\"@id\":\"https:\/\/www.grandsformats.com\/2021\/09\/ritual-de-organik-orkeztra-a-la-scene-nationale-du-sud-aquitain-le-23-septembre\/#primaryimage\"},\"thumbnailUrl\":\"https:\/\/www.grandsformats.com\/wp-content\/uploads\/2021\/09\/ritual-115-Alexandre-Noclain-1920x1080-1.jpg\",\"articleSection\":[\"Actus des membres\",\"Organik Orkeztra\"],\"inLanguage\":\"en-US\",\"potentialAction\":[{\"@type\":\"CommentAction\",\"name\":\"Comment\",\"target\":[\"https:\/\/www.grandsformats.com\/2021\/09\/ritual-de-organik-orkeztra-a-la-scene-nationale-du-sud-aquitain-le-23-septembre\/#respond\"]}]},{\"@type\":\"WebPage\",\"@id\":\"https:\/\/www.grandsformats.com\/2021\/09\/ritual-de-organik-orkeztra-a-la-scene-nationale-du-sud-aquitain-le-23-septembre\/\",\"url\":\"https:\/\/www.grandsformats.com\/2021\/09\/ritual-de-organik-orkeztra-a-la-scene-nationale-du-sud-aquitain-le-23-septembre\/\",\"name\":\"\\\"Ritual\\\" de Organik Orkeztra \u00e0 la Sc\u00e8ne nationale du Sud-Aquitain le 23 septembre - Site officiel de la f\u00e9d\u00e9ration Grands Formats\",\"isPartOf\":{\"@id\":\"https:\/\/www.grandsformats.com\/#website\"},\"primaryImageOfPage\":{\"@id\":\"https:\/\/www.grandsformats.com\/2021\/09\/ritual-de-organik-orkeztra-a-la-scene-nationale-du-sud-aquitain-le-23-septembre\/#primaryimage\"},\"image\":{\"@id\":\"https:\/\/www.grandsformats.com\/2021\/09\/ritual-de-organik-orkeztra-a-la-scene-nationale-du-sud-aquitain-le-23-septembre\/#primaryimage\"},\"thumbnailUrl\":\"https:\/\/www.grandsformats.com\/wp-content\/uploads\/2021\/09\/ritual-115-Alexandre-Noclain-1920x1080-1.jpg\",\"datePublished\":\"2021-09-07T12:32:00+00:00\",\"breadcrumb\":{\"@id\":\"https:\/\/www.grandsformats.com\/2021\/09\/ritual-de-organik-orkeztra-a-la-scene-nationale-du-sud-aquitain-le-23-septembre\/#breadcrumb\"},\"inLanguage\":\"en-US\",\"potentialAction\":[{\"@type\":\"ReadAction\",\"target\":[\"https:\/\/www.grandsformats.com\/2021\/09\/ritual-de-organik-orkeztra-a-la-scene-nationale-du-sud-aquitain-le-23-septembre\/\"]}]},{\"@type\":\"ImageObject\",\"inLanguage\":\"en-US\",\"@id\":\"https:\/\/www.grandsformats.com\/2021\/09\/ritual-de-organik-orkeztra-a-la-scene-nationale-du-sud-aquitain-le-23-septembre\/#primaryimage\",\"url\":\"https:\/\/www.grandsformats.com\/wp-content\/uploads\/2021\/09\/ritual-115-Alexandre-Noclain-1920x1080-1.jpg\",\"contentUrl\":\"https:\/\/www.grandsformats.com\/wp-content\/uploads\/2021\/09\/ritual-115-Alexandre-Noclain-1920x1080-1.jpg\",\"width\":1920,\"height\":1080,\"caption\":\"\u00a9\"},{\"@type\":\"BreadcrumbList\",\"@id\":\"https:\/\/www.grandsformats.com\/2021\/09\/ritual-de-organik-orkeztra-a-la-scene-nationale-du-sud-aquitain-le-23-septembre\/#breadcrumb\",\"itemListElement\":[{\"@type\":\"ListItem\",\"position\":1,\"name\":\"Accueil\",\"item\":\"https:\/\/www.grandsformats.com\/en\/\"},{\"@type\":\"ListItem\",\"position\":2,\"name\":\"\u00ab\u00a0Ritual\u00a0\u00bb de Organik Orkeztra \u00e0 la Sc\u00e8ne nationale du Sud-Aquitain le 23 septembre\"}]},{\"@type\":\"WebSite\",\"@id\":\"https:\/\/www.grandsformats.com\/#website\",\"url\":\"https:\/\/www.grandsformats.com\/\",\"name\":\"Site officiel de la f\u00e9d\u00e9ration Grands Formats\",\"description\":\"F\u00e9d\u00e9ration d&#039;artistes pour la musique en grand !\",\"publisher\":{\"@id\":\"https:\/\/www.grandsformats.com\/#organization\"},\"potentialAction\":[{\"@type\":\"SearchAction\",\"target\":{\"@type\":\"EntryPoint\",\"urlTemplate\":\"https:\/\/www.grandsformats.com\/?s={search_term_string}\"},\"query-input\":{\"@type\":\"PropertyValueSpecification\",\"valueRequired\":true,\"valueName\":\"search_term_string\"}}],\"inLanguage\":\"en-US\"},{\"@type\":\"Organization\",\"@id\":\"https:\/\/www.grandsformats.com\/#organization\",\"name\":\"Grands Formats\",\"url\":\"https:\/\/www.grandsformats.com\/\",\"logo\":{\"@type\":\"ImageObject\",\"inLanguage\":\"en-US\",\"@id\":\"https:\/\/www.grandsformats.com\/#\/schema\/logo\/image\/\",\"url\":\"https:\/\/www.grandsformats.com\/wp-content\/uploads\/2020\/03\/logo-GF-200.png\",\"contentUrl\":\"https:\/\/www.grandsformats.com\/wp-content\/uploads\/2020\/03\/logo-GF-200.png\",\"width\":155,\"height\":200,\"caption\":\"Grands Formats\"},\"image\":{\"@id\":\"https:\/\/www.grandsformats.com\/#\/schema\/logo\/image\/\"},\"sameAs\":[\"https:\/\/www.facebook.com\/grandsformats\/\",\"https:\/\/x.com\/GrandsFormatsGF\",\"https:\/\/www.instagram.com\/grandsformats\/\",\"https:\/\/www.youtube.com\/channel\/UCJ7k9dbqc_DG-nxI3WMPvhw?view_as=subscriberhttps:\/\/www.youtube.com\/channel\/UCJ7k9dbqc_DG-nxI3WMPvhw?view_as=subscriber\"]},{\"@type\":\"Person\",\"@id\":\"https:\/\/www.grandsformats.com\/#\/schema\/person\/6ecde7e38a2254b5bc9d620679208ee1\",\"name\":\"Grands Formats\",\"image\":{\"@type\":\"ImageObject\",\"inLanguage\":\"en-US\",\"@id\":\"https:\/\/www.grandsformats.com\/#\/schema\/person\/image\/\",\"url\":\"https:\/\/secure.gravatar.com\/avatar\/5d06febf5ba4681bd17a251487132861b5339c2d72f789e59decf1c1b05d0078?s=96&d=mm&r=g\",\"contentUrl\":\"https:\/\/secure.gravatar.com\/avatar\/5d06febf5ba4681bd17a251487132861b5339c2d72f789e59decf1c1b05d0078?s=96&d=mm&r=g\",\"caption\":\"Grands Formats\"},\"url\":\"https:\/\/www.grandsformats.com\/en\/author\/margaux\/\"}]}<\/script>\n<!-- \/ Yoast SEO plugin. -->","yoast_head_json":{"title":"\"Ritual\" de Organik Orkeztra \u00e0 la Sc\u00e8ne nationale du Sud-Aquitain le 23 septembre - Site officiel de la f\u00e9d\u00e9ration Grands Formats","robots":{"index":"index","follow":"follow","max-snippet":"max-snippet:-1","max-image-preview":"max-image-preview:large","max-video-preview":"max-video-preview:-1"},"canonical":"https:\/\/www.grandsformats.com\/2021\/09\/ritual-de-organik-orkeztra-a-la-scene-nationale-du-sud-aquitain-le-23-septembre\/","og_locale":"en_US","og_type":"article","og_title":"\"Ritual\" de Organik Orkeztra \u00e0 la Sc\u00e8ne nationale du Sud-Aquitain le 23 septembre - Site officiel de la f\u00e9d\u00e9ration Grands Formats","og_description":"C\u2019est la rentr\u00e9e pour Organik Orkeztra qui va jouer\u00a0Ritual\u00a0le 23 septembre lors du temps fort R\u00e9plique! de la Sc\u00e8ne nationale du Sud-Aquitain. Avec\u00a0Ritual, le collectif triomphe ! Rencontre de personnalit\u00e9s fortes pour un rituel ouvert \u00e0 tous, o\u00f9 les influences vont du jazz aux musiques traditionnelles, les compositions de l\u2019Organik Orkeztra con\u00e7ues par Kristof Hiriart...Continue reading","og_url":"https:\/\/www.grandsformats.com\/2021\/09\/ritual-de-organik-orkeztra-a-la-scene-nationale-du-sud-aquitain-le-23-septembre\/","og_site_name":"Site officiel de la f\u00e9d\u00e9ration Grands Formats","article_publisher":"https:\/\/www.facebook.com\/grandsformats\/","article_published_time":"2021-09-07T12:32:00+00:00","og_image":[{"width":1920,"height":1080,"url":"https:\/\/www.grandsformats.com\/wp-content\/uploads\/2021\/09\/ritual-115-Alexandre-Noclain-1920x1080-1.jpg","type":"image\/jpeg"}],"author":"Grands Formats","twitter_card":"summary_large_image","twitter_creator":"@GrandsFormatsGF","twitter_site":"@GrandsFormatsGF","twitter_misc":{"Written by":"Grands Formats","Est. reading time":"1 minute"},"schema":{"@context":"https:\/\/schema.org","@graph":[{"@type":"Article","@id":"https:\/\/www.grandsformats.com\/2021\/09\/ritual-de-organik-orkeztra-a-la-scene-nationale-du-sud-aquitain-le-23-septembre\/#article","isPartOf":{"@id":"https:\/\/www.grandsformats.com\/2021\/09\/ritual-de-organik-orkeztra-a-la-scene-nationale-du-sud-aquitain-le-23-septembre\/"},"author":{"name":"Grands Formats","@id":"https:\/\/www.grandsformats.com\/#\/schema\/person\/6ecde7e38a2254b5bc9d620679208ee1"},"headline":"&#8220;Ritual&#8221; de Organik Orkeztra \u00e0 la Sc\u00e8ne nationale du Sud-Aquitain le 23 septembre","datePublished":"2021-09-07T12:32:00+00:00","mainEntityOfPage":{"@id":"https:\/\/www.grandsformats.com\/2021\/09\/ritual-de-organik-orkeztra-a-la-scene-nationale-du-sud-aquitain-le-23-septembre\/"},"wordCount":183,"commentCount":0,"publisher":{"@id":"https:\/\/www.grandsformats.com\/#organization"},"image":{"@id":"https:\/\/www.grandsformats.com\/2021\/09\/ritual-de-organik-orkeztra-a-la-scene-nationale-du-sud-aquitain-le-23-septembre\/#primaryimage"},"thumbnailUrl":"https:\/\/www.grandsformats.com\/wp-content\/uploads\/2021\/09\/ritual-115-Alexandre-Noclain-1920x1080-1.jpg","articleSection":["Actus des membres","Organik Orkeztra"],"inLanguage":"en-US","potentialAction":[{"@type":"CommentAction","name":"Comment","target":["https:\/\/www.grandsformats.com\/2021\/09\/ritual-de-organik-orkeztra-a-la-scene-nationale-du-sud-aquitain-le-23-septembre\/#respond"]}]},{"@type":"WebPage","@id":"https:\/\/www.grandsformats.com\/2021\/09\/ritual-de-organik-orkeztra-a-la-scene-nationale-du-sud-aquitain-le-23-septembre\/","url":"https:\/\/www.grandsformats.com\/2021\/09\/ritual-de-organik-orkeztra-a-la-scene-nationale-du-sud-aquitain-le-23-septembre\/","name":"\"Ritual\" de Organik Orkeztra \u00e0 la Sc\u00e8ne nationale du Sud-Aquitain le 23 septembre - Site officiel de la f\u00e9d\u00e9ration Grands Formats","isPartOf":{"@id":"https:\/\/www.grandsformats.com\/#website"},"primaryImageOfPage":{"@id":"https:\/\/www.grandsformats.com\/2021\/09\/ritual-de-organik-orkeztra-a-la-scene-nationale-du-sud-aquitain-le-23-septembre\/#primaryimage"},"image":{"@id":"https:\/\/www.grandsformats.com\/2021\/09\/ritual-de-organik-orkeztra-a-la-scene-nationale-du-sud-aquitain-le-23-septembre\/#primaryimage"},"thumbnailUrl":"https:\/\/www.grandsformats.com\/wp-content\/uploads\/2021\/09\/ritual-115-Alexandre-Noclain-1920x1080-1.jpg","datePublished":"2021-09-07T12:32:00+00:00","breadcrumb":{"@id":"https:\/\/www.grandsformats.com\/2021\/09\/ritual-de-organik-orkeztra-a-la-scene-nationale-du-sud-aquitain-le-23-septembre\/#breadcrumb"},"inLanguage":"en-US","potentialAction":[{"@type":"ReadAction","target":["https:\/\/www.grandsformats.com\/2021\/09\/ritual-de-organik-orkeztra-a-la-scene-nationale-du-sud-aquitain-le-23-septembre\/"]}]},{"@type":"ImageObject","inLanguage":"en-US","@id":"https:\/\/www.grandsformats.com\/2021\/09\/ritual-de-organik-orkeztra-a-la-scene-nationale-du-sud-aquitain-le-23-septembre\/#primaryimage","url":"https:\/\/www.grandsformats.com\/wp-content\/uploads\/2021\/09\/ritual-115-Alexandre-Noclain-1920x1080-1.jpg","contentUrl":"https:\/\/www.grandsformats.com\/wp-content\/uploads\/2021\/09\/ritual-115-Alexandre-Noclain-1920x1080-1.jpg","width":1920,"height":1080,"caption":"\u00a9"},{"@type":"BreadcrumbList","@id":"https:\/\/www.grandsformats.com\/2021\/09\/ritual-de-organik-orkeztra-a-la-scene-nationale-du-sud-aquitain-le-23-septembre\/#breadcrumb","itemListElement":[{"@type":"ListItem","position":1,"name":"Accueil","item":"https:\/\/www.grandsformats.com\/en\/"},{"@type":"ListItem","position":2,"name":"\u00ab\u00a0Ritual\u00a0\u00bb de Organik Orkeztra \u00e0 la Sc\u00e8ne nationale du Sud-Aquitain le 23 septembre"}]},{"@type":"WebSite","@id":"https:\/\/www.grandsformats.com\/#website","url":"https:\/\/www.grandsformats.com\/","name":"Site officiel de la f\u00e9d\u00e9ration Grands Formats","description":"F\u00e9d\u00e9ration d&#039;artistes pour la musique en grand !","publisher":{"@id":"https:\/\/www.grandsformats.com\/#organization"},"potentialAction":[{"@type":"SearchAction","target":{"@type":"EntryPoint","urlTemplate":"https:\/\/www.grandsformats.com\/?s={search_term_string}"},"query-input":{"@type":"PropertyValueSpecification","valueRequired":true,"valueName":"search_term_string"}}],"inLanguage":"en-US"},{"@type":"Organization","@id":"https:\/\/www.grandsformats.com\/#organization","name":"Grands Formats","url":"https:\/\/www.grandsformats.com\/","logo":{"@type":"ImageObject","inLanguage":"en-US","@id":"https:\/\/www.grandsformats.com\/#\/schema\/logo\/image\/","url":"https:\/\/www.grandsformats.com\/wp-content\/uploads\/2020\/03\/logo-GF-200.png","contentUrl":"https:\/\/www.grandsformats.com\/wp-content\/uploads\/2020\/03\/logo-GF-200.png","width":155,"height":200,"caption":"Grands Formats"},"image":{"@id":"https:\/\/www.grandsformats.com\/#\/schema\/logo\/image\/"},"sameAs":["https:\/\/www.facebook.com\/grandsformats\/","https:\/\/x.com\/GrandsFormatsGF","https:\/\/www.instagram.com\/grandsformats\/","https:\/\/www.youtube.com\/channel\/UCJ7k9dbqc_DG-nxI3WMPvhw?view_as=subscriberhttps:\/\/www.youtube.com\/channel\/UCJ7k9dbqc_DG-nxI3WMPvhw?view_as=subscriber"]},{"@type":"Person","@id":"https:\/\/www.grandsformats.com\/#\/schema\/person\/6ecde7e38a2254b5bc9d620679208ee1","name":"Grands Formats","image":{"@type":"ImageObject","inLanguage":"en-US","@id":"https:\/\/www.grandsformats.com\/#\/schema\/person\/image\/","url":"https:\/\/secure.gravatar.com\/avatar\/5d06febf5ba4681bd17a251487132861b5339c2d72f789e59decf1c1b05d0078?s=96&d=mm&r=g","contentUrl":"https:\/\/secure.gravatar.com\/avatar\/5d06febf5ba4681bd17a251487132861b5339c2d72f789e59decf1c1b05d0078?s=96&d=mm&r=g","caption":"Grands Formats"},"url":"https:\/\/www.grandsformats.com\/en\/author\/margaux\/"}]}},"_links":{"self":[{"href":"https:\/\/www.grandsformats.com\/en\/wp-json\/wp\/v2\/posts\/15818","targetHints":{"allow":["GET"]}}],"collection":[{"href":"https:\/\/www.grandsformats.com\/en\/wp-json\/wp\/v2\/posts"}],"about":[{"href":"https:\/\/www.grandsformats.com\/en\/wp-json\/wp\/v2\/types\/post"}],"author":[{"embeddable":true,"href":"https:\/\/www.grandsformats.com\/en\/wp-json\/wp\/v2\/users\/2"}],"replies":[{"embeddable":true,"href":"https:\/\/www.grandsformats.com\/en\/wp-json\/wp\/v2\/comments?post=15818"}],"version-history":[{"count":0,"href":"https:\/\/www.grandsformats.com\/en\/wp-json\/wp\/v2\/posts\/15818\/revisions"}],"wp:featuredmedia":[{"embeddable":true,"href":"https:\/\/www.grandsformats.com\/en\/wp-json\/wp\/v2\/media\/15819"}],"wp:attachment":[{"href":"https:\/\/www.grandsformats.com\/en\/wp-json\/wp\/v2\/media?parent=15818"}],"wp:term":[{"taxonomy":"category","embeddable":true,"href":"https:\/\/www.grandsformats.com\/en\/wp-json\/wp\/v2\/categories?post=15818"},{"taxonomy":"post_tag","embeddable":true,"href":"https:\/\/www.grandsformats.com\/en\/wp-json\/wp\/v2\/tags?post=15818"}],"curies":[{"name":"wp","href":"https:\/\/api.w.org\/{rel}","templated":true}]}}