{"id":15811,"date":"2021-09-07T14:22:00","date_gmt":"2021-09-07T12:22:00","guid":{"rendered":"https:\/\/www.grandsformats.com\/?p=15811"},"modified":"2021-09-07T14:22:00","modified_gmt":"2021-09-07T12:22:00","slug":"la-forge-premiere-de-alice-oratorio","status":"publish","type":"post","link":"https:\/\/www.grandsformats.com\/en\/2021\/09\/la-forge-premiere-de-alice-oratorio\/","title":{"rendered":"La Forge : premi\u00e8re de &#8220;Alice Oratorio&#8221;"},"content":{"rendered":"<h4><em>Alice Oratorio<\/em> : premi\u00e8re repr\u00e9sentation du nouveau projet de La Forge \u00e0 la MC2 Grenoble le 24 septembre<\/h4>\n<p><em>Alice au Pays des Merveilles<\/em>\u00a0est un classique de la litt\u00e9rature fantastique du XIXe si\u00e8cle qui \u00e9branla l\u2019Angleterre victorienne : ce texte pr\u00e9figure les troubles de l\u2019abstraction, du dada\u00efsme ou l\u2019absurde d\u2019un Alfred Jarry.\u00a0Le conte de Lewis Carroll continue \u00e0 impressionner les g\u00e9n\u00e9rations. Le collectif <a href=\"https:\/\/www.grandsformats.com\/artist\/la-forge\/\">La Forge<\/a> ravive ce mythe des temps modernes en lui conf\u00e9rant une forme musicale et une mise en espace ludique.\u00a0Alice n\u2019arr\u00eate pas de grandir et de rapetisser\u00a0! Son inqui\u00e9tude de devenir adulte, de quitter le monde de l\u2019enfance, s\u2019estompe lorsqu\u2019elle affirme son identit\u00e9 et vainc la Reine de C\u0153ur. Le message initiatique est magnifi\u00e9 par la fantaisie enfantine et l\u2019extraordinaire profusion de situations\u2028et de personnages loufoques de ce grand voyage sous la terre.<\/p>\n<p>Artisans des relations entre le jazz d\u2019aujourd\u2019hui et les autres arts, pour cette cr\u00e9ation les musiciens de La Forge ajoutent \u00e0 leur palette sonore quatre voix solistes et un orchestre de chambre de la Fabrique Op\u00e9ra.\u00a0Les voix lyriques f\u00e9minines seront r\u00e9serv\u00e9es \u00e0 Alice (soprano) et \u00e0 la Duchesse\/Reine de C\u0153ur (alto). Les personnages masculins seront interpr\u00e9t\u00e9s par un chanteur (baryton) et un com\u00e9dien narrateur (Lewis Carrol).<\/p>\n<p>Retrouvez <em>Alice Oratorio<\/em> le vendredi 24 septembre \u00e0 20h \u00e0 la MC2 Grenoble !<\/p>\n<p><iframe loading=\"lazy\" title=\"ALICE ORATORIO, premi\u00e8re r\u00e9sidence - Captation vid\u00e9o - D\u00e9cembre 2020\" width=\"1140\" height=\"641\" src=\"https:\/\/www.youtube.com\/embed\/sXSFZqyG_N4?feature=oembed\" frameborder=\"0\" allow=\"accelerometer; autoplay; clipboard-write; encrypted-media; gyroscope; picture-in-picture\" allowfullscreen><\/iframe><\/p>\n<p>\u00a9 DR<\/p>\n","protected":false},"excerpt":{"rendered":"<p>Alice Oratorio : premi\u00e8re repr\u00e9sentation du nouveau projet de La Forge \u00e0 la MC2 Grenoble le 24 septembre Alice au Pays des Merveilles\u00a0est un classique de la litt\u00e9rature fantastique du XIXe si\u00e8cle qui \u00e9branla l\u2019Angleterre victorienne : ce texte pr\u00e9figure les troubles de l\u2019abstraction, du dada\u00efsme ou l\u2019absurde d\u2019un Alfred Jarry.\u00a0Le conte de Lewis Carroll&#8230;<\/p>\n<p><a rel=\"bookmark\" class=\"theme-button-text wvc-button wvc-button-size-xs\" href=\"https:\/\/www.grandsformats.com\/en\/2021\/09\/la-forge-premiere-de-alice-oratorio\/\"><small class=\"wvc-button-background-fill\"><\/small><span>Continue reading<\/span><\/a><\/p>\n","protected":false},"author":2,"featured_media":15812,"comment_status":"open","ping_status":"open","sticky":false,"template":"","format":"standard","meta":{"_acf_changed":false,"footnotes":""},"categories":[95,864],"tags":[],"class_list":["post-15811","post","type-post","status-publish","format-standard","has-post-thumbnail","hentry","category-membres","category-la-forge","entry-post-skin-light","entry","clearfix","entry-grid","entry-columns-default","entry-post-module-layout-sidebar-right","thumbnail-color-tone-dark","metro-landscape","is-youtube","entry-post","entry-masonry","entry-post-masonry"],"acf":[],"yoast_head":"<!-- This site is optimized with the Yoast SEO plugin v25.8 - https:\/\/yoast.com\/wordpress\/plugins\/seo\/ -->\n<title>La Forge : premi\u00e8re de &quot;Alice Oratorio&quot; - Site officiel de la f\u00e9d\u00e9ration Grands Formats<\/title>\n<meta name=\"robots\" content=\"index, follow, max-snippet:-1, max-image-preview:large, max-video-preview:-1\" \/>\n<link rel=\"canonical\" href=\"https:\/\/www.grandsformats.com\/2021\/09\/la-forge-premiere-de-alice-oratorio\/\" \/>\n<meta property=\"og:locale\" content=\"en_US\" \/>\n<meta property=\"og:type\" content=\"article\" \/>\n<meta property=\"og:title\" content=\"La Forge : premi\u00e8re de &quot;Alice Oratorio&quot; - Site officiel de la f\u00e9d\u00e9ration Grands Formats\" \/>\n<meta property=\"og:description\" content=\"Alice Oratorio : premi\u00e8re repr\u00e9sentation du nouveau projet de La Forge \u00e0 la MC2 Grenoble le 24 septembre Alice au Pays des Merveilles\u00a0est un classique de la litt\u00e9rature fantastique du XIXe si\u00e8cle qui \u00e9branla l\u2019Angleterre victorienne : ce texte pr\u00e9figure les troubles de l\u2019abstraction, du dada\u00efsme ou l\u2019absurde d\u2019un Alfred Jarry.\u00a0Le conte de Lewis Carroll...Continue reading\" \/>\n<meta property=\"og:url\" content=\"https:\/\/www.grandsformats.com\/2021\/09\/la-forge-premiere-de-alice-oratorio\/\" \/>\n<meta property=\"og:site_name\" content=\"Site officiel de la f\u00e9d\u00e9ration Grands Formats\" \/>\n<meta property=\"article:publisher\" content=\"https:\/\/www.facebook.com\/grandsformats\/\" \/>\n<meta property=\"article:published_time\" content=\"2021-09-07T12:22:00+00:00\" \/>\n<meta property=\"og:image\" content=\"https:\/\/www.grandsformats.com\/wp-content\/uploads\/2021\/09\/La-Forge-Alice-1920x1080-1.jpg\" \/>\n\t<meta property=\"og:image:width\" content=\"1920\" \/>\n\t<meta property=\"og:image:height\" content=\"1080\" \/>\n\t<meta property=\"og:image:type\" content=\"image\/jpeg\" \/>\n<meta name=\"author\" content=\"Grands Formats\" \/>\n<meta name=\"twitter:card\" content=\"summary_large_image\" \/>\n<meta name=\"twitter:creator\" content=\"@GrandsFormatsGF\" \/>\n<meta name=\"twitter:site\" content=\"@GrandsFormatsGF\" \/>\n<meta name=\"twitter:label1\" content=\"Written by\" \/>\n\t<meta name=\"twitter:data1\" content=\"Grands Formats\" \/>\n\t<meta name=\"twitter:label2\" content=\"Est. reading time\" \/>\n\t<meta name=\"twitter:data2\" content=\"1 minute\" \/>\n<script type=\"application\/ld+json\" class=\"yoast-schema-graph\">{\"@context\":\"https:\/\/schema.org\",\"@graph\":[{\"@type\":\"Article\",\"@id\":\"https:\/\/www.grandsformats.com\/2021\/09\/la-forge-premiere-de-alice-oratorio\/#article\",\"isPartOf\":{\"@id\":\"https:\/\/www.grandsformats.com\/2021\/09\/la-forge-premiere-de-alice-oratorio\/\"},\"author\":{\"name\":\"Grands Formats\",\"@id\":\"https:\/\/www.grandsformats.com\/#\/schema\/person\/6ecde7e38a2254b5bc9d620679208ee1\"},\"headline\":\"La Forge : premi\u00e8re de &#8220;Alice Oratorio&#8221;\",\"datePublished\":\"2021-09-07T12:22:00+00:00\",\"mainEntityOfPage\":{\"@id\":\"https:\/\/www.grandsformats.com\/2021\/09\/la-forge-premiere-de-alice-oratorio\/\"},\"wordCount\":257,\"commentCount\":0,\"publisher\":{\"@id\":\"https:\/\/www.grandsformats.com\/#organization\"},\"image\":{\"@id\":\"https:\/\/www.grandsformats.com\/2021\/09\/la-forge-premiere-de-alice-oratorio\/#primaryimage\"},\"thumbnailUrl\":\"https:\/\/www.grandsformats.com\/wp-content\/uploads\/2021\/09\/La-Forge-Alice-1920x1080-1.jpg\",\"articleSection\":[\"Actus des membres\",\"La Forge\"],\"inLanguage\":\"en-US\",\"potentialAction\":[{\"@type\":\"CommentAction\",\"name\":\"Comment\",\"target\":[\"https:\/\/www.grandsformats.com\/2021\/09\/la-forge-premiere-de-alice-oratorio\/#respond\"]}]},{\"@type\":\"WebPage\",\"@id\":\"https:\/\/www.grandsformats.com\/2021\/09\/la-forge-premiere-de-alice-oratorio\/\",\"url\":\"https:\/\/www.grandsformats.com\/2021\/09\/la-forge-premiere-de-alice-oratorio\/\",\"name\":\"La Forge : premi\u00e8re de \\\"Alice Oratorio\\\" - Site officiel de la f\u00e9d\u00e9ration Grands Formats\",\"isPartOf\":{\"@id\":\"https:\/\/www.grandsformats.com\/#website\"},\"primaryImageOfPage\":{\"@id\":\"https:\/\/www.grandsformats.com\/2021\/09\/la-forge-premiere-de-alice-oratorio\/#primaryimage\"},\"image\":{\"@id\":\"https:\/\/www.grandsformats.com\/2021\/09\/la-forge-premiere-de-alice-oratorio\/#primaryimage\"},\"thumbnailUrl\":\"https:\/\/www.grandsformats.com\/wp-content\/uploads\/2021\/09\/La-Forge-Alice-1920x1080-1.jpg\",\"datePublished\":\"2021-09-07T12:22:00+00:00\",\"breadcrumb\":{\"@id\":\"https:\/\/www.grandsformats.com\/2021\/09\/la-forge-premiere-de-alice-oratorio\/#breadcrumb\"},\"inLanguage\":\"en-US\",\"potentialAction\":[{\"@type\":\"ReadAction\",\"target\":[\"https:\/\/www.grandsformats.com\/2021\/09\/la-forge-premiere-de-alice-oratorio\/\"]}]},{\"@type\":\"ImageObject\",\"inLanguage\":\"en-US\",\"@id\":\"https:\/\/www.grandsformats.com\/2021\/09\/la-forge-premiere-de-alice-oratorio\/#primaryimage\",\"url\":\"https:\/\/www.grandsformats.com\/wp-content\/uploads\/2021\/09\/La-Forge-Alice-1920x1080-1.jpg\",\"contentUrl\":\"https:\/\/www.grandsformats.com\/wp-content\/uploads\/2021\/09\/La-Forge-Alice-1920x1080-1.jpg\",\"width\":1920,\"height\":1080,\"caption\":\"\u00a9 DR\"},{\"@type\":\"BreadcrumbList\",\"@id\":\"https:\/\/www.grandsformats.com\/2021\/09\/la-forge-premiere-de-alice-oratorio\/#breadcrumb\",\"itemListElement\":[{\"@type\":\"ListItem\",\"position\":1,\"name\":\"Accueil\",\"item\":\"https:\/\/www.grandsformats.com\/en\/\"},{\"@type\":\"ListItem\",\"position\":2,\"name\":\"La Forge : premi\u00e8re de \u00ab\u00a0Alice Oratorio\u00a0\u00bb\"}]},{\"@type\":\"WebSite\",\"@id\":\"https:\/\/www.grandsformats.com\/#website\",\"url\":\"https:\/\/www.grandsformats.com\/\",\"name\":\"Site officiel de la f\u00e9d\u00e9ration Grands Formats\",\"description\":\"F\u00e9d\u00e9ration d&#039;artistes pour la musique en grand !\",\"publisher\":{\"@id\":\"https:\/\/www.grandsformats.com\/#organization\"},\"potentialAction\":[{\"@type\":\"SearchAction\",\"target\":{\"@type\":\"EntryPoint\",\"urlTemplate\":\"https:\/\/www.grandsformats.com\/?s={search_term_string}\"},\"query-input\":{\"@type\":\"PropertyValueSpecification\",\"valueRequired\":true,\"valueName\":\"search_term_string\"}}],\"inLanguage\":\"en-US\"},{\"@type\":\"Organization\",\"@id\":\"https:\/\/www.grandsformats.com\/#organization\",\"name\":\"Grands Formats\",\"url\":\"https:\/\/www.grandsformats.com\/\",\"logo\":{\"@type\":\"ImageObject\",\"inLanguage\":\"en-US\",\"@id\":\"https:\/\/www.grandsformats.com\/#\/schema\/logo\/image\/\",\"url\":\"https:\/\/www.grandsformats.com\/wp-content\/uploads\/2020\/03\/logo-GF-200.png\",\"contentUrl\":\"https:\/\/www.grandsformats.com\/wp-content\/uploads\/2020\/03\/logo-GF-200.png\",\"width\":155,\"height\":200,\"caption\":\"Grands Formats\"},\"image\":{\"@id\":\"https:\/\/www.grandsformats.com\/#\/schema\/logo\/image\/\"},\"sameAs\":[\"https:\/\/www.facebook.com\/grandsformats\/\",\"https:\/\/x.com\/GrandsFormatsGF\",\"https:\/\/www.instagram.com\/grandsformats\/\",\"https:\/\/www.youtube.com\/channel\/UCJ7k9dbqc_DG-nxI3WMPvhw?view_as=subscriberhttps:\/\/www.youtube.com\/channel\/UCJ7k9dbqc_DG-nxI3WMPvhw?view_as=subscriber\"]},{\"@type\":\"Person\",\"@id\":\"https:\/\/www.grandsformats.com\/#\/schema\/person\/6ecde7e38a2254b5bc9d620679208ee1\",\"name\":\"Grands Formats\",\"image\":{\"@type\":\"ImageObject\",\"inLanguage\":\"en-US\",\"@id\":\"https:\/\/www.grandsformats.com\/#\/schema\/person\/image\/\",\"url\":\"https:\/\/secure.gravatar.com\/avatar\/5d06febf5ba4681bd17a251487132861b5339c2d72f789e59decf1c1b05d0078?s=96&d=mm&r=g\",\"contentUrl\":\"https:\/\/secure.gravatar.com\/avatar\/5d06febf5ba4681bd17a251487132861b5339c2d72f789e59decf1c1b05d0078?s=96&d=mm&r=g\",\"caption\":\"Grands Formats\"},\"url\":\"https:\/\/www.grandsformats.com\/en\/author\/margaux\/\"}]}<\/script>\n<!-- \/ Yoast SEO plugin. -->","yoast_head_json":{"title":"La Forge : premi\u00e8re de \"Alice Oratorio\" - Site officiel de la f\u00e9d\u00e9ration Grands Formats","robots":{"index":"index","follow":"follow","max-snippet":"max-snippet:-1","max-image-preview":"max-image-preview:large","max-video-preview":"max-video-preview:-1"},"canonical":"https:\/\/www.grandsformats.com\/2021\/09\/la-forge-premiere-de-alice-oratorio\/","og_locale":"en_US","og_type":"article","og_title":"La Forge : premi\u00e8re de \"Alice Oratorio\" - Site officiel de la f\u00e9d\u00e9ration Grands Formats","og_description":"Alice Oratorio : premi\u00e8re repr\u00e9sentation du nouveau projet de La Forge \u00e0 la MC2 Grenoble le 24 septembre Alice au Pays des Merveilles\u00a0est un classique de la litt\u00e9rature fantastique du XIXe si\u00e8cle qui \u00e9branla l\u2019Angleterre victorienne : ce texte pr\u00e9figure les troubles de l\u2019abstraction, du dada\u00efsme ou l\u2019absurde d\u2019un Alfred Jarry.\u00a0Le conte de Lewis Carroll...Continue reading","og_url":"https:\/\/www.grandsformats.com\/2021\/09\/la-forge-premiere-de-alice-oratorio\/","og_site_name":"Site officiel de la f\u00e9d\u00e9ration Grands Formats","article_publisher":"https:\/\/www.facebook.com\/grandsformats\/","article_published_time":"2021-09-07T12:22:00+00:00","og_image":[{"width":1920,"height":1080,"url":"https:\/\/www.grandsformats.com\/wp-content\/uploads\/2021\/09\/La-Forge-Alice-1920x1080-1.jpg","type":"image\/jpeg"}],"author":"Grands Formats","twitter_card":"summary_large_image","twitter_creator":"@GrandsFormatsGF","twitter_site":"@GrandsFormatsGF","twitter_misc":{"Written by":"Grands Formats","Est. reading time":"1 minute"},"schema":{"@context":"https:\/\/schema.org","@graph":[{"@type":"Article","@id":"https:\/\/www.grandsformats.com\/2021\/09\/la-forge-premiere-de-alice-oratorio\/#article","isPartOf":{"@id":"https:\/\/www.grandsformats.com\/2021\/09\/la-forge-premiere-de-alice-oratorio\/"},"author":{"name":"Grands Formats","@id":"https:\/\/www.grandsformats.com\/#\/schema\/person\/6ecde7e38a2254b5bc9d620679208ee1"},"headline":"La Forge : premi\u00e8re de &#8220;Alice Oratorio&#8221;","datePublished":"2021-09-07T12:22:00+00:00","mainEntityOfPage":{"@id":"https:\/\/www.grandsformats.com\/2021\/09\/la-forge-premiere-de-alice-oratorio\/"},"wordCount":257,"commentCount":0,"publisher":{"@id":"https:\/\/www.grandsformats.com\/#organization"},"image":{"@id":"https:\/\/www.grandsformats.com\/2021\/09\/la-forge-premiere-de-alice-oratorio\/#primaryimage"},"thumbnailUrl":"https:\/\/www.grandsformats.com\/wp-content\/uploads\/2021\/09\/La-Forge-Alice-1920x1080-1.jpg","articleSection":["Actus des membres","La Forge"],"inLanguage":"en-US","potentialAction":[{"@type":"CommentAction","name":"Comment","target":["https:\/\/www.grandsformats.com\/2021\/09\/la-forge-premiere-de-alice-oratorio\/#respond"]}]},{"@type":"WebPage","@id":"https:\/\/www.grandsformats.com\/2021\/09\/la-forge-premiere-de-alice-oratorio\/","url":"https:\/\/www.grandsformats.com\/2021\/09\/la-forge-premiere-de-alice-oratorio\/","name":"La Forge : premi\u00e8re de \"Alice Oratorio\" - Site officiel de la f\u00e9d\u00e9ration Grands Formats","isPartOf":{"@id":"https:\/\/www.grandsformats.com\/#website"},"primaryImageOfPage":{"@id":"https:\/\/www.grandsformats.com\/2021\/09\/la-forge-premiere-de-alice-oratorio\/#primaryimage"},"image":{"@id":"https:\/\/www.grandsformats.com\/2021\/09\/la-forge-premiere-de-alice-oratorio\/#primaryimage"},"thumbnailUrl":"https:\/\/www.grandsformats.com\/wp-content\/uploads\/2021\/09\/La-Forge-Alice-1920x1080-1.jpg","datePublished":"2021-09-07T12:22:00+00:00","breadcrumb":{"@id":"https:\/\/www.grandsformats.com\/2021\/09\/la-forge-premiere-de-alice-oratorio\/#breadcrumb"},"inLanguage":"en-US","potentialAction":[{"@type":"ReadAction","target":["https:\/\/www.grandsformats.com\/2021\/09\/la-forge-premiere-de-alice-oratorio\/"]}]},{"@type":"ImageObject","inLanguage":"en-US","@id":"https:\/\/www.grandsformats.com\/2021\/09\/la-forge-premiere-de-alice-oratorio\/#primaryimage","url":"https:\/\/www.grandsformats.com\/wp-content\/uploads\/2021\/09\/La-Forge-Alice-1920x1080-1.jpg","contentUrl":"https:\/\/www.grandsformats.com\/wp-content\/uploads\/2021\/09\/La-Forge-Alice-1920x1080-1.jpg","width":1920,"height":1080,"caption":"\u00a9 DR"},{"@type":"BreadcrumbList","@id":"https:\/\/www.grandsformats.com\/2021\/09\/la-forge-premiere-de-alice-oratorio\/#breadcrumb","itemListElement":[{"@type":"ListItem","position":1,"name":"Accueil","item":"https:\/\/www.grandsformats.com\/en\/"},{"@type":"ListItem","position":2,"name":"La Forge : premi\u00e8re de \u00ab\u00a0Alice Oratorio\u00a0\u00bb"}]},{"@type":"WebSite","@id":"https:\/\/www.grandsformats.com\/#website","url":"https:\/\/www.grandsformats.com\/","name":"Site officiel de la f\u00e9d\u00e9ration Grands Formats","description":"F\u00e9d\u00e9ration d&#039;artistes pour la musique en grand !","publisher":{"@id":"https:\/\/www.grandsformats.com\/#organization"},"potentialAction":[{"@type":"SearchAction","target":{"@type":"EntryPoint","urlTemplate":"https:\/\/www.grandsformats.com\/?s={search_term_string}"},"query-input":{"@type":"PropertyValueSpecification","valueRequired":true,"valueName":"search_term_string"}}],"inLanguage":"en-US"},{"@type":"Organization","@id":"https:\/\/www.grandsformats.com\/#organization","name":"Grands Formats","url":"https:\/\/www.grandsformats.com\/","logo":{"@type":"ImageObject","inLanguage":"en-US","@id":"https:\/\/www.grandsformats.com\/#\/schema\/logo\/image\/","url":"https:\/\/www.grandsformats.com\/wp-content\/uploads\/2020\/03\/logo-GF-200.png","contentUrl":"https:\/\/www.grandsformats.com\/wp-content\/uploads\/2020\/03\/logo-GF-200.png","width":155,"height":200,"caption":"Grands Formats"},"image":{"@id":"https:\/\/www.grandsformats.com\/#\/schema\/logo\/image\/"},"sameAs":["https:\/\/www.facebook.com\/grandsformats\/","https:\/\/x.com\/GrandsFormatsGF","https:\/\/www.instagram.com\/grandsformats\/","https:\/\/www.youtube.com\/channel\/UCJ7k9dbqc_DG-nxI3WMPvhw?view_as=subscriberhttps:\/\/www.youtube.com\/channel\/UCJ7k9dbqc_DG-nxI3WMPvhw?view_as=subscriber"]},{"@type":"Person","@id":"https:\/\/www.grandsformats.com\/#\/schema\/person\/6ecde7e38a2254b5bc9d620679208ee1","name":"Grands Formats","image":{"@type":"ImageObject","inLanguage":"en-US","@id":"https:\/\/www.grandsformats.com\/#\/schema\/person\/image\/","url":"https:\/\/secure.gravatar.com\/avatar\/5d06febf5ba4681bd17a251487132861b5339c2d72f789e59decf1c1b05d0078?s=96&d=mm&r=g","contentUrl":"https:\/\/secure.gravatar.com\/avatar\/5d06febf5ba4681bd17a251487132861b5339c2d72f789e59decf1c1b05d0078?s=96&d=mm&r=g","caption":"Grands Formats"},"url":"https:\/\/www.grandsformats.com\/en\/author\/margaux\/"}]}},"_links":{"self":[{"href":"https:\/\/www.grandsformats.com\/en\/wp-json\/wp\/v2\/posts\/15811","targetHints":{"allow":["GET"]}}],"collection":[{"href":"https:\/\/www.grandsformats.com\/en\/wp-json\/wp\/v2\/posts"}],"about":[{"href":"https:\/\/www.grandsformats.com\/en\/wp-json\/wp\/v2\/types\/post"}],"author":[{"embeddable":true,"href":"https:\/\/www.grandsformats.com\/en\/wp-json\/wp\/v2\/users\/2"}],"replies":[{"embeddable":true,"href":"https:\/\/www.grandsformats.com\/en\/wp-json\/wp\/v2\/comments?post=15811"}],"version-history":[{"count":0,"href":"https:\/\/www.grandsformats.com\/en\/wp-json\/wp\/v2\/posts\/15811\/revisions"}],"wp:featuredmedia":[{"embeddable":true,"href":"https:\/\/www.grandsformats.com\/en\/wp-json\/wp\/v2\/media\/15812"}],"wp:attachment":[{"href":"https:\/\/www.grandsformats.com\/en\/wp-json\/wp\/v2\/media?parent=15811"}],"wp:term":[{"taxonomy":"category","embeddable":true,"href":"https:\/\/www.grandsformats.com\/en\/wp-json\/wp\/v2\/categories?post=15811"},{"taxonomy":"post_tag","embeddable":true,"href":"https:\/\/www.grandsformats.com\/en\/wp-json\/wp\/v2\/tags?post=15811"}],"curies":[{"name":"wp","href":"https:\/\/api.w.org\/{rel}","templated":true}]}}