{"id":15690,"date":"2021-07-05T12:16:53","date_gmt":"2021-07-05T10:16:53","guid":{"rendered":"https:\/\/www.grandsformats.com\/?p=15690"},"modified":"2021-07-05T12:16:53","modified_gmt":"2021-07-05T10:16:53","slug":"danzas-enregistrement-du-cd-cantos-brujos","status":"publish","type":"post","link":"https:\/\/www.grandsformats.com\/en\/2021\/07\/danzas-enregistrement-du-cd-cantos-brujos\/","title":{"rendered":"Danzas : enregistrement du CD Cantos Brujos"},"content":{"rendered":"<p><a href=\"https:\/\/www.grandsformats.com\/artist\/jean-marie-machado-orchestre-danzas\/\">Jean Marie Machado et son orchestre Danzas<\/a> enregistrent du 17 au 19 juillet 2021\u00a0<em>Cantos Brujos<\/em>\u00a0d\u2019apr\u00e8s l\u2019\u0153uvre de Manuel de Falla (<em>Cantos Brujos<\/em>\u00a0est le titre discographique du projet sc\u00e9nique musique et danse\u00a0<em>l\u2019Amour Sorcier\u00a0<\/em>avec les chor\u00e9graphes de la Compagnie Chatha, Hafiz Dhaou et A\u00efcha M\u2019Barek<em>).\u00a0<\/em>Pr\u00e9vu en novembre 2020, cet enregistrement aura finalement lieu en juillet 2021 au Centre des Bords de Marne du Perreux sur Marne. Il r\u00e9unit 11 musicien\u00b7ne\u00b7s. Il est enregistr\u00e9 par G\u00e9rard de Haro des Studios la Buissonne.<\/p>\n<p>L&#8217;orchestre vous donne rendez-vous en 2022 pour la sortie de l\u2019album sur le label La Buissonne, distribu\u00e9 par Pias.<\/p>\n<p>&nbsp;<\/p>\n<p><iframe loading=\"lazy\" title=\"L&#039;Amour Sorcier Variations Musicales et Chor\u00e9graphiques inventives\" width=\"1140\" height=\"641\" src=\"https:\/\/www.youtube.com\/embed\/1S2q4irafrI?feature=oembed\" frameborder=\"0\" allow=\"accelerometer; autoplay; clipboard-write; encrypted-media; gyroscope; picture-in-picture\" allowfullscreen><\/iframe><\/p>\n<p><span class=\"caption\">Danzas Jean Mare Machado \u00a9 Bertrand Pichene<\/span><\/p>\n","protected":false},"excerpt":{"rendered":"<p>Jean Marie Machado et son orchestre Danzas enregistrent du 17 au 19 juillet 2021\u00a0Cantos Brujos\u00a0d\u2019apr\u00e8s l\u2019\u0153uvre de Manuel de Falla (Cantos Brujos\u00a0est le titre discographique du projet sc\u00e9nique musique et danse\u00a0l\u2019Amour Sorcier\u00a0avec les chor\u00e9graphes de la Compagnie Chatha, Hafiz Dhaou et A\u00efcha M\u2019Barek).\u00a0Pr\u00e9vu en novembre 2020, cet enregistrement aura finalement lieu en juillet 2021 au&#8230;<\/p>\n<p><a rel=\"bookmark\" class=\"theme-button-text wvc-button wvc-button-size-xs\" href=\"https:\/\/www.grandsformats.com\/en\/2021\/07\/danzas-enregistrement-du-cd-cantos-brujos\/\"><small class=\"wvc-button-background-fill\"><\/small><span>Continue reading<\/span><\/a><\/p>\n","protected":false},"author":2,"featured_media":15692,"comment_status":"open","ping_status":"open","sticky":false,"template":"","format":"standard","meta":{"_acf_changed":false,"footnotes":""},"categories":[95,861],"tags":[],"class_list":["post-15690","post","type-post","status-publish","format-standard","has-post-thumbnail","hentry","category-membres","category-jean-marie-machado-orchestre-danzas","entry-post-skin-light","entry","clearfix","entry-grid","entry-columns-default","entry-post-module-layout-sidebar-right","thumbnail-color-tone-dark","metro-landscape","is-youtube","entry-post","entry-masonry","entry-post-masonry"],"acf":[],"yoast_head":"<!-- This site is optimized with the Yoast SEO plugin v25.8 - https:\/\/yoast.com\/wordpress\/plugins\/seo\/ -->\n<title>Danzas : enregistrement du CD Cantos Brujos - Site officiel de la f\u00e9d\u00e9ration Grands Formats<\/title>\n<meta name=\"robots\" content=\"index, follow, max-snippet:-1, max-image-preview:large, max-video-preview:-1\" \/>\n<link rel=\"canonical\" href=\"https:\/\/www.grandsformats.com\/2021\/07\/danzas-enregistrement-du-cd-cantos-brujos\/\" \/>\n<meta property=\"og:locale\" content=\"en_US\" \/>\n<meta property=\"og:type\" content=\"article\" \/>\n<meta property=\"og:title\" content=\"Danzas : enregistrement du CD Cantos Brujos - Site officiel de la f\u00e9d\u00e9ration Grands Formats\" \/>\n<meta property=\"og:description\" content=\"Jean Marie Machado et son orchestre Danzas enregistrent du 17 au 19 juillet 2021\u00a0Cantos Brujos\u00a0d\u2019apr\u00e8s l\u2019\u0153uvre de Manuel de Falla (Cantos Brujos\u00a0est le titre discographique du projet sc\u00e9nique musique et danse\u00a0l\u2019Amour Sorcier\u00a0avec les chor\u00e9graphes de la Compagnie Chatha, Hafiz Dhaou et A\u00efcha M\u2019Barek).\u00a0Pr\u00e9vu en novembre 2020, cet enregistrement aura finalement lieu en juillet 2021 au...Continue reading\" \/>\n<meta property=\"og:url\" content=\"https:\/\/www.grandsformats.com\/2021\/07\/danzas-enregistrement-du-cd-cantos-brujos\/\" \/>\n<meta property=\"og:site_name\" content=\"Site officiel de la f\u00e9d\u00e9ration Grands Formats\" \/>\n<meta property=\"article:publisher\" content=\"https:\/\/www.facebook.com\/grandsformats\/\" \/>\n<meta property=\"article:published_time\" content=\"2021-07-05T10:16:53+00:00\" \/>\n<meta property=\"og:image\" content=\"https:\/\/www.grandsformats.com\/wp-content\/uploads\/2021\/07\/Danzas_JM_Machado-\u00a9-Bertrand-PICHENE.jpg\" \/>\n\t<meta property=\"og:image:width\" content=\"1920\" \/>\n\t<meta property=\"og:image:height\" content=\"1080\" \/>\n\t<meta property=\"og:image:type\" content=\"image\/jpeg\" \/>\n<meta name=\"author\" content=\"Grands Formats\" \/>\n<meta name=\"twitter:card\" content=\"summary_large_image\" \/>\n<meta name=\"twitter:creator\" content=\"@GrandsFormatsGF\" \/>\n<meta name=\"twitter:site\" content=\"@GrandsFormatsGF\" \/>\n<meta name=\"twitter:label1\" content=\"Written by\" \/>\n\t<meta name=\"twitter:data1\" content=\"Grands Formats\" \/>\n\t<meta name=\"twitter:label2\" content=\"Est. reading time\" \/>\n\t<meta name=\"twitter:data2\" content=\"1 minute\" \/>\n<script type=\"application\/ld+json\" class=\"yoast-schema-graph\">{\"@context\":\"https:\/\/schema.org\",\"@graph\":[{\"@type\":\"Article\",\"@id\":\"https:\/\/www.grandsformats.com\/2021\/07\/danzas-enregistrement-du-cd-cantos-brujos\/#article\",\"isPartOf\":{\"@id\":\"https:\/\/www.grandsformats.com\/2021\/07\/danzas-enregistrement-du-cd-cantos-brujos\/\"},\"author\":{\"name\":\"Grands Formats\",\"@id\":\"https:\/\/www.grandsformats.com\/#\/schema\/person\/6ecde7e38a2254b5bc9d620679208ee1\"},\"headline\":\"Danzas : enregistrement du CD Cantos Brujos\",\"datePublished\":\"2021-07-05T10:16:53+00:00\",\"mainEntityOfPage\":{\"@id\":\"https:\/\/www.grandsformats.com\/2021\/07\/danzas-enregistrement-du-cd-cantos-brujos\/\"},\"wordCount\":134,\"commentCount\":0,\"publisher\":{\"@id\":\"https:\/\/www.grandsformats.com\/#organization\"},\"image\":{\"@id\":\"https:\/\/www.grandsformats.com\/2021\/07\/danzas-enregistrement-du-cd-cantos-brujos\/#primaryimage\"},\"thumbnailUrl\":\"https:\/\/www.grandsformats.com\/wp-content\/uploads\/2021\/07\/Danzas_JM_Machado-\u00a9-Bertrand-PICHENE.jpg\",\"articleSection\":[\"Actus des membres\",\"Jean Marie Machado Orchestre Danzas\"],\"inLanguage\":\"en-US\",\"potentialAction\":[{\"@type\":\"CommentAction\",\"name\":\"Comment\",\"target\":[\"https:\/\/www.grandsformats.com\/2021\/07\/danzas-enregistrement-du-cd-cantos-brujos\/#respond\"]}]},{\"@type\":\"WebPage\",\"@id\":\"https:\/\/www.grandsformats.com\/2021\/07\/danzas-enregistrement-du-cd-cantos-brujos\/\",\"url\":\"https:\/\/www.grandsformats.com\/2021\/07\/danzas-enregistrement-du-cd-cantos-brujos\/\",\"name\":\"Danzas : enregistrement du CD Cantos Brujos - Site officiel de la f\u00e9d\u00e9ration Grands Formats\",\"isPartOf\":{\"@id\":\"https:\/\/www.grandsformats.com\/#website\"},\"primaryImageOfPage\":{\"@id\":\"https:\/\/www.grandsformats.com\/2021\/07\/danzas-enregistrement-du-cd-cantos-brujos\/#primaryimage\"},\"image\":{\"@id\":\"https:\/\/www.grandsformats.com\/2021\/07\/danzas-enregistrement-du-cd-cantos-brujos\/#primaryimage\"},\"thumbnailUrl\":\"https:\/\/www.grandsformats.com\/wp-content\/uploads\/2021\/07\/Danzas_JM_Machado-\u00a9-Bertrand-PICHENE.jpg\",\"datePublished\":\"2021-07-05T10:16:53+00:00\",\"breadcrumb\":{\"@id\":\"https:\/\/www.grandsformats.com\/2021\/07\/danzas-enregistrement-du-cd-cantos-brujos\/#breadcrumb\"},\"inLanguage\":\"en-US\",\"potentialAction\":[{\"@type\":\"ReadAction\",\"target\":[\"https:\/\/www.grandsformats.com\/2021\/07\/danzas-enregistrement-du-cd-cantos-brujos\/\"]}]},{\"@type\":\"ImageObject\",\"inLanguage\":\"en-US\",\"@id\":\"https:\/\/www.grandsformats.com\/2021\/07\/danzas-enregistrement-du-cd-cantos-brujos\/#primaryimage\",\"url\":\"https:\/\/www.grandsformats.com\/wp-content\/uploads\/2021\/07\/Danzas_JM_Machado-\u00a9-Bertrand-PICHENE.jpg\",\"contentUrl\":\"https:\/\/www.grandsformats.com\/wp-content\/uploads\/2021\/07\/Danzas_JM_Machado-\u00a9-Bertrand-PICHENE.jpg\",\"width\":1920,\"height\":1080,\"caption\":\"Danzas Jean Mare Machado \u00a9 Bertrand Pichene\"},{\"@type\":\"BreadcrumbList\",\"@id\":\"https:\/\/www.grandsformats.com\/2021\/07\/danzas-enregistrement-du-cd-cantos-brujos\/#breadcrumb\",\"itemListElement\":[{\"@type\":\"ListItem\",\"position\":1,\"name\":\"Accueil\",\"item\":\"https:\/\/www.grandsformats.com\/en\/\"},{\"@type\":\"ListItem\",\"position\":2,\"name\":\"Danzas : enregistrement du CD Cantos Brujos\"}]},{\"@type\":\"WebSite\",\"@id\":\"https:\/\/www.grandsformats.com\/#website\",\"url\":\"https:\/\/www.grandsformats.com\/\",\"name\":\"Site officiel de la f\u00e9d\u00e9ration Grands Formats\",\"description\":\"F\u00e9d\u00e9ration d&#039;artistes pour la musique en grand !\",\"publisher\":{\"@id\":\"https:\/\/www.grandsformats.com\/#organization\"},\"potentialAction\":[{\"@type\":\"SearchAction\",\"target\":{\"@type\":\"EntryPoint\",\"urlTemplate\":\"https:\/\/www.grandsformats.com\/?s={search_term_string}\"},\"query-input\":{\"@type\":\"PropertyValueSpecification\",\"valueRequired\":true,\"valueName\":\"search_term_string\"}}],\"inLanguage\":\"en-US\"},{\"@type\":\"Organization\",\"@id\":\"https:\/\/www.grandsformats.com\/#organization\",\"name\":\"Grands Formats\",\"url\":\"https:\/\/www.grandsformats.com\/\",\"logo\":{\"@type\":\"ImageObject\",\"inLanguage\":\"en-US\",\"@id\":\"https:\/\/www.grandsformats.com\/#\/schema\/logo\/image\/\",\"url\":\"https:\/\/www.grandsformats.com\/wp-content\/uploads\/2020\/03\/logo-GF-200.png\",\"contentUrl\":\"https:\/\/www.grandsformats.com\/wp-content\/uploads\/2020\/03\/logo-GF-200.png\",\"width\":155,\"height\":200,\"caption\":\"Grands Formats\"},\"image\":{\"@id\":\"https:\/\/www.grandsformats.com\/#\/schema\/logo\/image\/\"},\"sameAs\":[\"https:\/\/www.facebook.com\/grandsformats\/\",\"https:\/\/x.com\/GrandsFormatsGF\",\"https:\/\/www.instagram.com\/grandsformats\/\",\"https:\/\/www.youtube.com\/channel\/UCJ7k9dbqc_DG-nxI3WMPvhw?view_as=subscriberhttps:\/\/www.youtube.com\/channel\/UCJ7k9dbqc_DG-nxI3WMPvhw?view_as=subscriber\"]},{\"@type\":\"Person\",\"@id\":\"https:\/\/www.grandsformats.com\/#\/schema\/person\/6ecde7e38a2254b5bc9d620679208ee1\",\"name\":\"Grands Formats\",\"image\":{\"@type\":\"ImageObject\",\"inLanguage\":\"en-US\",\"@id\":\"https:\/\/www.grandsformats.com\/#\/schema\/person\/image\/\",\"url\":\"https:\/\/secure.gravatar.com\/avatar\/5d06febf5ba4681bd17a251487132861b5339c2d72f789e59decf1c1b05d0078?s=96&d=mm&r=g\",\"contentUrl\":\"https:\/\/secure.gravatar.com\/avatar\/5d06febf5ba4681bd17a251487132861b5339c2d72f789e59decf1c1b05d0078?s=96&d=mm&r=g\",\"caption\":\"Grands Formats\"},\"url\":\"https:\/\/www.grandsformats.com\/en\/author\/margaux\/\"}]}<\/script>\n<!-- \/ Yoast SEO plugin. -->","yoast_head_json":{"title":"Danzas : enregistrement du CD Cantos Brujos - Site officiel de la f\u00e9d\u00e9ration Grands Formats","robots":{"index":"index","follow":"follow","max-snippet":"max-snippet:-1","max-image-preview":"max-image-preview:large","max-video-preview":"max-video-preview:-1"},"canonical":"https:\/\/www.grandsformats.com\/2021\/07\/danzas-enregistrement-du-cd-cantos-brujos\/","og_locale":"en_US","og_type":"article","og_title":"Danzas : enregistrement du CD Cantos Brujos - Site officiel de la f\u00e9d\u00e9ration Grands Formats","og_description":"Jean Marie Machado et son orchestre Danzas enregistrent du 17 au 19 juillet 2021\u00a0Cantos Brujos\u00a0d\u2019apr\u00e8s l\u2019\u0153uvre de Manuel de Falla (Cantos Brujos\u00a0est le titre discographique du projet sc\u00e9nique musique et danse\u00a0l\u2019Amour Sorcier\u00a0avec les chor\u00e9graphes de la Compagnie Chatha, Hafiz Dhaou et A\u00efcha M\u2019Barek).\u00a0Pr\u00e9vu en novembre 2020, cet enregistrement aura finalement lieu en juillet 2021 au...Continue reading","og_url":"https:\/\/www.grandsformats.com\/2021\/07\/danzas-enregistrement-du-cd-cantos-brujos\/","og_site_name":"Site officiel de la f\u00e9d\u00e9ration Grands Formats","article_publisher":"https:\/\/www.facebook.com\/grandsformats\/","article_published_time":"2021-07-05T10:16:53+00:00","og_image":[{"width":1920,"height":1080,"url":"https:\/\/www.grandsformats.com\/wp-content\/uploads\/2021\/07\/Danzas_JM_Machado-\u00a9-Bertrand-PICHENE.jpg","type":"image\/jpeg"}],"author":"Grands Formats","twitter_card":"summary_large_image","twitter_creator":"@GrandsFormatsGF","twitter_site":"@GrandsFormatsGF","twitter_misc":{"Written by":"Grands Formats","Est. reading time":"1 minute"},"schema":{"@context":"https:\/\/schema.org","@graph":[{"@type":"Article","@id":"https:\/\/www.grandsformats.com\/2021\/07\/danzas-enregistrement-du-cd-cantos-brujos\/#article","isPartOf":{"@id":"https:\/\/www.grandsformats.com\/2021\/07\/danzas-enregistrement-du-cd-cantos-brujos\/"},"author":{"name":"Grands Formats","@id":"https:\/\/www.grandsformats.com\/#\/schema\/person\/6ecde7e38a2254b5bc9d620679208ee1"},"headline":"Danzas : enregistrement du CD Cantos Brujos","datePublished":"2021-07-05T10:16:53+00:00","mainEntityOfPage":{"@id":"https:\/\/www.grandsformats.com\/2021\/07\/danzas-enregistrement-du-cd-cantos-brujos\/"},"wordCount":134,"commentCount":0,"publisher":{"@id":"https:\/\/www.grandsformats.com\/#organization"},"image":{"@id":"https:\/\/www.grandsformats.com\/2021\/07\/danzas-enregistrement-du-cd-cantos-brujos\/#primaryimage"},"thumbnailUrl":"https:\/\/www.grandsformats.com\/wp-content\/uploads\/2021\/07\/Danzas_JM_Machado-\u00a9-Bertrand-PICHENE.jpg","articleSection":["Actus des membres","Jean Marie Machado Orchestre Danzas"],"inLanguage":"en-US","potentialAction":[{"@type":"CommentAction","name":"Comment","target":["https:\/\/www.grandsformats.com\/2021\/07\/danzas-enregistrement-du-cd-cantos-brujos\/#respond"]}]},{"@type":"WebPage","@id":"https:\/\/www.grandsformats.com\/2021\/07\/danzas-enregistrement-du-cd-cantos-brujos\/","url":"https:\/\/www.grandsformats.com\/2021\/07\/danzas-enregistrement-du-cd-cantos-brujos\/","name":"Danzas : enregistrement du CD Cantos Brujos - Site officiel de la f\u00e9d\u00e9ration Grands Formats","isPartOf":{"@id":"https:\/\/www.grandsformats.com\/#website"},"primaryImageOfPage":{"@id":"https:\/\/www.grandsformats.com\/2021\/07\/danzas-enregistrement-du-cd-cantos-brujos\/#primaryimage"},"image":{"@id":"https:\/\/www.grandsformats.com\/2021\/07\/danzas-enregistrement-du-cd-cantos-brujos\/#primaryimage"},"thumbnailUrl":"https:\/\/www.grandsformats.com\/wp-content\/uploads\/2021\/07\/Danzas_JM_Machado-\u00a9-Bertrand-PICHENE.jpg","datePublished":"2021-07-05T10:16:53+00:00","breadcrumb":{"@id":"https:\/\/www.grandsformats.com\/2021\/07\/danzas-enregistrement-du-cd-cantos-brujos\/#breadcrumb"},"inLanguage":"en-US","potentialAction":[{"@type":"ReadAction","target":["https:\/\/www.grandsformats.com\/2021\/07\/danzas-enregistrement-du-cd-cantos-brujos\/"]}]},{"@type":"ImageObject","inLanguage":"en-US","@id":"https:\/\/www.grandsformats.com\/2021\/07\/danzas-enregistrement-du-cd-cantos-brujos\/#primaryimage","url":"https:\/\/www.grandsformats.com\/wp-content\/uploads\/2021\/07\/Danzas_JM_Machado-\u00a9-Bertrand-PICHENE.jpg","contentUrl":"https:\/\/www.grandsformats.com\/wp-content\/uploads\/2021\/07\/Danzas_JM_Machado-\u00a9-Bertrand-PICHENE.jpg","width":1920,"height":1080,"caption":"Danzas Jean Mare Machado \u00a9 Bertrand Pichene"},{"@type":"BreadcrumbList","@id":"https:\/\/www.grandsformats.com\/2021\/07\/danzas-enregistrement-du-cd-cantos-brujos\/#breadcrumb","itemListElement":[{"@type":"ListItem","position":1,"name":"Accueil","item":"https:\/\/www.grandsformats.com\/en\/"},{"@type":"ListItem","position":2,"name":"Danzas : enregistrement du CD Cantos Brujos"}]},{"@type":"WebSite","@id":"https:\/\/www.grandsformats.com\/#website","url":"https:\/\/www.grandsformats.com\/","name":"Site officiel de la f\u00e9d\u00e9ration Grands Formats","description":"F\u00e9d\u00e9ration d&#039;artistes pour la musique en grand !","publisher":{"@id":"https:\/\/www.grandsformats.com\/#organization"},"potentialAction":[{"@type":"SearchAction","target":{"@type":"EntryPoint","urlTemplate":"https:\/\/www.grandsformats.com\/?s={search_term_string}"},"query-input":{"@type":"PropertyValueSpecification","valueRequired":true,"valueName":"search_term_string"}}],"inLanguage":"en-US"},{"@type":"Organization","@id":"https:\/\/www.grandsformats.com\/#organization","name":"Grands Formats","url":"https:\/\/www.grandsformats.com\/","logo":{"@type":"ImageObject","inLanguage":"en-US","@id":"https:\/\/www.grandsformats.com\/#\/schema\/logo\/image\/","url":"https:\/\/www.grandsformats.com\/wp-content\/uploads\/2020\/03\/logo-GF-200.png","contentUrl":"https:\/\/www.grandsformats.com\/wp-content\/uploads\/2020\/03\/logo-GF-200.png","width":155,"height":200,"caption":"Grands Formats"},"image":{"@id":"https:\/\/www.grandsformats.com\/#\/schema\/logo\/image\/"},"sameAs":["https:\/\/www.facebook.com\/grandsformats\/","https:\/\/x.com\/GrandsFormatsGF","https:\/\/www.instagram.com\/grandsformats\/","https:\/\/www.youtube.com\/channel\/UCJ7k9dbqc_DG-nxI3WMPvhw?view_as=subscriberhttps:\/\/www.youtube.com\/channel\/UCJ7k9dbqc_DG-nxI3WMPvhw?view_as=subscriber"]},{"@type":"Person","@id":"https:\/\/www.grandsformats.com\/#\/schema\/person\/6ecde7e38a2254b5bc9d620679208ee1","name":"Grands Formats","image":{"@type":"ImageObject","inLanguage":"en-US","@id":"https:\/\/www.grandsformats.com\/#\/schema\/person\/image\/","url":"https:\/\/secure.gravatar.com\/avatar\/5d06febf5ba4681bd17a251487132861b5339c2d72f789e59decf1c1b05d0078?s=96&d=mm&r=g","contentUrl":"https:\/\/secure.gravatar.com\/avatar\/5d06febf5ba4681bd17a251487132861b5339c2d72f789e59decf1c1b05d0078?s=96&d=mm&r=g","caption":"Grands Formats"},"url":"https:\/\/www.grandsformats.com\/en\/author\/margaux\/"}]}},"_links":{"self":[{"href":"https:\/\/www.grandsformats.com\/en\/wp-json\/wp\/v2\/posts\/15690","targetHints":{"allow":["GET"]}}],"collection":[{"href":"https:\/\/www.grandsformats.com\/en\/wp-json\/wp\/v2\/posts"}],"about":[{"href":"https:\/\/www.grandsformats.com\/en\/wp-json\/wp\/v2\/types\/post"}],"author":[{"embeddable":true,"href":"https:\/\/www.grandsformats.com\/en\/wp-json\/wp\/v2\/users\/2"}],"replies":[{"embeddable":true,"href":"https:\/\/www.grandsformats.com\/en\/wp-json\/wp\/v2\/comments?post=15690"}],"version-history":[{"count":0,"href":"https:\/\/www.grandsformats.com\/en\/wp-json\/wp\/v2\/posts\/15690\/revisions"}],"wp:featuredmedia":[{"embeddable":true,"href":"https:\/\/www.grandsformats.com\/en\/wp-json\/wp\/v2\/media\/15692"}],"wp:attachment":[{"href":"https:\/\/www.grandsformats.com\/en\/wp-json\/wp\/v2\/media?parent=15690"}],"wp:term":[{"taxonomy":"category","embeddable":true,"href":"https:\/\/www.grandsformats.com\/en\/wp-json\/wp\/v2\/categories?post=15690"},{"taxonomy":"post_tag","embeddable":true,"href":"https:\/\/www.grandsformats.com\/en\/wp-json\/wp\/v2\/tags?post=15690"}],"curies":[{"name":"wp","href":"https:\/\/api.w.org\/{rel}","templated":true}]}}