{"id":15670,"date":"2021-07-02T16:37:40","date_gmt":"2021-07-02T14:37:40","guid":{"rendered":"https:\/\/www.grandsformats.com\/?p=15670"},"modified":"2021-07-02T16:37:40","modified_gmt":"2021-07-02T14:37:40","slug":"moger-orchestra-avant-premiere-there-must-be-a-passage","status":"publish","type":"post","link":"https:\/\/www.grandsformats.com\/en\/2021\/07\/moger-orchestra-avant-premiere-there-must-be-a-passage\/","title":{"rendered":"Moger Orchestra : avant-premi\u00e8re &#8220;There must be a passage&#8221;"},"content":{"rendered":"<div class=\"\">\n<div class=\"\">\n<div class=\"\">\n<div class=\"\"><span style=\"color: #666666;\">V\u00e9ritable folk-band venu du Kreiz Breizh, <a href=\"https:\/\/www.grandsformats.com\/artist\/moger-orchestra\/\">Moger Orchestra<\/a> (\u00ab mur \u00bb en breton) partage un son dense et puissant entre courants pop-rock, \u00e9criture orchestrale et spoken word. Sur sc\u00e8ne, le chanteur et bassiste Dylan James porte la po\u00e9sie anglophone de Griselda Drouet travers\u00e9e par les th\u00e8mes de la sorcellerie et du d\u00e9r\u00e8glement climatique. Parfois scand\u00e9, d\u00e9clam\u00e9 ou chant\u00e9, ce voyage int\u00e9rieur prend racine dans une transe au timbre grave r\u00e9v\u00e9l\u00e9e par l\u2019orchestration rock et l\u2019\u00e9nergie d\u00e9bordante des huit musiciennes et musiciens. Chant, rythmique et instruments \u00e0 vents impulsent une atmosph\u00e8re singuli\u00e8re. Ce nouveau r\u00e9pertoire qui fourmille d\u2019ambiances, de rythmes et de couleurs, o\u00f9 chaque musicien se met au service du collectif sera pr\u00e9sent\u00e9 en avant-premi\u00e8re le 09 juillet au festival A\u00e9rolithes (Langonnet &#8211; 56).\u00a0<\/span><\/div>\n<div><\/div>\n<\/div>\n<div><a href=\"https:\/\/musiquestetues.com\/aerolithes\/\">Informations compl\u00e9mentaires<\/a><\/div>\n<\/div>\n<\/div>\n<p>&nbsp;<\/p>\n<p><span class=\"caption\">Moger Orchestra \u00a9 Eric Legret<\/span><\/p>\n","protected":false},"excerpt":{"rendered":"<p>V\u00e9ritable folk-band venu du Kreiz Breizh, Moger Orchestra (\u00ab mur \u00bb en breton) partage un son dense et puissant entre courants pop-rock, \u00e9criture orchestrale et spoken word. Sur sc\u00e8ne, le chanteur et bassiste Dylan James porte la po\u00e9sie anglophone de Griselda Drouet travers\u00e9e par les th\u00e8mes de la sorcellerie et du d\u00e9r\u00e8glement climatique. Parfois scand\u00e9,&#8230;<\/p>\n<p><a rel=\"bookmark\" class=\"theme-button-text wvc-button wvc-button-size-xs\" href=\"https:\/\/www.grandsformats.com\/en\/2021\/07\/moger-orchestra-avant-premiere-there-must-be-a-passage\/\"><small class=\"wvc-button-background-fill\"><\/small><span>Continue reading<\/span><\/a><\/p>\n","protected":false},"author":2,"featured_media":15543,"comment_status":"open","ping_status":"open","sticky":false,"template":"","format":"standard","meta":{"_acf_changed":false,"footnotes":""},"categories":[95,725],"tags":[],"class_list":["post-15670","post","type-post","status-publish","format-standard","has-post-thumbnail","hentry","category-membres","category-moger-orchestra","entry-post-skin-light","entry","clearfix","entry-grid","entry-columns-default","entry-post-module-layout-sidebar-right","thumbnail-color-tone-dark","metro-landscape","entry-post","entry-masonry","entry-post-masonry"],"acf":[],"yoast_head":"<!-- This site is optimized with the Yoast SEO plugin v25.8 - https:\/\/yoast.com\/wordpress\/plugins\/seo\/ -->\n<title>Moger Orchestra : avant-premi\u00e8re &quot;There must be a passage&quot; - Site officiel de la f\u00e9d\u00e9ration Grands Formats<\/title>\n<meta name=\"robots\" content=\"index, follow, max-snippet:-1, max-image-preview:large, max-video-preview:-1\" \/>\n<link rel=\"canonical\" href=\"https:\/\/www.grandsformats.com\/2021\/07\/moger-orchestra-avant-premiere-there-must-be-a-passage\/\" \/>\n<meta property=\"og:locale\" content=\"en_US\" \/>\n<meta property=\"og:type\" content=\"article\" \/>\n<meta property=\"og:title\" content=\"Moger Orchestra : avant-premi\u00e8re &quot;There must be a passage&quot; - Site officiel de la f\u00e9d\u00e9ration Grands Formats\" \/>\n<meta property=\"og:description\" content=\"V\u00e9ritable folk-band venu du Kreiz Breizh, Moger Orchestra (\u00ab mur \u00bb en breton) partage un son dense et puissant entre courants pop-rock, \u00e9criture orchestrale et spoken word. Sur sc\u00e8ne, le chanteur et bassiste Dylan James porte la po\u00e9sie anglophone de Griselda Drouet travers\u00e9e par les th\u00e8mes de la sorcellerie et du d\u00e9r\u00e8glement climatique. Parfois scand\u00e9,...Continue reading\" \/>\n<meta property=\"og:url\" content=\"https:\/\/www.grandsformats.com\/2021\/07\/moger-orchestra-avant-premiere-there-must-be-a-passage\/\" \/>\n<meta property=\"og:site_name\" content=\"Site officiel de la f\u00e9d\u00e9ration Grands Formats\" \/>\n<meta property=\"article:publisher\" content=\"https:\/\/www.facebook.com\/grandsformats\/\" \/>\n<meta property=\"article:published_time\" content=\"2021-07-02T14:37:40+00:00\" \/>\n<meta property=\"og:image\" content=\"https:\/\/www.grandsformats.com\/wp-content\/uploads\/2020\/03\/Moger-Orchestra-2021-\u00a9-Eric-Legret.jpg\" \/>\n\t<meta property=\"og:image:width\" content=\"1920\" \/>\n\t<meta property=\"og:image:height\" content=\"1080\" \/>\n\t<meta property=\"og:image:type\" content=\"image\/jpeg\" \/>\n<meta name=\"author\" content=\"Grands Formats\" \/>\n<meta name=\"twitter:card\" content=\"summary_large_image\" \/>\n<meta name=\"twitter:creator\" content=\"@GrandsFormatsGF\" \/>\n<meta name=\"twitter:site\" content=\"@GrandsFormatsGF\" \/>\n<meta name=\"twitter:label1\" content=\"Written by\" \/>\n\t<meta name=\"twitter:data1\" content=\"Grands Formats\" \/>\n\t<meta name=\"twitter:label2\" content=\"Est. reading time\" \/>\n\t<meta name=\"twitter:data2\" content=\"1 minute\" \/>\n<script type=\"application\/ld+json\" class=\"yoast-schema-graph\">{\"@context\":\"https:\/\/schema.org\",\"@graph\":[{\"@type\":\"Article\",\"@id\":\"https:\/\/www.grandsformats.com\/2021\/07\/moger-orchestra-avant-premiere-there-must-be-a-passage\/#article\",\"isPartOf\":{\"@id\":\"https:\/\/www.grandsformats.com\/2021\/07\/moger-orchestra-avant-premiere-there-must-be-a-passage\/\"},\"author\":{\"name\":\"Grands Formats\",\"@id\":\"https:\/\/www.grandsformats.com\/#\/schema\/person\/6ecde7e38a2254b5bc9d620679208ee1\"},\"headline\":\"Moger Orchestra : avant-premi\u00e8re &#8220;There must be a passage&#8221;\",\"datePublished\":\"2021-07-02T14:37:40+00:00\",\"mainEntityOfPage\":{\"@id\":\"https:\/\/www.grandsformats.com\/2021\/07\/moger-orchestra-avant-premiere-there-must-be-a-passage\/\"},\"wordCount\":158,\"commentCount\":0,\"publisher\":{\"@id\":\"https:\/\/www.grandsformats.com\/#organization\"},\"image\":{\"@id\":\"https:\/\/www.grandsformats.com\/2021\/07\/moger-orchestra-avant-premiere-there-must-be-a-passage\/#primaryimage\"},\"thumbnailUrl\":\"https:\/\/www.grandsformats.com\/wp-content\/uploads\/2020\/03\/Moger-Orchestra-2021-\u00a9-Eric-Legret.jpg\",\"articleSection\":[\"Actus des membres\",\"Moger Orchestra\"],\"inLanguage\":\"en-US\",\"potentialAction\":[{\"@type\":\"CommentAction\",\"name\":\"Comment\",\"target\":[\"https:\/\/www.grandsformats.com\/2021\/07\/moger-orchestra-avant-premiere-there-must-be-a-passage\/#respond\"]}]},{\"@type\":\"WebPage\",\"@id\":\"https:\/\/www.grandsformats.com\/2021\/07\/moger-orchestra-avant-premiere-there-must-be-a-passage\/\",\"url\":\"https:\/\/www.grandsformats.com\/2021\/07\/moger-orchestra-avant-premiere-there-must-be-a-passage\/\",\"name\":\"Moger Orchestra : avant-premi\u00e8re \\\"There must be a passage\\\" - Site officiel de la f\u00e9d\u00e9ration Grands Formats\",\"isPartOf\":{\"@id\":\"https:\/\/www.grandsformats.com\/#website\"},\"primaryImageOfPage\":{\"@id\":\"https:\/\/www.grandsformats.com\/2021\/07\/moger-orchestra-avant-premiere-there-must-be-a-passage\/#primaryimage\"},\"image\":{\"@id\":\"https:\/\/www.grandsformats.com\/2021\/07\/moger-orchestra-avant-premiere-there-must-be-a-passage\/#primaryimage\"},\"thumbnailUrl\":\"https:\/\/www.grandsformats.com\/wp-content\/uploads\/2020\/03\/Moger-Orchestra-2021-\u00a9-Eric-Legret.jpg\",\"datePublished\":\"2021-07-02T14:37:40+00:00\",\"breadcrumb\":{\"@id\":\"https:\/\/www.grandsformats.com\/2021\/07\/moger-orchestra-avant-premiere-there-must-be-a-passage\/#breadcrumb\"},\"inLanguage\":\"en-US\",\"potentialAction\":[{\"@type\":\"ReadAction\",\"target\":[\"https:\/\/www.grandsformats.com\/2021\/07\/moger-orchestra-avant-premiere-there-must-be-a-passage\/\"]}]},{\"@type\":\"ImageObject\",\"inLanguage\":\"en-US\",\"@id\":\"https:\/\/www.grandsformats.com\/2021\/07\/moger-orchestra-avant-premiere-there-must-be-a-passage\/#primaryimage\",\"url\":\"https:\/\/www.grandsformats.com\/wp-content\/uploads\/2020\/03\/Moger-Orchestra-2021-\u00a9-Eric-Legret.jpg\",\"contentUrl\":\"https:\/\/www.grandsformats.com\/wp-content\/uploads\/2020\/03\/Moger-Orchestra-2021-\u00a9-Eric-Legret.jpg\",\"width\":1920,\"height\":1080,\"caption\":\"\u00a9 Eric Legret\"},{\"@type\":\"BreadcrumbList\",\"@id\":\"https:\/\/www.grandsformats.com\/2021\/07\/moger-orchestra-avant-premiere-there-must-be-a-passage\/#breadcrumb\",\"itemListElement\":[{\"@type\":\"ListItem\",\"position\":1,\"name\":\"Accueil\",\"item\":\"https:\/\/www.grandsformats.com\/en\/\"},{\"@type\":\"ListItem\",\"position\":2,\"name\":\"Moger Orchestra : avant-premi\u00e8re \u00ab\u00a0There must be a passage\u00a0\u00bb\"}]},{\"@type\":\"WebSite\",\"@id\":\"https:\/\/www.grandsformats.com\/#website\",\"url\":\"https:\/\/www.grandsformats.com\/\",\"name\":\"Site officiel de la f\u00e9d\u00e9ration Grands Formats\",\"description\":\"F\u00e9d\u00e9ration d&#039;artistes pour la musique en grand !\",\"publisher\":{\"@id\":\"https:\/\/www.grandsformats.com\/#organization\"},\"potentialAction\":[{\"@type\":\"SearchAction\",\"target\":{\"@type\":\"EntryPoint\",\"urlTemplate\":\"https:\/\/www.grandsformats.com\/?s={search_term_string}\"},\"query-input\":{\"@type\":\"PropertyValueSpecification\",\"valueRequired\":true,\"valueName\":\"search_term_string\"}}],\"inLanguage\":\"en-US\"},{\"@type\":\"Organization\",\"@id\":\"https:\/\/www.grandsformats.com\/#organization\",\"name\":\"Grands Formats\",\"url\":\"https:\/\/www.grandsformats.com\/\",\"logo\":{\"@type\":\"ImageObject\",\"inLanguage\":\"en-US\",\"@id\":\"https:\/\/www.grandsformats.com\/#\/schema\/logo\/image\/\",\"url\":\"https:\/\/www.grandsformats.com\/wp-content\/uploads\/2020\/03\/logo-GF-200.png\",\"contentUrl\":\"https:\/\/www.grandsformats.com\/wp-content\/uploads\/2020\/03\/logo-GF-200.png\",\"width\":155,\"height\":200,\"caption\":\"Grands Formats\"},\"image\":{\"@id\":\"https:\/\/www.grandsformats.com\/#\/schema\/logo\/image\/\"},\"sameAs\":[\"https:\/\/www.facebook.com\/grandsformats\/\",\"https:\/\/x.com\/GrandsFormatsGF\",\"https:\/\/www.instagram.com\/grandsformats\/\",\"https:\/\/www.youtube.com\/channel\/UCJ7k9dbqc_DG-nxI3WMPvhw?view_as=subscriberhttps:\/\/www.youtube.com\/channel\/UCJ7k9dbqc_DG-nxI3WMPvhw?view_as=subscriber\"]},{\"@type\":\"Person\",\"@id\":\"https:\/\/www.grandsformats.com\/#\/schema\/person\/6ecde7e38a2254b5bc9d620679208ee1\",\"name\":\"Grands Formats\",\"image\":{\"@type\":\"ImageObject\",\"inLanguage\":\"en-US\",\"@id\":\"https:\/\/www.grandsformats.com\/#\/schema\/person\/image\/\",\"url\":\"https:\/\/secure.gravatar.com\/avatar\/5d06febf5ba4681bd17a251487132861b5339c2d72f789e59decf1c1b05d0078?s=96&d=mm&r=g\",\"contentUrl\":\"https:\/\/secure.gravatar.com\/avatar\/5d06febf5ba4681bd17a251487132861b5339c2d72f789e59decf1c1b05d0078?s=96&d=mm&r=g\",\"caption\":\"Grands Formats\"},\"url\":\"https:\/\/www.grandsformats.com\/en\/author\/margaux\/\"}]}<\/script>\n<!-- \/ Yoast SEO plugin. -->","yoast_head_json":{"title":"Moger Orchestra : avant-premi\u00e8re \"There must be a passage\" - Site officiel de la f\u00e9d\u00e9ration Grands Formats","robots":{"index":"index","follow":"follow","max-snippet":"max-snippet:-1","max-image-preview":"max-image-preview:large","max-video-preview":"max-video-preview:-1"},"canonical":"https:\/\/www.grandsformats.com\/2021\/07\/moger-orchestra-avant-premiere-there-must-be-a-passage\/","og_locale":"en_US","og_type":"article","og_title":"Moger Orchestra : avant-premi\u00e8re \"There must be a passage\" - Site officiel de la f\u00e9d\u00e9ration Grands Formats","og_description":"V\u00e9ritable folk-band venu du Kreiz Breizh, Moger Orchestra (\u00ab mur \u00bb en breton) partage un son dense et puissant entre courants pop-rock, \u00e9criture orchestrale et spoken word. Sur sc\u00e8ne, le chanteur et bassiste Dylan James porte la po\u00e9sie anglophone de Griselda Drouet travers\u00e9e par les th\u00e8mes de la sorcellerie et du d\u00e9r\u00e8glement climatique. Parfois scand\u00e9,...Continue reading","og_url":"https:\/\/www.grandsformats.com\/2021\/07\/moger-orchestra-avant-premiere-there-must-be-a-passage\/","og_site_name":"Site officiel de la f\u00e9d\u00e9ration Grands Formats","article_publisher":"https:\/\/www.facebook.com\/grandsformats\/","article_published_time":"2021-07-02T14:37:40+00:00","og_image":[{"width":1920,"height":1080,"url":"https:\/\/www.grandsformats.com\/wp-content\/uploads\/2020\/03\/Moger-Orchestra-2021-\u00a9-Eric-Legret.jpg","type":"image\/jpeg"}],"author":"Grands Formats","twitter_card":"summary_large_image","twitter_creator":"@GrandsFormatsGF","twitter_site":"@GrandsFormatsGF","twitter_misc":{"Written by":"Grands Formats","Est. reading time":"1 minute"},"schema":{"@context":"https:\/\/schema.org","@graph":[{"@type":"Article","@id":"https:\/\/www.grandsformats.com\/2021\/07\/moger-orchestra-avant-premiere-there-must-be-a-passage\/#article","isPartOf":{"@id":"https:\/\/www.grandsformats.com\/2021\/07\/moger-orchestra-avant-premiere-there-must-be-a-passage\/"},"author":{"name":"Grands Formats","@id":"https:\/\/www.grandsformats.com\/#\/schema\/person\/6ecde7e38a2254b5bc9d620679208ee1"},"headline":"Moger Orchestra : avant-premi\u00e8re &#8220;There must be a passage&#8221;","datePublished":"2021-07-02T14:37:40+00:00","mainEntityOfPage":{"@id":"https:\/\/www.grandsformats.com\/2021\/07\/moger-orchestra-avant-premiere-there-must-be-a-passage\/"},"wordCount":158,"commentCount":0,"publisher":{"@id":"https:\/\/www.grandsformats.com\/#organization"},"image":{"@id":"https:\/\/www.grandsformats.com\/2021\/07\/moger-orchestra-avant-premiere-there-must-be-a-passage\/#primaryimage"},"thumbnailUrl":"https:\/\/www.grandsformats.com\/wp-content\/uploads\/2020\/03\/Moger-Orchestra-2021-\u00a9-Eric-Legret.jpg","articleSection":["Actus des membres","Moger Orchestra"],"inLanguage":"en-US","potentialAction":[{"@type":"CommentAction","name":"Comment","target":["https:\/\/www.grandsformats.com\/2021\/07\/moger-orchestra-avant-premiere-there-must-be-a-passage\/#respond"]}]},{"@type":"WebPage","@id":"https:\/\/www.grandsformats.com\/2021\/07\/moger-orchestra-avant-premiere-there-must-be-a-passage\/","url":"https:\/\/www.grandsformats.com\/2021\/07\/moger-orchestra-avant-premiere-there-must-be-a-passage\/","name":"Moger Orchestra : avant-premi\u00e8re \"There must be a passage\" - Site officiel de la f\u00e9d\u00e9ration Grands Formats","isPartOf":{"@id":"https:\/\/www.grandsformats.com\/#website"},"primaryImageOfPage":{"@id":"https:\/\/www.grandsformats.com\/2021\/07\/moger-orchestra-avant-premiere-there-must-be-a-passage\/#primaryimage"},"image":{"@id":"https:\/\/www.grandsformats.com\/2021\/07\/moger-orchestra-avant-premiere-there-must-be-a-passage\/#primaryimage"},"thumbnailUrl":"https:\/\/www.grandsformats.com\/wp-content\/uploads\/2020\/03\/Moger-Orchestra-2021-\u00a9-Eric-Legret.jpg","datePublished":"2021-07-02T14:37:40+00:00","breadcrumb":{"@id":"https:\/\/www.grandsformats.com\/2021\/07\/moger-orchestra-avant-premiere-there-must-be-a-passage\/#breadcrumb"},"inLanguage":"en-US","potentialAction":[{"@type":"ReadAction","target":["https:\/\/www.grandsformats.com\/2021\/07\/moger-orchestra-avant-premiere-there-must-be-a-passage\/"]}]},{"@type":"ImageObject","inLanguage":"en-US","@id":"https:\/\/www.grandsformats.com\/2021\/07\/moger-orchestra-avant-premiere-there-must-be-a-passage\/#primaryimage","url":"https:\/\/www.grandsformats.com\/wp-content\/uploads\/2020\/03\/Moger-Orchestra-2021-\u00a9-Eric-Legret.jpg","contentUrl":"https:\/\/www.grandsformats.com\/wp-content\/uploads\/2020\/03\/Moger-Orchestra-2021-\u00a9-Eric-Legret.jpg","width":1920,"height":1080,"caption":"\u00a9 Eric Legret"},{"@type":"BreadcrumbList","@id":"https:\/\/www.grandsformats.com\/2021\/07\/moger-orchestra-avant-premiere-there-must-be-a-passage\/#breadcrumb","itemListElement":[{"@type":"ListItem","position":1,"name":"Accueil","item":"https:\/\/www.grandsformats.com\/en\/"},{"@type":"ListItem","position":2,"name":"Moger Orchestra : avant-premi\u00e8re \u00ab\u00a0There must be a passage\u00a0\u00bb"}]},{"@type":"WebSite","@id":"https:\/\/www.grandsformats.com\/#website","url":"https:\/\/www.grandsformats.com\/","name":"Site officiel de la f\u00e9d\u00e9ration Grands Formats","description":"F\u00e9d\u00e9ration d&#039;artistes pour la musique en grand !","publisher":{"@id":"https:\/\/www.grandsformats.com\/#organization"},"potentialAction":[{"@type":"SearchAction","target":{"@type":"EntryPoint","urlTemplate":"https:\/\/www.grandsformats.com\/?s={search_term_string}"},"query-input":{"@type":"PropertyValueSpecification","valueRequired":true,"valueName":"search_term_string"}}],"inLanguage":"en-US"},{"@type":"Organization","@id":"https:\/\/www.grandsformats.com\/#organization","name":"Grands Formats","url":"https:\/\/www.grandsformats.com\/","logo":{"@type":"ImageObject","inLanguage":"en-US","@id":"https:\/\/www.grandsformats.com\/#\/schema\/logo\/image\/","url":"https:\/\/www.grandsformats.com\/wp-content\/uploads\/2020\/03\/logo-GF-200.png","contentUrl":"https:\/\/www.grandsformats.com\/wp-content\/uploads\/2020\/03\/logo-GF-200.png","width":155,"height":200,"caption":"Grands Formats"},"image":{"@id":"https:\/\/www.grandsformats.com\/#\/schema\/logo\/image\/"},"sameAs":["https:\/\/www.facebook.com\/grandsformats\/","https:\/\/x.com\/GrandsFormatsGF","https:\/\/www.instagram.com\/grandsformats\/","https:\/\/www.youtube.com\/channel\/UCJ7k9dbqc_DG-nxI3WMPvhw?view_as=subscriberhttps:\/\/www.youtube.com\/channel\/UCJ7k9dbqc_DG-nxI3WMPvhw?view_as=subscriber"]},{"@type":"Person","@id":"https:\/\/www.grandsformats.com\/#\/schema\/person\/6ecde7e38a2254b5bc9d620679208ee1","name":"Grands Formats","image":{"@type":"ImageObject","inLanguage":"en-US","@id":"https:\/\/www.grandsformats.com\/#\/schema\/person\/image\/","url":"https:\/\/secure.gravatar.com\/avatar\/5d06febf5ba4681bd17a251487132861b5339c2d72f789e59decf1c1b05d0078?s=96&d=mm&r=g","contentUrl":"https:\/\/secure.gravatar.com\/avatar\/5d06febf5ba4681bd17a251487132861b5339c2d72f789e59decf1c1b05d0078?s=96&d=mm&r=g","caption":"Grands Formats"},"url":"https:\/\/www.grandsformats.com\/en\/author\/margaux\/"}]}},"_links":{"self":[{"href":"https:\/\/www.grandsformats.com\/en\/wp-json\/wp\/v2\/posts\/15670","targetHints":{"allow":["GET"]}}],"collection":[{"href":"https:\/\/www.grandsformats.com\/en\/wp-json\/wp\/v2\/posts"}],"about":[{"href":"https:\/\/www.grandsformats.com\/en\/wp-json\/wp\/v2\/types\/post"}],"author":[{"embeddable":true,"href":"https:\/\/www.grandsformats.com\/en\/wp-json\/wp\/v2\/users\/2"}],"replies":[{"embeddable":true,"href":"https:\/\/www.grandsformats.com\/en\/wp-json\/wp\/v2\/comments?post=15670"}],"version-history":[{"count":0,"href":"https:\/\/www.grandsformats.com\/en\/wp-json\/wp\/v2\/posts\/15670\/revisions"}],"wp:featuredmedia":[{"embeddable":true,"href":"https:\/\/www.grandsformats.com\/en\/wp-json\/wp\/v2\/media\/15543"}],"wp:attachment":[{"href":"https:\/\/www.grandsformats.com\/en\/wp-json\/wp\/v2\/media?parent=15670"}],"wp:term":[{"taxonomy":"category","embeddable":true,"href":"https:\/\/www.grandsformats.com\/en\/wp-json\/wp\/v2\/categories?post=15670"},{"taxonomy":"post_tag","embeddable":true,"href":"https:\/\/www.grandsformats.com\/en\/wp-json\/wp\/v2\/tags?post=15670"}],"curies":[{"name":"wp","href":"https:\/\/api.w.org\/{rel}","templated":true}]}}