{"id":15630,"date":"2021-06-22T11:50:13","date_gmt":"2021-06-22T09:50:13","guid":{"rendered":"https:\/\/www.grandsformats.com\/?p=15630"},"modified":"2021-07-09T11:58:08","modified_gmt":"2021-07-09T09:58:08","slug":"workshop-on-cultural-mobility-13-july-at-930","status":"publish","type":"post","link":"https:\/\/www.grandsformats.com\/en\/2021\/06\/workshop-on-cultural-mobility-13-july-at-930\/","title":{"rendered":"Workshop on cultural mobility, 13 July at 9:30"},"content":{"rendered":"<p data-testid=\"Mjb-MWHbs\"><span class=\"caption\">English :<\/span><\/p>\n<h4 class=\"text-build-content\" data-testid=\"Mjb-MWHbs\">Workshop on cultural mobility opportunities and current trends for support trends, 13 July at 9:30 (on-line)<\/h4>\n<p class=\"text-build-content\" data-testid=\"Mjb-MWHbs\">Invited by <a href=\"https:\/\/www.grandsformats.com\/en\/european-network\/\">Think Big!<\/a>, Marie Le Sourd, Secretary general &#8211; <a href=\"https:\/\/on-the-move.org\/\">On the Move<\/a>, will share tips about how to use and find information on On the Move&#8217;s website that can help not only to fund the mobility of artists and cultural professionals but also address issues related to visas, tax, social protection etc. She will also discuss current trends related to mobility formats and support schemes in a European and international context, trends often exacerbated by the current pandemic context.<\/p>\n<p data-testid=\"Mjb-MWHbs\">The workshop is organised in partnership with <a href=\"https:\/\/www.lesallumesdujazz.com\/\">Les Allum\u00e9s du Jazz<\/a>.<\/p>\n<p data-testid=\"Mjb-MWHbs\"><i>Exchanges will be conducted exclusively in English.\u00a0<\/i><\/p>\n<p data-testid=\"Mjb-MWHbs\">For more information and to get the Zoom link, please write to : co&#110;&#116;&#97;&#x63;&#x74;&#x40;&#x67;ra&#110;&#100;&#115;&#x66;&#x6f;&#x72;&#x6d;at&#115;&#46;&#99;&#x6f;&#x6d;<\/p>\n<hr \/>\n<p data-testid=\"Mjb-MWHbs\"><span class=\"caption\">Fran\u00e7ais :<\/span><\/p>\n<h4 data-testid=\"Mjb-MWHbs\">Atelier sur la mobilit\u00e9 internationale et les tendances actuelles en mati\u00e8re de soutiens, le 13 juillet \u00e0 9h30 en visioconf\u00e9rence<\/h4>\n<p>Invit\u00e9e par le r\u00e9seau europ\u00e9en de Grands Formats, <a href=\"https:\/\/www.grandsformats.com\/reseau-europeen\/\">Think Big!<\/a>, Marie Le Sourd, secr\u00e9taire g\u00e9n\u00e9rale de <a href=\"https:\/\/on-the-move.org\/\">On the Move<\/a>, partagera des conseils sur la mani\u00e8re d&#8217;utiliser et de trouver des informations sur le site web de On the Move qui peuvent aider non seulement \u00e0 financer la mobilit\u00e9 des artistes et des professionnel\u00b7le\u00b7s de la culture mais aussi \u00e0 r\u00e9soudre les probl\u00e8mes li\u00e9s aux visas, aux imp\u00f4ts, \u00e0 la protection sociale, etc. Marie Le Sourd abordera \u00e9galement les tendances actuelles li\u00e9es aux dispositifs de soutien dans un contexte europ\u00e9en et international.<\/p>\n<p>L&#8217;atelier est organis\u00e9 en partenariat avec <a href=\"https:\/\/www.lesallumesdujazz.com\/\">Les Allum\u00e9s du Jazz<\/a>.<\/p>\n<p><em>Les \u00e9changes se feront exclusivement en anglais.\u00a0<\/em><\/p>\n<p>Pour plus d&#8217;informations et obtenir le lien Zoom : &#99;&#x6f;&#110;&#x74;&#97;&#x63;&#116;&#x40;&#103;&#x72;&#97;&#x6e;&#100;&#x73;&#102;&#x6f;&#114;&#x6d;&#97;&#x74;&#115;&#x2e;&#99;&#x6f;&#109;.<\/p>\n","protected":false},"excerpt":{"rendered":"<p>English : Workshop on cultural mobility opportunities and current trends for support trends, 13 July at 9:30 (on-line) Invited by Think Big!, Marie Le Sourd, Secretary general &#8211; On the Move, will share tips about how to use and find information on On the Move&#8217;s website that can help not only to fund the mobility&#8230;<\/p>\n<p><a rel=\"bookmark\" class=\"theme-button-text wvc-button wvc-button-size-xs\" href=\"https:\/\/www.grandsformats.com\/en\/2021\/06\/workshop-on-cultural-mobility-13-july-at-930\/\"><small class=\"wvc-button-background-fill\"><\/small><span>Continue reading<\/span><\/a><\/p>\n","protected":false},"author":2,"featured_media":14715,"comment_status":"open","ping_status":"open","sticky":false,"template":"","format":"standard","meta":{"_acf_changed":false,"footnotes":""},"categories":[90,94],"tags":[],"class_list":["post-15630","post","type-post","status-publish","format-standard","has-post-thumbnail","hentry","category-grands-formats","category-ressources","entry-post-skin-light","entry","clearfix","entry-grid","entry-columns-default","entry-post-module-layout-sidebar-right","thumbnail-color-tone-dark","entry-post","entry-masonry","entry-post-masonry"],"acf":[],"yoast_head":"<!-- This site is optimized with the Yoast SEO plugin v25.8 - https:\/\/yoast.com\/wordpress\/plugins\/seo\/ -->\n<title>Workshop on cultural mobility, 13 July at 9:30 - Site officiel de la f\u00e9d\u00e9ration Grands Formats<\/title>\n<meta name=\"robots\" content=\"index, follow, max-snippet:-1, max-image-preview:large, max-video-preview:-1\" \/>\n<link rel=\"canonical\" href=\"https:\/\/www.grandsformats.com\/en\/2021\/06\/workshop-on-cultural-mobility-13-july-at-930\/\" \/>\n<meta property=\"og:locale\" content=\"en_US\" \/>\n<meta property=\"og:type\" content=\"article\" \/>\n<meta property=\"og:title\" content=\"Workshop on cultural mobility, 13 July at 9:30 - Site officiel de la f\u00e9d\u00e9ration Grands Formats\" \/>\n<meta property=\"og:description\" content=\"English : Workshop on cultural mobility opportunities and current trends for support trends, 13 July at 9:30 (on-line) Invited by Think Big!, Marie Le Sourd, Secretary general &#8211; On the Move, will share tips about how to use and find information on On the Move&#8217;s website that can help not only to fund the mobility...Continue reading\" \/>\n<meta property=\"og:url\" content=\"https:\/\/www.grandsformats.com\/en\/2021\/06\/workshop-on-cultural-mobility-13-july-at-930\/\" \/>\n<meta property=\"og:site_name\" content=\"Site officiel de la f\u00e9d\u00e9ration Grands Formats\" \/>\n<meta property=\"article:publisher\" content=\"https:\/\/www.facebook.com\/grandsformats\/\" \/>\n<meta property=\"article:published_time\" content=\"2021-06-22T09:50:13+00:00\" \/>\n<meta property=\"article:modified_time\" content=\"2021-07-09T09:58:08+00:00\" \/>\n<meta property=\"og:image\" content=\"https:\/\/www.grandsformats.com\/wp-content\/uploads\/2021\/01\/recrutement-emploi.jpg\" \/>\n\t<meta property=\"og:image:width\" content=\"1920\" \/>\n\t<meta property=\"og:image:height\" content=\"1280\" \/>\n\t<meta property=\"og:image:type\" content=\"image\/jpeg\" \/>\n<meta name=\"author\" content=\"Grands Formats\" \/>\n<meta name=\"twitter:card\" content=\"summary_large_image\" \/>\n<meta name=\"twitter:creator\" content=\"@GrandsFormatsGF\" \/>\n<meta name=\"twitter:site\" content=\"@GrandsFormatsGF\" \/>\n<meta name=\"twitter:label1\" content=\"Written by\" \/>\n\t<meta name=\"twitter:data1\" content=\"Grands Formats\" \/>\n\t<meta name=\"twitter:label2\" content=\"Est. reading time\" \/>\n\t<meta name=\"twitter:data2\" content=\"2 minutes\" \/>\n<script type=\"application\/ld+json\" class=\"yoast-schema-graph\">{\"@context\":\"https:\/\/schema.org\",\"@graph\":[{\"@type\":\"Article\",\"@id\":\"https:\/\/www.grandsformats.com\/en\/2021\/06\/workshop-on-cultural-mobility-13-july-at-930\/#article\",\"isPartOf\":{\"@id\":\"https:\/\/www.grandsformats.com\/en\/2021\/06\/workshop-on-cultural-mobility-13-july-at-930\/\"},\"author\":{\"name\":\"Grands Formats\",\"@id\":\"https:\/\/www.grandsformats.com\/#\/schema\/person\/6ecde7e38a2254b5bc9d620679208ee1\"},\"headline\":\"Workshop on cultural mobility, 13 July at 9:30\",\"datePublished\":\"2021-06-22T09:50:13+00:00\",\"dateModified\":\"2021-07-09T09:58:08+00:00\",\"mainEntityOfPage\":{\"@id\":\"https:\/\/www.grandsformats.com\/en\/2021\/06\/workshop-on-cultural-mobility-13-july-at-930\/\"},\"wordCount\":293,\"commentCount\":0,\"publisher\":{\"@id\":\"https:\/\/www.grandsformats.com\/#organization\"},\"image\":{\"@id\":\"https:\/\/www.grandsformats.com\/en\/2021\/06\/workshop-on-cultural-mobility-13-july-at-930\/#primaryimage\"},\"thumbnailUrl\":\"https:\/\/www.grandsformats.com\/wp-content\/uploads\/2021\/01\/recrutement-emploi.jpg\",\"articleSection\":[\"Actus de la f\u00e9d\u00e9\",\"Ressources\"],\"inLanguage\":\"en-US\",\"potentialAction\":[{\"@type\":\"CommentAction\",\"name\":\"Comment\",\"target\":[\"https:\/\/www.grandsformats.com\/en\/2021\/06\/workshop-on-cultural-mobility-13-july-at-930\/#respond\"]}]},{\"@type\":\"WebPage\",\"@id\":\"https:\/\/www.grandsformats.com\/en\/2021\/06\/workshop-on-cultural-mobility-13-july-at-930\/\",\"url\":\"https:\/\/www.grandsformats.com\/en\/2021\/06\/workshop-on-cultural-mobility-13-july-at-930\/\",\"name\":\"Workshop on cultural mobility, 13 July at 9:30 - Site officiel de la f\u00e9d\u00e9ration Grands Formats\",\"isPartOf\":{\"@id\":\"https:\/\/www.grandsformats.com\/#website\"},\"primaryImageOfPage\":{\"@id\":\"https:\/\/www.grandsformats.com\/en\/2021\/06\/workshop-on-cultural-mobility-13-july-at-930\/#primaryimage\"},\"image\":{\"@id\":\"https:\/\/www.grandsformats.com\/en\/2021\/06\/workshop-on-cultural-mobility-13-july-at-930\/#primaryimage\"},\"thumbnailUrl\":\"https:\/\/www.grandsformats.com\/wp-content\/uploads\/2021\/01\/recrutement-emploi.jpg\",\"datePublished\":\"2021-06-22T09:50:13+00:00\",\"dateModified\":\"2021-07-09T09:58:08+00:00\",\"breadcrumb\":{\"@id\":\"https:\/\/www.grandsformats.com\/en\/2021\/06\/workshop-on-cultural-mobility-13-july-at-930\/#breadcrumb\"},\"inLanguage\":\"en-US\",\"potentialAction\":[{\"@type\":\"ReadAction\",\"target\":[\"https:\/\/www.grandsformats.com\/en\/2021\/06\/workshop-on-cultural-mobility-13-july-at-930\/\"]}]},{\"@type\":\"ImageObject\",\"inLanguage\":\"en-US\",\"@id\":\"https:\/\/www.grandsformats.com\/en\/2021\/06\/workshop-on-cultural-mobility-13-july-at-930\/#primaryimage\",\"url\":\"https:\/\/www.grandsformats.com\/wp-content\/uploads\/2021\/01\/recrutement-emploi.jpg\",\"contentUrl\":\"https:\/\/www.grandsformats.com\/wp-content\/uploads\/2021\/01\/recrutement-emploi.jpg\",\"width\":1920,\"height\":1280,\"caption\":\"travail au bureau\"},{\"@type\":\"BreadcrumbList\",\"@id\":\"https:\/\/www.grandsformats.com\/en\/2021\/06\/workshop-on-cultural-mobility-13-july-at-930\/#breadcrumb\",\"itemListElement\":[{\"@type\":\"ListItem\",\"position\":1,\"name\":\"Accueil\",\"item\":\"https:\/\/www.grandsformats.com\/en\/\"},{\"@type\":\"ListItem\",\"position\":2,\"name\":\"Workshop on cultural mobility, 13 July at 9:30\"}]},{\"@type\":\"WebSite\",\"@id\":\"https:\/\/www.grandsformats.com\/#website\",\"url\":\"https:\/\/www.grandsformats.com\/\",\"name\":\"Site officiel de la f\u00e9d\u00e9ration Grands Formats\",\"description\":\"F\u00e9d\u00e9ration d&#039;artistes pour la musique en grand !\",\"publisher\":{\"@id\":\"https:\/\/www.grandsformats.com\/#organization\"},\"potentialAction\":[{\"@type\":\"SearchAction\",\"target\":{\"@type\":\"EntryPoint\",\"urlTemplate\":\"https:\/\/www.grandsformats.com\/?s={search_term_string}\"},\"query-input\":{\"@type\":\"PropertyValueSpecification\",\"valueRequired\":true,\"valueName\":\"search_term_string\"}}],\"inLanguage\":\"en-US\"},{\"@type\":\"Organization\",\"@id\":\"https:\/\/www.grandsformats.com\/#organization\",\"name\":\"Grands Formats\",\"url\":\"https:\/\/www.grandsformats.com\/\",\"logo\":{\"@type\":\"ImageObject\",\"inLanguage\":\"en-US\",\"@id\":\"https:\/\/www.grandsformats.com\/#\/schema\/logo\/image\/\",\"url\":\"https:\/\/www.grandsformats.com\/wp-content\/uploads\/2020\/03\/logo-GF-200.png\",\"contentUrl\":\"https:\/\/www.grandsformats.com\/wp-content\/uploads\/2020\/03\/logo-GF-200.png\",\"width\":155,\"height\":200,\"caption\":\"Grands Formats\"},\"image\":{\"@id\":\"https:\/\/www.grandsformats.com\/#\/schema\/logo\/image\/\"},\"sameAs\":[\"https:\/\/www.facebook.com\/grandsformats\/\",\"https:\/\/x.com\/GrandsFormatsGF\",\"https:\/\/www.instagram.com\/grandsformats\/\",\"https:\/\/www.youtube.com\/channel\/UCJ7k9dbqc_DG-nxI3WMPvhw?view_as=subscriberhttps:\/\/www.youtube.com\/channel\/UCJ7k9dbqc_DG-nxI3WMPvhw?view_as=subscriber\"]},{\"@type\":\"Person\",\"@id\":\"https:\/\/www.grandsformats.com\/#\/schema\/person\/6ecde7e38a2254b5bc9d620679208ee1\",\"name\":\"Grands Formats\",\"image\":{\"@type\":\"ImageObject\",\"inLanguage\":\"en-US\",\"@id\":\"https:\/\/www.grandsformats.com\/#\/schema\/person\/image\/\",\"url\":\"https:\/\/secure.gravatar.com\/avatar\/5d06febf5ba4681bd17a251487132861b5339c2d72f789e59decf1c1b05d0078?s=96&d=mm&r=g\",\"contentUrl\":\"https:\/\/secure.gravatar.com\/avatar\/5d06febf5ba4681bd17a251487132861b5339c2d72f789e59decf1c1b05d0078?s=96&d=mm&r=g\",\"caption\":\"Grands Formats\"},\"url\":\"https:\/\/www.grandsformats.com\/en\/author\/margaux\/\"}]}<\/script>\n<!-- \/ Yoast SEO plugin. -->","yoast_head_json":{"title":"Workshop on cultural mobility, 13 July at 9:30 - Site officiel de la f\u00e9d\u00e9ration Grands Formats","robots":{"index":"index","follow":"follow","max-snippet":"max-snippet:-1","max-image-preview":"max-image-preview:large","max-video-preview":"max-video-preview:-1"},"canonical":"https:\/\/www.grandsformats.com\/en\/2021\/06\/workshop-on-cultural-mobility-13-july-at-930\/","og_locale":"en_US","og_type":"article","og_title":"Workshop on cultural mobility, 13 July at 9:30 - Site officiel de la f\u00e9d\u00e9ration Grands Formats","og_description":"English : Workshop on cultural mobility opportunities and current trends for support trends, 13 July at 9:30 (on-line) Invited by Think Big!, Marie Le Sourd, Secretary general &#8211; On the Move, will share tips about how to use and find information on On the Move&#8217;s website that can help not only to fund the mobility...Continue reading","og_url":"https:\/\/www.grandsformats.com\/en\/2021\/06\/workshop-on-cultural-mobility-13-july-at-930\/","og_site_name":"Site officiel de la f\u00e9d\u00e9ration Grands Formats","article_publisher":"https:\/\/www.facebook.com\/grandsformats\/","article_published_time":"2021-06-22T09:50:13+00:00","article_modified_time":"2021-07-09T09:58:08+00:00","og_image":[{"width":1920,"height":1280,"url":"https:\/\/www.grandsformats.com\/wp-content\/uploads\/2021\/01\/recrutement-emploi.jpg","type":"image\/jpeg"}],"author":"Grands Formats","twitter_card":"summary_large_image","twitter_creator":"@GrandsFormatsGF","twitter_site":"@GrandsFormatsGF","twitter_misc":{"Written by":"Grands Formats","Est. reading time":"2 minutes"},"schema":{"@context":"https:\/\/schema.org","@graph":[{"@type":"Article","@id":"https:\/\/www.grandsformats.com\/en\/2021\/06\/workshop-on-cultural-mobility-13-july-at-930\/#article","isPartOf":{"@id":"https:\/\/www.grandsformats.com\/en\/2021\/06\/workshop-on-cultural-mobility-13-july-at-930\/"},"author":{"name":"Grands Formats","@id":"https:\/\/www.grandsformats.com\/#\/schema\/person\/6ecde7e38a2254b5bc9d620679208ee1"},"headline":"Workshop on cultural mobility, 13 July at 9:30","datePublished":"2021-06-22T09:50:13+00:00","dateModified":"2021-07-09T09:58:08+00:00","mainEntityOfPage":{"@id":"https:\/\/www.grandsformats.com\/en\/2021\/06\/workshop-on-cultural-mobility-13-july-at-930\/"},"wordCount":293,"commentCount":0,"publisher":{"@id":"https:\/\/www.grandsformats.com\/#organization"},"image":{"@id":"https:\/\/www.grandsformats.com\/en\/2021\/06\/workshop-on-cultural-mobility-13-july-at-930\/#primaryimage"},"thumbnailUrl":"https:\/\/www.grandsformats.com\/wp-content\/uploads\/2021\/01\/recrutement-emploi.jpg","articleSection":["Actus de la f\u00e9d\u00e9","Ressources"],"inLanguage":"en-US","potentialAction":[{"@type":"CommentAction","name":"Comment","target":["https:\/\/www.grandsformats.com\/en\/2021\/06\/workshop-on-cultural-mobility-13-july-at-930\/#respond"]}]},{"@type":"WebPage","@id":"https:\/\/www.grandsformats.com\/en\/2021\/06\/workshop-on-cultural-mobility-13-july-at-930\/","url":"https:\/\/www.grandsformats.com\/en\/2021\/06\/workshop-on-cultural-mobility-13-july-at-930\/","name":"Workshop on cultural mobility, 13 July at 9:30 - Site officiel de la f\u00e9d\u00e9ration Grands Formats","isPartOf":{"@id":"https:\/\/www.grandsformats.com\/#website"},"primaryImageOfPage":{"@id":"https:\/\/www.grandsformats.com\/en\/2021\/06\/workshop-on-cultural-mobility-13-july-at-930\/#primaryimage"},"image":{"@id":"https:\/\/www.grandsformats.com\/en\/2021\/06\/workshop-on-cultural-mobility-13-july-at-930\/#primaryimage"},"thumbnailUrl":"https:\/\/www.grandsformats.com\/wp-content\/uploads\/2021\/01\/recrutement-emploi.jpg","datePublished":"2021-06-22T09:50:13+00:00","dateModified":"2021-07-09T09:58:08+00:00","breadcrumb":{"@id":"https:\/\/www.grandsformats.com\/en\/2021\/06\/workshop-on-cultural-mobility-13-july-at-930\/#breadcrumb"},"inLanguage":"en-US","potentialAction":[{"@type":"ReadAction","target":["https:\/\/www.grandsformats.com\/en\/2021\/06\/workshop-on-cultural-mobility-13-july-at-930\/"]}]},{"@type":"ImageObject","inLanguage":"en-US","@id":"https:\/\/www.grandsformats.com\/en\/2021\/06\/workshop-on-cultural-mobility-13-july-at-930\/#primaryimage","url":"https:\/\/www.grandsformats.com\/wp-content\/uploads\/2021\/01\/recrutement-emploi.jpg","contentUrl":"https:\/\/www.grandsformats.com\/wp-content\/uploads\/2021\/01\/recrutement-emploi.jpg","width":1920,"height":1280,"caption":"travail au bureau"},{"@type":"BreadcrumbList","@id":"https:\/\/www.grandsformats.com\/en\/2021\/06\/workshop-on-cultural-mobility-13-july-at-930\/#breadcrumb","itemListElement":[{"@type":"ListItem","position":1,"name":"Accueil","item":"https:\/\/www.grandsformats.com\/en\/"},{"@type":"ListItem","position":2,"name":"Workshop on cultural mobility, 13 July at 9:30"}]},{"@type":"WebSite","@id":"https:\/\/www.grandsformats.com\/#website","url":"https:\/\/www.grandsformats.com\/","name":"Site officiel de la f\u00e9d\u00e9ration Grands Formats","description":"F\u00e9d\u00e9ration d&#039;artistes pour la musique en grand !","publisher":{"@id":"https:\/\/www.grandsformats.com\/#organization"},"potentialAction":[{"@type":"SearchAction","target":{"@type":"EntryPoint","urlTemplate":"https:\/\/www.grandsformats.com\/?s={search_term_string}"},"query-input":{"@type":"PropertyValueSpecification","valueRequired":true,"valueName":"search_term_string"}}],"inLanguage":"en-US"},{"@type":"Organization","@id":"https:\/\/www.grandsformats.com\/#organization","name":"Grands Formats","url":"https:\/\/www.grandsformats.com\/","logo":{"@type":"ImageObject","inLanguage":"en-US","@id":"https:\/\/www.grandsformats.com\/#\/schema\/logo\/image\/","url":"https:\/\/www.grandsformats.com\/wp-content\/uploads\/2020\/03\/logo-GF-200.png","contentUrl":"https:\/\/www.grandsformats.com\/wp-content\/uploads\/2020\/03\/logo-GF-200.png","width":155,"height":200,"caption":"Grands Formats"},"image":{"@id":"https:\/\/www.grandsformats.com\/#\/schema\/logo\/image\/"},"sameAs":["https:\/\/www.facebook.com\/grandsformats\/","https:\/\/x.com\/GrandsFormatsGF","https:\/\/www.instagram.com\/grandsformats\/","https:\/\/www.youtube.com\/channel\/UCJ7k9dbqc_DG-nxI3WMPvhw?view_as=subscriberhttps:\/\/www.youtube.com\/channel\/UCJ7k9dbqc_DG-nxI3WMPvhw?view_as=subscriber"]},{"@type":"Person","@id":"https:\/\/www.grandsformats.com\/#\/schema\/person\/6ecde7e38a2254b5bc9d620679208ee1","name":"Grands Formats","image":{"@type":"ImageObject","inLanguage":"en-US","@id":"https:\/\/www.grandsformats.com\/#\/schema\/person\/image\/","url":"https:\/\/secure.gravatar.com\/avatar\/5d06febf5ba4681bd17a251487132861b5339c2d72f789e59decf1c1b05d0078?s=96&d=mm&r=g","contentUrl":"https:\/\/secure.gravatar.com\/avatar\/5d06febf5ba4681bd17a251487132861b5339c2d72f789e59decf1c1b05d0078?s=96&d=mm&r=g","caption":"Grands Formats"},"url":"https:\/\/www.grandsformats.com\/en\/author\/margaux\/"}]}},"_links":{"self":[{"href":"https:\/\/www.grandsformats.com\/en\/wp-json\/wp\/v2\/posts\/15630","targetHints":{"allow":["GET"]}}],"collection":[{"href":"https:\/\/www.grandsformats.com\/en\/wp-json\/wp\/v2\/posts"}],"about":[{"href":"https:\/\/www.grandsformats.com\/en\/wp-json\/wp\/v2\/types\/post"}],"author":[{"embeddable":true,"href":"https:\/\/www.grandsformats.com\/en\/wp-json\/wp\/v2\/users\/2"}],"replies":[{"embeddable":true,"href":"https:\/\/www.grandsformats.com\/en\/wp-json\/wp\/v2\/comments?post=15630"}],"version-history":[{"count":0,"href":"https:\/\/www.grandsformats.com\/en\/wp-json\/wp\/v2\/posts\/15630\/revisions"}],"wp:featuredmedia":[{"embeddable":true,"href":"https:\/\/www.grandsformats.com\/en\/wp-json\/wp\/v2\/media\/14715"}],"wp:attachment":[{"href":"https:\/\/www.grandsformats.com\/en\/wp-json\/wp\/v2\/media?parent=15630"}],"wp:term":[{"taxonomy":"category","embeddable":true,"href":"https:\/\/www.grandsformats.com\/en\/wp-json\/wp\/v2\/categories?post=15630"},{"taxonomy":"post_tag","embeddable":true,"href":"https:\/\/www.grandsformats.com\/en\/wp-json\/wp\/v2\/tags?post=15630"}],"curies":[{"name":"wp","href":"https:\/\/api.w.org\/{rel}","templated":true}]}}