{"id":15260,"date":"2021-05-05T12:03:27","date_gmt":"2021-05-05T10:03:27","guid":{"rendered":"https:\/\/www.grandsformats.com\/?p=15260"},"modified":"2021-05-11T12:26:10","modified_gmt":"2021-05-11T10:26:10","slug":"wanderlust-orchestra-showcase-30-mai-2021","status":"publish","type":"post","link":"https:\/\/www.grandsformats.com\/en\/2021\/05\/wanderlust-orchestra-showcase-30-mai-2021\/","title":{"rendered":"Wanderlust Orchestra en showcase pro le 19 mai"},"content":{"rendered":"<p>Accueillis en r\u00e9sidence au Th\u00e9\u00e2tre de Saint-Quentin-en-Yvelines, Ellinoa et le <a href=\"https:\/\/www.grandsformats.com\/artist\/wanderlust-orchestra\/\">Wanderlust Orchestra<\/a> apporteront les derni\u00e8res touches \u00e0 leur nouvelle cr\u00e9ation,<em> Ville Totale<\/em>, un programme enti\u00e8rement r\u00e9alis\u00e9 en 3D sonore. Pendant la r\u00e9sidence, le grand ensemble organisera un showcase pro le 19 mai 2021.<\/p>\n<p>Au terme de la r\u00e9sidence, l&#8217;orchestre se produira lors d&#8217;un concert qui sera diffus\u00e9 sur <a href=\"https:\/\/adlib-tv.com\/\">AdLib TV<\/a> le 30 mai 2021. Cette captation sera l&#8217;occasion d&#8217;inviter les professionnel\u00b7le\u00b7s \u00e0 d\u00e9couvrir cette \u0153uvre innovante dans les conditions du son immersif.<\/p>\n<p>Pour toute demande d&#8217;accr\u00e9ditation, contactez : <a href=\"ma&#105;&#108;&#116;&#x6f;&#x3a;&#x6c;&#x65;&#x73;pt&#105;&#116;&#115;&#x63;&#x61;&#x69;&#x6c;&#x6c;ou&#120;&#57;&#49;&#x40;&#x6f;&#x72;&#x61;&#x6e;ge&#46;&#102;&#114;\">&#108;&#x65;s&#112;&#x74;i&#x74;&#x73;&#99;&#x61;i&#108;&#x6c;o&#117;&#x78;&#57;&#x31;&#64;&#111;&#x72;a&#110;&#x67;&#101;&#x2e;&#x66;&#114;<\/a><\/p>\n<p class=\"p1\"><span class=\"s1 caption\">\u00a9 DR<\/span><\/p>\n","protected":false},"excerpt":{"rendered":"<p>Accueillis en r\u00e9sidence au Th\u00e9\u00e2tre de Saint-Quentin-en-Yvelines, Ellinoa et le Wanderlust Orchestra apporteront les derni\u00e8res touches \u00e0 leur nouvelle cr\u00e9ation, Ville Totale, un programme enti\u00e8rement r\u00e9alis\u00e9 en 3D sonore. Pendant la r\u00e9sidence, le grand ensemble organisera un showcase pro le 19 mai 2021. Au terme de la r\u00e9sidence, l&#8217;orchestre se produira lors d&#8217;un concert qui&#8230;<\/p>\n<p><a rel=\"bookmark\" class=\"theme-button-text wvc-button wvc-button-size-xs\" href=\"https:\/\/www.grandsformats.com\/en\/2021\/05\/wanderlust-orchestra-showcase-30-mai-2021\/\"><small class=\"wvc-button-background-fill\"><\/small><span>Continue reading<\/span><\/a><\/p>\n","protected":false},"author":2,"featured_media":14100,"comment_status":"open","ping_status":"open","sticky":false,"template":"","format":"standard","meta":{"_acf_changed":false,"footnotes":""},"categories":[95,663],"tags":[],"class_list":["post-15260","post","type-post","status-publish","format-standard","has-post-thumbnail","hentry","category-membres","category-wanderlust-orchestra","entry-post-skin-light","entry","clearfix","entry-grid","entry-columns-default","entry-post-module-layout-sidebar-right","thumbnail-color-tone-dark","metro-landscape","entry-post","entry-masonry","entry-post-masonry"],"acf":[],"yoast_head":"<!-- This site is optimized with the Yoast SEO plugin v25.8 - https:\/\/yoast.com\/wordpress\/plugins\/seo\/ -->\n<title>Wanderlust Orchestra en showcase pro le 19 mai - Site officiel de la f\u00e9d\u00e9ration Grands Formats<\/title>\n<meta name=\"robots\" content=\"index, follow, max-snippet:-1, max-image-preview:large, max-video-preview:-1\" \/>\n<link rel=\"canonical\" href=\"https:\/\/www.grandsformats.com\/2021\/05\/wanderlust-orchestra-showcase-30-mai-2021\/\" \/>\n<meta property=\"og:locale\" content=\"en_US\" \/>\n<meta property=\"og:type\" content=\"article\" \/>\n<meta property=\"og:title\" content=\"Wanderlust Orchestra en showcase pro le 19 mai - Site officiel de la f\u00e9d\u00e9ration Grands Formats\" \/>\n<meta property=\"og:description\" content=\"Accueillis en r\u00e9sidence au Th\u00e9\u00e2tre de Saint-Quentin-en-Yvelines, Ellinoa et le Wanderlust Orchestra apporteront les derni\u00e8res touches \u00e0 leur nouvelle cr\u00e9ation, Ville Totale, un programme enti\u00e8rement r\u00e9alis\u00e9 en 3D sonore. Pendant la r\u00e9sidence, le grand ensemble organisera un showcase pro le 19 mai 2021. Au terme de la r\u00e9sidence, l&#8217;orchestre se produira lors d&#8217;un concert qui...Continue reading\" \/>\n<meta property=\"og:url\" content=\"https:\/\/www.grandsformats.com\/2021\/05\/wanderlust-orchestra-showcase-30-mai-2021\/\" \/>\n<meta property=\"og:site_name\" content=\"Site officiel de la f\u00e9d\u00e9ration Grands Formats\" \/>\n<meta property=\"article:publisher\" content=\"https:\/\/www.facebook.com\/grandsformats\/\" \/>\n<meta property=\"article:published_time\" content=\"2021-05-05T10:03:27+00:00\" \/>\n<meta property=\"article:modified_time\" content=\"2021-05-11T10:26:10+00:00\" \/>\n<meta property=\"og:image\" content=\"https:\/\/www.grandsformats.com\/wp-content\/uploads\/2020\/09\/ville-totale-carre\u0301-LIGHT.jpg\" \/>\n\t<meta property=\"og:image:width\" content=\"1920\" \/>\n\t<meta property=\"og:image:height\" content=\"1080\" \/>\n\t<meta property=\"og:image:type\" content=\"image\/jpeg\" \/>\n<meta name=\"author\" content=\"Grands Formats\" \/>\n<meta name=\"twitter:card\" content=\"summary_large_image\" \/>\n<meta name=\"twitter:creator\" content=\"@GrandsFormatsGF\" \/>\n<meta name=\"twitter:site\" content=\"@GrandsFormatsGF\" \/>\n<meta name=\"twitter:label1\" content=\"Written by\" \/>\n\t<meta name=\"twitter:data1\" content=\"Grands Formats\" \/>\n<script type=\"application\/ld+json\" class=\"yoast-schema-graph\">{\"@context\":\"https:\/\/schema.org\",\"@graph\":[{\"@type\":\"Article\",\"@id\":\"https:\/\/www.grandsformats.com\/2021\/05\/wanderlust-orchestra-showcase-30-mai-2021\/#article\",\"isPartOf\":{\"@id\":\"https:\/\/www.grandsformats.com\/2021\/05\/wanderlust-orchestra-showcase-30-mai-2021\/\"},\"author\":{\"name\":\"Grands Formats\",\"@id\":\"https:\/\/www.grandsformats.com\/#\/schema\/person\/6ecde7e38a2254b5bc9d620679208ee1\"},\"headline\":\"Wanderlust Orchestra en showcase pro le 19 mai\",\"datePublished\":\"2021-05-05T10:03:27+00:00\",\"dateModified\":\"2021-05-11T10:26:10+00:00\",\"mainEntityOfPage\":{\"@id\":\"https:\/\/www.grandsformats.com\/2021\/05\/wanderlust-orchestra-showcase-30-mai-2021\/\"},\"wordCount\":109,\"commentCount\":0,\"publisher\":{\"@id\":\"https:\/\/www.grandsformats.com\/#organization\"},\"image\":{\"@id\":\"https:\/\/www.grandsformats.com\/2021\/05\/wanderlust-orchestra-showcase-30-mai-2021\/#primaryimage\"},\"thumbnailUrl\":\"https:\/\/www.grandsformats.com\/wp-content\/uploads\/2020\/09\/ville-totale-carre\u0301-LIGHT.jpg\",\"articleSection\":[\"Actus des membres\",\"Wanderlust Orchestra\"],\"inLanguage\":\"en-US\",\"potentialAction\":[{\"@type\":\"CommentAction\",\"name\":\"Comment\",\"target\":[\"https:\/\/www.grandsformats.com\/2021\/05\/wanderlust-orchestra-showcase-30-mai-2021\/#respond\"]}]},{\"@type\":\"WebPage\",\"@id\":\"https:\/\/www.grandsformats.com\/2021\/05\/wanderlust-orchestra-showcase-30-mai-2021\/\",\"url\":\"https:\/\/www.grandsformats.com\/2021\/05\/wanderlust-orchestra-showcase-30-mai-2021\/\",\"name\":\"Wanderlust Orchestra en showcase pro le 19 mai - Site officiel de la f\u00e9d\u00e9ration Grands Formats\",\"isPartOf\":{\"@id\":\"https:\/\/www.grandsformats.com\/#website\"},\"primaryImageOfPage\":{\"@id\":\"https:\/\/www.grandsformats.com\/2021\/05\/wanderlust-orchestra-showcase-30-mai-2021\/#primaryimage\"},\"image\":{\"@id\":\"https:\/\/www.grandsformats.com\/2021\/05\/wanderlust-orchestra-showcase-30-mai-2021\/#primaryimage\"},\"thumbnailUrl\":\"https:\/\/www.grandsformats.com\/wp-content\/uploads\/2020\/09\/ville-totale-carre\u0301-LIGHT.jpg\",\"datePublished\":\"2021-05-05T10:03:27+00:00\",\"dateModified\":\"2021-05-11T10:26:10+00:00\",\"breadcrumb\":{\"@id\":\"https:\/\/www.grandsformats.com\/2021\/05\/wanderlust-orchestra-showcase-30-mai-2021\/#breadcrumb\"},\"inLanguage\":\"en-US\",\"potentialAction\":[{\"@type\":\"ReadAction\",\"target\":[\"https:\/\/www.grandsformats.com\/2021\/05\/wanderlust-orchestra-showcase-30-mai-2021\/\"]}]},{\"@type\":\"ImageObject\",\"inLanguage\":\"en-US\",\"@id\":\"https:\/\/www.grandsformats.com\/2021\/05\/wanderlust-orchestra-showcase-30-mai-2021\/#primaryimage\",\"url\":\"https:\/\/www.grandsformats.com\/wp-content\/uploads\/2020\/09\/ville-totale-carre\u0301-LIGHT.jpg\",\"contentUrl\":\"https:\/\/www.grandsformats.com\/wp-content\/uploads\/2020\/09\/ville-totale-carre\u0301-LIGHT.jpg\",\"width\":1920,\"height\":1080,\"caption\":\"\u00a9 DR\"},{\"@type\":\"BreadcrumbList\",\"@id\":\"https:\/\/www.grandsformats.com\/2021\/05\/wanderlust-orchestra-showcase-30-mai-2021\/#breadcrumb\",\"itemListElement\":[{\"@type\":\"ListItem\",\"position\":1,\"name\":\"Accueil\",\"item\":\"https:\/\/www.grandsformats.com\/en\/\"},{\"@type\":\"ListItem\",\"position\":2,\"name\":\"Wanderlust Orchestra en showcase pro le 19 mai\"}]},{\"@type\":\"WebSite\",\"@id\":\"https:\/\/www.grandsformats.com\/#website\",\"url\":\"https:\/\/www.grandsformats.com\/\",\"name\":\"Site officiel de la f\u00e9d\u00e9ration Grands Formats\",\"description\":\"F\u00e9d\u00e9ration d&#039;artistes pour la musique en grand !\",\"publisher\":{\"@id\":\"https:\/\/www.grandsformats.com\/#organization\"},\"potentialAction\":[{\"@type\":\"SearchAction\",\"target\":{\"@type\":\"EntryPoint\",\"urlTemplate\":\"https:\/\/www.grandsformats.com\/?s={search_term_string}\"},\"query-input\":{\"@type\":\"PropertyValueSpecification\",\"valueRequired\":true,\"valueName\":\"search_term_string\"}}],\"inLanguage\":\"en-US\"},{\"@type\":\"Organization\",\"@id\":\"https:\/\/www.grandsformats.com\/#organization\",\"name\":\"Grands Formats\",\"url\":\"https:\/\/www.grandsformats.com\/\",\"logo\":{\"@type\":\"ImageObject\",\"inLanguage\":\"en-US\",\"@id\":\"https:\/\/www.grandsformats.com\/#\/schema\/logo\/image\/\",\"url\":\"https:\/\/www.grandsformats.com\/wp-content\/uploads\/2020\/03\/logo-GF-200.png\",\"contentUrl\":\"https:\/\/www.grandsformats.com\/wp-content\/uploads\/2020\/03\/logo-GF-200.png\",\"width\":155,\"height\":200,\"caption\":\"Grands Formats\"},\"image\":{\"@id\":\"https:\/\/www.grandsformats.com\/#\/schema\/logo\/image\/\"},\"sameAs\":[\"https:\/\/www.facebook.com\/grandsformats\/\",\"https:\/\/x.com\/GrandsFormatsGF\",\"https:\/\/www.instagram.com\/grandsformats\/\",\"https:\/\/www.youtube.com\/channel\/UCJ7k9dbqc_DG-nxI3WMPvhw?view_as=subscriberhttps:\/\/www.youtube.com\/channel\/UCJ7k9dbqc_DG-nxI3WMPvhw?view_as=subscriber\"]},{\"@type\":\"Person\",\"@id\":\"https:\/\/www.grandsformats.com\/#\/schema\/person\/6ecde7e38a2254b5bc9d620679208ee1\",\"name\":\"Grands Formats\",\"image\":{\"@type\":\"ImageObject\",\"inLanguage\":\"en-US\",\"@id\":\"https:\/\/www.grandsformats.com\/#\/schema\/person\/image\/\",\"url\":\"https:\/\/secure.gravatar.com\/avatar\/5d06febf5ba4681bd17a251487132861b5339c2d72f789e59decf1c1b05d0078?s=96&d=mm&r=g\",\"contentUrl\":\"https:\/\/secure.gravatar.com\/avatar\/5d06febf5ba4681bd17a251487132861b5339c2d72f789e59decf1c1b05d0078?s=96&d=mm&r=g\",\"caption\":\"Grands Formats\"},\"url\":\"https:\/\/www.grandsformats.com\/en\/author\/margaux\/\"}]}<\/script>\n<!-- \/ Yoast SEO plugin. -->","yoast_head_json":{"title":"Wanderlust Orchestra en showcase pro le 19 mai - Site officiel de la f\u00e9d\u00e9ration Grands Formats","robots":{"index":"index","follow":"follow","max-snippet":"max-snippet:-1","max-image-preview":"max-image-preview:large","max-video-preview":"max-video-preview:-1"},"canonical":"https:\/\/www.grandsformats.com\/2021\/05\/wanderlust-orchestra-showcase-30-mai-2021\/","og_locale":"en_US","og_type":"article","og_title":"Wanderlust Orchestra en showcase pro le 19 mai - Site officiel de la f\u00e9d\u00e9ration Grands Formats","og_description":"Accueillis en r\u00e9sidence au Th\u00e9\u00e2tre de Saint-Quentin-en-Yvelines, Ellinoa et le Wanderlust Orchestra apporteront les derni\u00e8res touches \u00e0 leur nouvelle cr\u00e9ation, Ville Totale, un programme enti\u00e8rement r\u00e9alis\u00e9 en 3D sonore. Pendant la r\u00e9sidence, le grand ensemble organisera un showcase pro le 19 mai 2021. Au terme de la r\u00e9sidence, l&#8217;orchestre se produira lors d&#8217;un concert qui...Continue reading","og_url":"https:\/\/www.grandsformats.com\/2021\/05\/wanderlust-orchestra-showcase-30-mai-2021\/","og_site_name":"Site officiel de la f\u00e9d\u00e9ration Grands Formats","article_publisher":"https:\/\/www.facebook.com\/grandsformats\/","article_published_time":"2021-05-05T10:03:27+00:00","article_modified_time":"2021-05-11T10:26:10+00:00","og_image":[{"width":1920,"height":1080,"url":"https:\/\/www.grandsformats.com\/wp-content\/uploads\/2020\/09\/ville-totale-carre\u0301-LIGHT.jpg","type":"image\/jpeg"}],"author":"Grands Formats","twitter_card":"summary_large_image","twitter_creator":"@GrandsFormatsGF","twitter_site":"@GrandsFormatsGF","twitter_misc":{"Written by":"Grands Formats"},"schema":{"@context":"https:\/\/schema.org","@graph":[{"@type":"Article","@id":"https:\/\/www.grandsformats.com\/2021\/05\/wanderlust-orchestra-showcase-30-mai-2021\/#article","isPartOf":{"@id":"https:\/\/www.grandsformats.com\/2021\/05\/wanderlust-orchestra-showcase-30-mai-2021\/"},"author":{"name":"Grands Formats","@id":"https:\/\/www.grandsformats.com\/#\/schema\/person\/6ecde7e38a2254b5bc9d620679208ee1"},"headline":"Wanderlust Orchestra en showcase pro le 19 mai","datePublished":"2021-05-05T10:03:27+00:00","dateModified":"2021-05-11T10:26:10+00:00","mainEntityOfPage":{"@id":"https:\/\/www.grandsformats.com\/2021\/05\/wanderlust-orchestra-showcase-30-mai-2021\/"},"wordCount":109,"commentCount":0,"publisher":{"@id":"https:\/\/www.grandsformats.com\/#organization"},"image":{"@id":"https:\/\/www.grandsformats.com\/2021\/05\/wanderlust-orchestra-showcase-30-mai-2021\/#primaryimage"},"thumbnailUrl":"https:\/\/www.grandsformats.com\/wp-content\/uploads\/2020\/09\/ville-totale-carre\u0301-LIGHT.jpg","articleSection":["Actus des membres","Wanderlust Orchestra"],"inLanguage":"en-US","potentialAction":[{"@type":"CommentAction","name":"Comment","target":["https:\/\/www.grandsformats.com\/2021\/05\/wanderlust-orchestra-showcase-30-mai-2021\/#respond"]}]},{"@type":"WebPage","@id":"https:\/\/www.grandsformats.com\/2021\/05\/wanderlust-orchestra-showcase-30-mai-2021\/","url":"https:\/\/www.grandsformats.com\/2021\/05\/wanderlust-orchestra-showcase-30-mai-2021\/","name":"Wanderlust Orchestra en showcase pro le 19 mai - Site officiel de la f\u00e9d\u00e9ration Grands Formats","isPartOf":{"@id":"https:\/\/www.grandsformats.com\/#website"},"primaryImageOfPage":{"@id":"https:\/\/www.grandsformats.com\/2021\/05\/wanderlust-orchestra-showcase-30-mai-2021\/#primaryimage"},"image":{"@id":"https:\/\/www.grandsformats.com\/2021\/05\/wanderlust-orchestra-showcase-30-mai-2021\/#primaryimage"},"thumbnailUrl":"https:\/\/www.grandsformats.com\/wp-content\/uploads\/2020\/09\/ville-totale-carre\u0301-LIGHT.jpg","datePublished":"2021-05-05T10:03:27+00:00","dateModified":"2021-05-11T10:26:10+00:00","breadcrumb":{"@id":"https:\/\/www.grandsformats.com\/2021\/05\/wanderlust-orchestra-showcase-30-mai-2021\/#breadcrumb"},"inLanguage":"en-US","potentialAction":[{"@type":"ReadAction","target":["https:\/\/www.grandsformats.com\/2021\/05\/wanderlust-orchestra-showcase-30-mai-2021\/"]}]},{"@type":"ImageObject","inLanguage":"en-US","@id":"https:\/\/www.grandsformats.com\/2021\/05\/wanderlust-orchestra-showcase-30-mai-2021\/#primaryimage","url":"https:\/\/www.grandsformats.com\/wp-content\/uploads\/2020\/09\/ville-totale-carre\u0301-LIGHT.jpg","contentUrl":"https:\/\/www.grandsformats.com\/wp-content\/uploads\/2020\/09\/ville-totale-carre\u0301-LIGHT.jpg","width":1920,"height":1080,"caption":"\u00a9 DR"},{"@type":"BreadcrumbList","@id":"https:\/\/www.grandsformats.com\/2021\/05\/wanderlust-orchestra-showcase-30-mai-2021\/#breadcrumb","itemListElement":[{"@type":"ListItem","position":1,"name":"Accueil","item":"https:\/\/www.grandsformats.com\/en\/"},{"@type":"ListItem","position":2,"name":"Wanderlust Orchestra en showcase pro le 19 mai"}]},{"@type":"WebSite","@id":"https:\/\/www.grandsformats.com\/#website","url":"https:\/\/www.grandsformats.com\/","name":"Site officiel de la f\u00e9d\u00e9ration Grands Formats","description":"F\u00e9d\u00e9ration d&#039;artistes pour la musique en grand !","publisher":{"@id":"https:\/\/www.grandsformats.com\/#organization"},"potentialAction":[{"@type":"SearchAction","target":{"@type":"EntryPoint","urlTemplate":"https:\/\/www.grandsformats.com\/?s={search_term_string}"},"query-input":{"@type":"PropertyValueSpecification","valueRequired":true,"valueName":"search_term_string"}}],"inLanguage":"en-US"},{"@type":"Organization","@id":"https:\/\/www.grandsformats.com\/#organization","name":"Grands Formats","url":"https:\/\/www.grandsformats.com\/","logo":{"@type":"ImageObject","inLanguage":"en-US","@id":"https:\/\/www.grandsformats.com\/#\/schema\/logo\/image\/","url":"https:\/\/www.grandsformats.com\/wp-content\/uploads\/2020\/03\/logo-GF-200.png","contentUrl":"https:\/\/www.grandsformats.com\/wp-content\/uploads\/2020\/03\/logo-GF-200.png","width":155,"height":200,"caption":"Grands Formats"},"image":{"@id":"https:\/\/www.grandsformats.com\/#\/schema\/logo\/image\/"},"sameAs":["https:\/\/www.facebook.com\/grandsformats\/","https:\/\/x.com\/GrandsFormatsGF","https:\/\/www.instagram.com\/grandsformats\/","https:\/\/www.youtube.com\/channel\/UCJ7k9dbqc_DG-nxI3WMPvhw?view_as=subscriberhttps:\/\/www.youtube.com\/channel\/UCJ7k9dbqc_DG-nxI3WMPvhw?view_as=subscriber"]},{"@type":"Person","@id":"https:\/\/www.grandsformats.com\/#\/schema\/person\/6ecde7e38a2254b5bc9d620679208ee1","name":"Grands Formats","image":{"@type":"ImageObject","inLanguage":"en-US","@id":"https:\/\/www.grandsformats.com\/#\/schema\/person\/image\/","url":"https:\/\/secure.gravatar.com\/avatar\/5d06febf5ba4681bd17a251487132861b5339c2d72f789e59decf1c1b05d0078?s=96&d=mm&r=g","contentUrl":"https:\/\/secure.gravatar.com\/avatar\/5d06febf5ba4681bd17a251487132861b5339c2d72f789e59decf1c1b05d0078?s=96&d=mm&r=g","caption":"Grands Formats"},"url":"https:\/\/www.grandsformats.com\/en\/author\/margaux\/"}]}},"_links":{"self":[{"href":"https:\/\/www.grandsformats.com\/en\/wp-json\/wp\/v2\/posts\/15260","targetHints":{"allow":["GET"]}}],"collection":[{"href":"https:\/\/www.grandsformats.com\/en\/wp-json\/wp\/v2\/posts"}],"about":[{"href":"https:\/\/www.grandsformats.com\/en\/wp-json\/wp\/v2\/types\/post"}],"author":[{"embeddable":true,"href":"https:\/\/www.grandsformats.com\/en\/wp-json\/wp\/v2\/users\/2"}],"replies":[{"embeddable":true,"href":"https:\/\/www.grandsformats.com\/en\/wp-json\/wp\/v2\/comments?post=15260"}],"version-history":[{"count":0,"href":"https:\/\/www.grandsformats.com\/en\/wp-json\/wp\/v2\/posts\/15260\/revisions"}],"wp:featuredmedia":[{"embeddable":true,"href":"https:\/\/www.grandsformats.com\/en\/wp-json\/wp\/v2\/media\/14100"}],"wp:attachment":[{"href":"https:\/\/www.grandsformats.com\/en\/wp-json\/wp\/v2\/media?parent=15260"}],"wp:term":[{"taxonomy":"category","embeddable":true,"href":"https:\/\/www.grandsformats.com\/en\/wp-json\/wp\/v2\/categories?post=15260"},{"taxonomy":"post_tag","embeddable":true,"href":"https:\/\/www.grandsformats.com\/en\/wp-json\/wp\/v2\/tags?post=15260"}],"curies":[{"name":"wp","href":"https:\/\/api.w.org\/{rel}","templated":true}]}}