{"id":15239,"date":"2021-05-05T12:31:27","date_gmt":"2021-05-05T10:31:27","guid":{"rendered":"https:\/\/www.grandsformats.com\/?p=15239"},"modified":"2021-05-05T12:31:27","modified_gmt":"2021-05-05T10:31:27","slug":"comment-diversifier-le-jazz-sans-le-tuer-et-comment-ne-mourrait-il-pas-sil-ne-se-diversifiait","status":"publish","type":"post","link":"https:\/\/www.grandsformats.com\/en\/2021\/05\/comment-diversifier-le-jazz-sans-le-tuer-et-comment-ne-mourrait-il-pas-sil-ne-se-diversifiait\/","title":{"rendered":"\u00ab\u00a0Comment diversifier le jazz sans le tuer et comment ne mourrait-il pas s\u2019il ne se diversifiait\u00a0?\u00a0\u00bb"},"content":{"rendered":"<p>Cette question est un des <strong><em>douze principes pour un compositeur de Jazz<\/em><\/strong> propos\u00e9s \u00e0 notre r\u00e9flexion par Andr\u00e9 Hodeir dont on c\u00e9l\u00e8bre \u00e0 la fois le centenaire de la naissance et les 10 ans de la disparition.<\/p>\n<p>90 ann\u00e9es pendant lesquelles il a marqu\u00e9 d\u2019une empreinte singuli\u00e8re et tr\u00e8s personnelle l\u2019analyse musicale, la litt\u00e9rature mais aussi et surtout l\u2019arrangement et la composition. L\u2019ONJ a r\u00e9cemment c\u00e9l\u00e9br\u00e9 de tr\u00e8s belle mani\u00e8re la m\u00e9moire de ce g\u00e9nie de l\u2019\u00e9criture en reprenant <em>Anna Livia Plurabelle. <\/em><\/p>\n<p>Cette question de la diversification de l\u2019\u00e9criture, des genres musicaux, des formats, plus particuli\u00e8rement dans le jazz, compositrices et compositeurs, nous nous la posons tous les jours devant notre feuille blanche.<\/p>\n<p>Toutefois, comment vivre cette r\u00e9flexion et la prolonger \u00e0 travers notre travail au sein de nos orchestres respectifs, v\u00e9ritables laboratoires d\u2019exp\u00e9riences compositionnelles, lorsque ceux-ci sont \u00e0 l\u2019arr\u00eat ou en perfusion v\u00e9g\u00e9tative\u00a0?<\/p>\n<p>Loin de moi la volont\u00e9 de nous imposer une lecture trop sombre de l\u2019actualit\u00e9, m\u00eame si la tentation est grande, l\u2019exc\u00e8s de gravit\u00e9 menant g\u00e9n\u00e9ralement \u00e0 l\u2019effondrement. Mais comment poursuivre le processus cr\u00e9atif jusqu\u2019\u00e0 son terme lorsque les objectifs sont repouss\u00e9s sans arr\u00eat, r\u00e9duits, voire, lorsque les \u00e9v\u00e8nements sont purement annul\u00e9s pour permettre aux cr\u00e9ations d\u2019autres artistes de b\u00e9n\u00e9ficier d\u2019une maigre chance de voir le jour ?<\/p>\n<p>La notion de tripartition prend tout son sens en cette p\u00e9riode o\u00f9 l\u2019on v\u00e9rifie que, pour qu\u2019une \u0153uvre existe, cr\u00e9ation, interpr\u00e9tation et r\u00e9ception de l\u2019\u0153uvre doivent exister concomitamment ou successivement. Or le dernier chainon est celui qui nous manque cruellement aujourd\u2019hui et qui, selon moi, freine terriblement le premier. Sans vouloir me raconter, j\u2019ai noirci depuis un an de nombreux cahiers de brouillon, mais je ne suis all\u00e9 que rarement au bout de mes id\u00e9es, et je pense honn\u00eatement n\u2019avoir rien cr\u00e9\u00e9 de bien bon. Je suis tr\u00e8s envieux de ceux qui ont su mettre \u00e0 profit cette p\u00e9riode pour, au contraire, laisser \u00e9clore leur cr\u00e9ativit\u00e9.<\/p>\n<p>Notre \u00e9nergie, pour la majorit\u00e9 d\u2019entre nous, a surtout \u00e9t\u00e9 phagocyt\u00e9e par les d\u00e9marches administratives chronophages permettant de garder nos structures en vie et faire en sorte qu\u2019elles soient op\u00e9rationnelles \u00e0 la sortie de cette sombre p\u00e9riode.<\/p>\n<p>La plupart ont b\u00e9n\u00e9fici\u00e9 d\u2019aides publiques et, en comparant la situation avec d\u2019autres pays, nous pouvons nous estimer privil\u00e9gi\u00e9s.<\/p>\n<p>Malgr\u00e9 cela, l\u2019avenir reste trop incertain pour beaucoup de musiciennes et de musiciens pour \u00eatre serein. Plus largement, c\u2019est la diffusion de nos musiques et le mod\u00e8le \u00e9conomique de nos Grands Formats qui est en question.<\/p>\n<p>La situation des soci\u00e9t\u00e9s civiles, suite au proc\u00e8s de la Cour Europ\u00e9enne de justice, est critique\u00a0: que va-t-il advenir des clubs, des festivals et de nos structures qui b\u00e9n\u00e9ficiaient jusqu\u2019alors des aides \u00e0 la cr\u00e9ation et \u00e0 la diffusion\u00a0?<\/p>\n<p>Quel relais sera pris de mani\u00e8re p\u00e9renne par les DRAC, le CNM ou les collectivit\u00e9s territoriales pour faire en sorte que nos musiques soient diffus\u00e9es, aient toute leur place dans notre paysage culturel, le tout sans consid\u00e9ration esth\u00e9tique afin que l\u2019argent public profite \u00e0 tous les publics\u00a0?<\/p>\n<p>Cette question m\u00e9rite d\u2019\u00eatre pos\u00e9e aux membres des comit\u00e9s de toutes ces instances afin qu\u2019on puisse donner \u00e0 la phrase d\u2019Andr\u00e9 HODEIR une acception plus large\u00a0: \u00ab\u00a0<em>Comment aider la musique \u00e0 se diversifier sans la tuer et comment ne mourrait-elle pas si on ne l\u2019aidait pas \u00e0 se diversifier\u00a0?\u00a0\u00bb\u00a0<\/em><\/p>\n<p><em>\u00a0<\/em><\/p>\n<p><em>\u00a0<\/em>Pierre Baldy Moulinier, responsable du <a href=\"https:\/\/www.grandsformats.com\/en\/artist\/loeuf-big-band\/\">Big Band de l\u2019Oeuf<\/a><\/p>\n<p><span class=\"caption\">Pierre Baldy-Moulinier \u00a9 Franck Benedetto<\/span><\/p>\n","protected":false},"excerpt":{"rendered":"<p>Cette question est un des douze principes pour un compositeur de Jazz propos\u00e9s \u00e0 notre r\u00e9flexion par Andr\u00e9 Hodeir dont on c\u00e9l\u00e8bre \u00e0 la fois le centenaire de la naissance et les 10 ans de la disparition. 90 ann\u00e9es pendant lesquelles il a marqu\u00e9 d\u2019une empreinte singuli\u00e8re et tr\u00e8s personnelle l\u2019analyse musicale, la litt\u00e9rature mais&#8230;<\/p>\n<p><a rel=\"bookmark\" class=\"theme-button-text wvc-button wvc-button-size-xs\" href=\"https:\/\/www.grandsformats.com\/en\/2021\/05\/comment-diversifier-le-jazz-sans-le-tuer-et-comment-ne-mourrait-il-pas-sil-ne-se-diversifiait\/\"><small class=\"wvc-button-background-fill\"><\/small><span>Continue reading<\/span><\/a><\/p>\n","protected":false},"author":2,"featured_media":15240,"comment_status":"open","ping_status":"open","sticky":false,"template":"","format":"standard","meta":{"_acf_changed":false,"footnotes":""},"categories":[95,597,224],"tags":[],"class_list":["post-15239","post","type-post","status-publish","format-standard","has-post-thumbnail","hentry","category-membres","category-loeuf-big-band","category-tribunes","entry-post-skin-light","entry","clearfix","entry-grid","entry-columns-default","entry-post-module-layout-sidebar-right","thumbnail-color-tone-dark","metro-landscape","entry-post","entry-masonry","entry-post-masonry"],"acf":[],"yoast_head":"<!-- This site is optimized with the Yoast SEO plugin v25.8 - https:\/\/yoast.com\/wordpress\/plugins\/seo\/ -->\n<title>\u00ab\u00a0Comment diversifier le jazz sans le tuer et comment ne mourrait-il pas s\u2019il ne se diversifiait\u00a0?\u00a0\u00bb - Site officiel de la f\u00e9d\u00e9ration Grands Formats<\/title>\n<meta name=\"robots\" content=\"index, follow, max-snippet:-1, max-image-preview:large, max-video-preview:-1\" \/>\n<link rel=\"canonical\" href=\"https:\/\/www.grandsformats.com\/2021\/05\/comment-diversifier-le-jazz-sans-le-tuer-et-comment-ne-mourrait-il-pas-sil-ne-se-diversifiait\/\" \/>\n<meta property=\"og:locale\" content=\"en_US\" \/>\n<meta property=\"og:type\" content=\"article\" \/>\n<meta property=\"og:title\" content=\"\u00ab\u00a0Comment diversifier le jazz sans le tuer et comment ne mourrait-il pas s\u2019il ne se diversifiait\u00a0?\u00a0\u00bb - Site officiel de la f\u00e9d\u00e9ration Grands Formats\" \/>\n<meta property=\"og:description\" content=\"Cette question est un des douze principes pour un compositeur de Jazz propos\u00e9s \u00e0 notre r\u00e9flexion par Andr\u00e9 Hodeir dont on c\u00e9l\u00e8bre \u00e0 la fois le centenaire de la naissance et les 10 ans de la disparition. 90 ann\u00e9es pendant lesquelles il a marqu\u00e9 d\u2019une empreinte singuli\u00e8re et tr\u00e8s personnelle l\u2019analyse musicale, la litt\u00e9rature mais...Continue reading\" \/>\n<meta property=\"og:url\" content=\"https:\/\/www.grandsformats.com\/2021\/05\/comment-diversifier-le-jazz-sans-le-tuer-et-comment-ne-mourrait-il-pas-sil-ne-se-diversifiait\/\" \/>\n<meta property=\"og:site_name\" content=\"Site officiel de la f\u00e9d\u00e9ration Grands Formats\" \/>\n<meta property=\"article:publisher\" content=\"https:\/\/www.facebook.com\/grandsformats\/\" \/>\n<meta property=\"article:published_time\" content=\"2021-05-05T10:31:27+00:00\" \/>\n<meta property=\"og:image\" content=\"https:\/\/www.grandsformats.com\/wp-content\/uploads\/2021\/05\/Pierre-Baldy-Moulinier-cre\u0301dit-Franck-Benedetto-1920x1080-1.jpg\" \/>\n\t<meta property=\"og:image:width\" content=\"1920\" \/>\n\t<meta property=\"og:image:height\" content=\"1080\" \/>\n\t<meta property=\"og:image:type\" content=\"image\/jpeg\" \/>\n<meta name=\"author\" content=\"Grands Formats\" \/>\n<meta name=\"twitter:card\" content=\"summary_large_image\" \/>\n<meta name=\"twitter:creator\" content=\"@GrandsFormatsGF\" \/>\n<meta name=\"twitter:site\" content=\"@GrandsFormatsGF\" \/>\n<meta name=\"twitter:label1\" content=\"Written by\" \/>\n\t<meta name=\"twitter:data1\" content=\"Grands Formats\" \/>\n\t<meta name=\"twitter:label2\" content=\"Est. reading time\" \/>\n\t<meta name=\"twitter:data2\" content=\"3 minutes\" \/>\n<script type=\"application\/ld+json\" class=\"yoast-schema-graph\">{\"@context\":\"https:\/\/schema.org\",\"@graph\":[{\"@type\":\"Article\",\"@id\":\"https:\/\/www.grandsformats.com\/2021\/05\/comment-diversifier-le-jazz-sans-le-tuer-et-comment-ne-mourrait-il-pas-sil-ne-se-diversifiait\/#article\",\"isPartOf\":{\"@id\":\"https:\/\/www.grandsformats.com\/2021\/05\/comment-diversifier-le-jazz-sans-le-tuer-et-comment-ne-mourrait-il-pas-sil-ne-se-diversifiait\/\"},\"author\":{\"name\":\"Grands Formats\",\"@id\":\"https:\/\/www.grandsformats.com\/#\/schema\/person\/6ecde7e38a2254b5bc9d620679208ee1\"},\"headline\":\"\u00ab\u00a0Comment diversifier le jazz sans le tuer et comment ne mourrait-il pas s\u2019il ne se diversifiait\u00a0?\u00a0\u00bb\",\"datePublished\":\"2021-05-05T10:31:27+00:00\",\"mainEntityOfPage\":{\"@id\":\"https:\/\/www.grandsformats.com\/2021\/05\/comment-diversifier-le-jazz-sans-le-tuer-et-comment-ne-mourrait-il-pas-sil-ne-se-diversifiait\/\"},\"wordCount\":660,\"commentCount\":0,\"publisher\":{\"@id\":\"https:\/\/www.grandsformats.com\/#organization\"},\"image\":{\"@id\":\"https:\/\/www.grandsformats.com\/2021\/05\/comment-diversifier-le-jazz-sans-le-tuer-et-comment-ne-mourrait-il-pas-sil-ne-se-diversifiait\/#primaryimage\"},\"thumbnailUrl\":\"https:\/\/www.grandsformats.com\/wp-content\/uploads\/2021\/05\/Pierre-Baldy-Moulinier-cre\u0301dit-Franck-Benedetto-1920x1080-1.jpg\",\"articleSection\":[\"Actus des membres\",\"Loeuf Big Band\",\"Tribunes\"],\"inLanguage\":\"en-US\",\"potentialAction\":[{\"@type\":\"CommentAction\",\"name\":\"Comment\",\"target\":[\"https:\/\/www.grandsformats.com\/2021\/05\/comment-diversifier-le-jazz-sans-le-tuer-et-comment-ne-mourrait-il-pas-sil-ne-se-diversifiait\/#respond\"]}]},{\"@type\":\"WebPage\",\"@id\":\"https:\/\/www.grandsformats.com\/2021\/05\/comment-diversifier-le-jazz-sans-le-tuer-et-comment-ne-mourrait-il-pas-sil-ne-se-diversifiait\/\",\"url\":\"https:\/\/www.grandsformats.com\/2021\/05\/comment-diversifier-le-jazz-sans-le-tuer-et-comment-ne-mourrait-il-pas-sil-ne-se-diversifiait\/\",\"name\":\"\u00ab\u00a0Comment diversifier le jazz sans le tuer et comment ne mourrait-il pas s\u2019il ne se diversifiait\u00a0?\u00a0\u00bb - Site officiel de la f\u00e9d\u00e9ration Grands Formats\",\"isPartOf\":{\"@id\":\"https:\/\/www.grandsformats.com\/#website\"},\"primaryImageOfPage\":{\"@id\":\"https:\/\/www.grandsformats.com\/2021\/05\/comment-diversifier-le-jazz-sans-le-tuer-et-comment-ne-mourrait-il-pas-sil-ne-se-diversifiait\/#primaryimage\"},\"image\":{\"@id\":\"https:\/\/www.grandsformats.com\/2021\/05\/comment-diversifier-le-jazz-sans-le-tuer-et-comment-ne-mourrait-il-pas-sil-ne-se-diversifiait\/#primaryimage\"},\"thumbnailUrl\":\"https:\/\/www.grandsformats.com\/wp-content\/uploads\/2021\/05\/Pierre-Baldy-Moulinier-cre\u0301dit-Franck-Benedetto-1920x1080-1.jpg\",\"datePublished\":\"2021-05-05T10:31:27+00:00\",\"breadcrumb\":{\"@id\":\"https:\/\/www.grandsformats.com\/2021\/05\/comment-diversifier-le-jazz-sans-le-tuer-et-comment-ne-mourrait-il-pas-sil-ne-se-diversifiait\/#breadcrumb\"},\"inLanguage\":\"en-US\",\"potentialAction\":[{\"@type\":\"ReadAction\",\"target\":[\"https:\/\/www.grandsformats.com\/2021\/05\/comment-diversifier-le-jazz-sans-le-tuer-et-comment-ne-mourrait-il-pas-sil-ne-se-diversifiait\/\"]}]},{\"@type\":\"ImageObject\",\"inLanguage\":\"en-US\",\"@id\":\"https:\/\/www.grandsformats.com\/2021\/05\/comment-diversifier-le-jazz-sans-le-tuer-et-comment-ne-mourrait-il-pas-sil-ne-se-diversifiait\/#primaryimage\",\"url\":\"https:\/\/www.grandsformats.com\/wp-content\/uploads\/2021\/05\/Pierre-Baldy-Moulinier-cre\u0301dit-Franck-Benedetto-1920x1080-1.jpg\",\"contentUrl\":\"https:\/\/www.grandsformats.com\/wp-content\/uploads\/2021\/05\/Pierre-Baldy-Moulinier-cre\u0301dit-Franck-Benedetto-1920x1080-1.jpg\",\"width\":1920,\"height\":1080,\"caption\":\"\u00a9\"},{\"@type\":\"BreadcrumbList\",\"@id\":\"https:\/\/www.grandsformats.com\/2021\/05\/comment-diversifier-le-jazz-sans-le-tuer-et-comment-ne-mourrait-il-pas-sil-ne-se-diversifiait\/#breadcrumb\",\"itemListElement\":[{\"@type\":\"ListItem\",\"position\":1,\"name\":\"Accueil\",\"item\":\"https:\/\/www.grandsformats.com\/en\/\"},{\"@type\":\"ListItem\",\"position\":2,\"name\":\"\u00ab\u00a0Comment diversifier le jazz sans le tuer et comment ne mourrait-il pas s\u2019il ne se diversifiait\u00a0?\u00a0\u00bb\"}]},{\"@type\":\"WebSite\",\"@id\":\"https:\/\/www.grandsformats.com\/#website\",\"url\":\"https:\/\/www.grandsformats.com\/\",\"name\":\"Site officiel de la f\u00e9d\u00e9ration Grands Formats\",\"description\":\"F\u00e9d\u00e9ration d&#039;artistes pour la musique en grand !\",\"publisher\":{\"@id\":\"https:\/\/www.grandsformats.com\/#organization\"},\"potentialAction\":[{\"@type\":\"SearchAction\",\"target\":{\"@type\":\"EntryPoint\",\"urlTemplate\":\"https:\/\/www.grandsformats.com\/?s={search_term_string}\"},\"query-input\":{\"@type\":\"PropertyValueSpecification\",\"valueRequired\":true,\"valueName\":\"search_term_string\"}}],\"inLanguage\":\"en-US\"},{\"@type\":\"Organization\",\"@id\":\"https:\/\/www.grandsformats.com\/#organization\",\"name\":\"Grands Formats\",\"url\":\"https:\/\/www.grandsformats.com\/\",\"logo\":{\"@type\":\"ImageObject\",\"inLanguage\":\"en-US\",\"@id\":\"https:\/\/www.grandsformats.com\/#\/schema\/logo\/image\/\",\"url\":\"https:\/\/www.grandsformats.com\/wp-content\/uploads\/2020\/03\/logo-GF-200.png\",\"contentUrl\":\"https:\/\/www.grandsformats.com\/wp-content\/uploads\/2020\/03\/logo-GF-200.png\",\"width\":155,\"height\":200,\"caption\":\"Grands Formats\"},\"image\":{\"@id\":\"https:\/\/www.grandsformats.com\/#\/schema\/logo\/image\/\"},\"sameAs\":[\"https:\/\/www.facebook.com\/grandsformats\/\",\"https:\/\/x.com\/GrandsFormatsGF\",\"https:\/\/www.instagram.com\/grandsformats\/\",\"https:\/\/www.youtube.com\/channel\/UCJ7k9dbqc_DG-nxI3WMPvhw?view_as=subscriberhttps:\/\/www.youtube.com\/channel\/UCJ7k9dbqc_DG-nxI3WMPvhw?view_as=subscriber\"]},{\"@type\":\"Person\",\"@id\":\"https:\/\/www.grandsformats.com\/#\/schema\/person\/6ecde7e38a2254b5bc9d620679208ee1\",\"name\":\"Grands Formats\",\"image\":{\"@type\":\"ImageObject\",\"inLanguage\":\"en-US\",\"@id\":\"https:\/\/www.grandsformats.com\/#\/schema\/person\/image\/\",\"url\":\"https:\/\/secure.gravatar.com\/avatar\/5d06febf5ba4681bd17a251487132861b5339c2d72f789e59decf1c1b05d0078?s=96&d=mm&r=g\",\"contentUrl\":\"https:\/\/secure.gravatar.com\/avatar\/5d06febf5ba4681bd17a251487132861b5339c2d72f789e59decf1c1b05d0078?s=96&d=mm&r=g\",\"caption\":\"Grands Formats\"},\"url\":\"https:\/\/www.grandsformats.com\/en\/author\/margaux\/\"}]}<\/script>\n<!-- \/ Yoast SEO plugin. -->","yoast_head_json":{"title":"\u00ab\u00a0Comment diversifier le jazz sans le tuer et comment ne mourrait-il pas s\u2019il ne se diversifiait\u00a0?\u00a0\u00bb - Site officiel de la f\u00e9d\u00e9ration Grands Formats","robots":{"index":"index","follow":"follow","max-snippet":"max-snippet:-1","max-image-preview":"max-image-preview:large","max-video-preview":"max-video-preview:-1"},"canonical":"https:\/\/www.grandsformats.com\/2021\/05\/comment-diversifier-le-jazz-sans-le-tuer-et-comment-ne-mourrait-il-pas-sil-ne-se-diversifiait\/","og_locale":"en_US","og_type":"article","og_title":"\u00ab\u00a0Comment diversifier le jazz sans le tuer et comment ne mourrait-il pas s\u2019il ne se diversifiait\u00a0?\u00a0\u00bb - Site officiel de la f\u00e9d\u00e9ration Grands Formats","og_description":"Cette question est un des douze principes pour un compositeur de Jazz propos\u00e9s \u00e0 notre r\u00e9flexion par Andr\u00e9 Hodeir dont on c\u00e9l\u00e8bre \u00e0 la fois le centenaire de la naissance et les 10 ans de la disparition. 90 ann\u00e9es pendant lesquelles il a marqu\u00e9 d\u2019une empreinte singuli\u00e8re et tr\u00e8s personnelle l\u2019analyse musicale, la litt\u00e9rature mais...Continue reading","og_url":"https:\/\/www.grandsformats.com\/2021\/05\/comment-diversifier-le-jazz-sans-le-tuer-et-comment-ne-mourrait-il-pas-sil-ne-se-diversifiait\/","og_site_name":"Site officiel de la f\u00e9d\u00e9ration Grands Formats","article_publisher":"https:\/\/www.facebook.com\/grandsformats\/","article_published_time":"2021-05-05T10:31:27+00:00","og_image":[{"width":1920,"height":1080,"url":"https:\/\/www.grandsformats.com\/wp-content\/uploads\/2021\/05\/Pierre-Baldy-Moulinier-cre\u0301dit-Franck-Benedetto-1920x1080-1.jpg","type":"image\/jpeg"}],"author":"Grands Formats","twitter_card":"summary_large_image","twitter_creator":"@GrandsFormatsGF","twitter_site":"@GrandsFormatsGF","twitter_misc":{"Written by":"Grands Formats","Est. reading time":"3 minutes"},"schema":{"@context":"https:\/\/schema.org","@graph":[{"@type":"Article","@id":"https:\/\/www.grandsformats.com\/2021\/05\/comment-diversifier-le-jazz-sans-le-tuer-et-comment-ne-mourrait-il-pas-sil-ne-se-diversifiait\/#article","isPartOf":{"@id":"https:\/\/www.grandsformats.com\/2021\/05\/comment-diversifier-le-jazz-sans-le-tuer-et-comment-ne-mourrait-il-pas-sil-ne-se-diversifiait\/"},"author":{"name":"Grands Formats","@id":"https:\/\/www.grandsformats.com\/#\/schema\/person\/6ecde7e38a2254b5bc9d620679208ee1"},"headline":"\u00ab\u00a0Comment diversifier le jazz sans le tuer et comment ne mourrait-il pas s\u2019il ne se diversifiait\u00a0?\u00a0\u00bb","datePublished":"2021-05-05T10:31:27+00:00","mainEntityOfPage":{"@id":"https:\/\/www.grandsformats.com\/2021\/05\/comment-diversifier-le-jazz-sans-le-tuer-et-comment-ne-mourrait-il-pas-sil-ne-se-diversifiait\/"},"wordCount":660,"commentCount":0,"publisher":{"@id":"https:\/\/www.grandsformats.com\/#organization"},"image":{"@id":"https:\/\/www.grandsformats.com\/2021\/05\/comment-diversifier-le-jazz-sans-le-tuer-et-comment-ne-mourrait-il-pas-sil-ne-se-diversifiait\/#primaryimage"},"thumbnailUrl":"https:\/\/www.grandsformats.com\/wp-content\/uploads\/2021\/05\/Pierre-Baldy-Moulinier-cre\u0301dit-Franck-Benedetto-1920x1080-1.jpg","articleSection":["Actus des membres","Loeuf Big Band","Tribunes"],"inLanguage":"en-US","potentialAction":[{"@type":"CommentAction","name":"Comment","target":["https:\/\/www.grandsformats.com\/2021\/05\/comment-diversifier-le-jazz-sans-le-tuer-et-comment-ne-mourrait-il-pas-sil-ne-se-diversifiait\/#respond"]}]},{"@type":"WebPage","@id":"https:\/\/www.grandsformats.com\/2021\/05\/comment-diversifier-le-jazz-sans-le-tuer-et-comment-ne-mourrait-il-pas-sil-ne-se-diversifiait\/","url":"https:\/\/www.grandsformats.com\/2021\/05\/comment-diversifier-le-jazz-sans-le-tuer-et-comment-ne-mourrait-il-pas-sil-ne-se-diversifiait\/","name":"\u00ab\u00a0Comment diversifier le jazz sans le tuer et comment ne mourrait-il pas s\u2019il ne se diversifiait\u00a0?\u00a0\u00bb - Site officiel de la f\u00e9d\u00e9ration Grands Formats","isPartOf":{"@id":"https:\/\/www.grandsformats.com\/#website"},"primaryImageOfPage":{"@id":"https:\/\/www.grandsformats.com\/2021\/05\/comment-diversifier-le-jazz-sans-le-tuer-et-comment-ne-mourrait-il-pas-sil-ne-se-diversifiait\/#primaryimage"},"image":{"@id":"https:\/\/www.grandsformats.com\/2021\/05\/comment-diversifier-le-jazz-sans-le-tuer-et-comment-ne-mourrait-il-pas-sil-ne-se-diversifiait\/#primaryimage"},"thumbnailUrl":"https:\/\/www.grandsformats.com\/wp-content\/uploads\/2021\/05\/Pierre-Baldy-Moulinier-cre\u0301dit-Franck-Benedetto-1920x1080-1.jpg","datePublished":"2021-05-05T10:31:27+00:00","breadcrumb":{"@id":"https:\/\/www.grandsformats.com\/2021\/05\/comment-diversifier-le-jazz-sans-le-tuer-et-comment-ne-mourrait-il-pas-sil-ne-se-diversifiait\/#breadcrumb"},"inLanguage":"en-US","potentialAction":[{"@type":"ReadAction","target":["https:\/\/www.grandsformats.com\/2021\/05\/comment-diversifier-le-jazz-sans-le-tuer-et-comment-ne-mourrait-il-pas-sil-ne-se-diversifiait\/"]}]},{"@type":"ImageObject","inLanguage":"en-US","@id":"https:\/\/www.grandsformats.com\/2021\/05\/comment-diversifier-le-jazz-sans-le-tuer-et-comment-ne-mourrait-il-pas-sil-ne-se-diversifiait\/#primaryimage","url":"https:\/\/www.grandsformats.com\/wp-content\/uploads\/2021\/05\/Pierre-Baldy-Moulinier-cre\u0301dit-Franck-Benedetto-1920x1080-1.jpg","contentUrl":"https:\/\/www.grandsformats.com\/wp-content\/uploads\/2021\/05\/Pierre-Baldy-Moulinier-cre\u0301dit-Franck-Benedetto-1920x1080-1.jpg","width":1920,"height":1080,"caption":"\u00a9"},{"@type":"BreadcrumbList","@id":"https:\/\/www.grandsformats.com\/2021\/05\/comment-diversifier-le-jazz-sans-le-tuer-et-comment-ne-mourrait-il-pas-sil-ne-se-diversifiait\/#breadcrumb","itemListElement":[{"@type":"ListItem","position":1,"name":"Accueil","item":"https:\/\/www.grandsformats.com\/en\/"},{"@type":"ListItem","position":2,"name":"\u00ab\u00a0Comment diversifier le jazz sans le tuer et comment ne mourrait-il pas s\u2019il ne se diversifiait\u00a0?\u00a0\u00bb"}]},{"@type":"WebSite","@id":"https:\/\/www.grandsformats.com\/#website","url":"https:\/\/www.grandsformats.com\/","name":"Site officiel de la f\u00e9d\u00e9ration Grands Formats","description":"F\u00e9d\u00e9ration d&#039;artistes pour la musique en grand !","publisher":{"@id":"https:\/\/www.grandsformats.com\/#organization"},"potentialAction":[{"@type":"SearchAction","target":{"@type":"EntryPoint","urlTemplate":"https:\/\/www.grandsformats.com\/?s={search_term_string}"},"query-input":{"@type":"PropertyValueSpecification","valueRequired":true,"valueName":"search_term_string"}}],"inLanguage":"en-US"},{"@type":"Organization","@id":"https:\/\/www.grandsformats.com\/#organization","name":"Grands Formats","url":"https:\/\/www.grandsformats.com\/","logo":{"@type":"ImageObject","inLanguage":"en-US","@id":"https:\/\/www.grandsformats.com\/#\/schema\/logo\/image\/","url":"https:\/\/www.grandsformats.com\/wp-content\/uploads\/2020\/03\/logo-GF-200.png","contentUrl":"https:\/\/www.grandsformats.com\/wp-content\/uploads\/2020\/03\/logo-GF-200.png","width":155,"height":200,"caption":"Grands Formats"},"image":{"@id":"https:\/\/www.grandsformats.com\/#\/schema\/logo\/image\/"},"sameAs":["https:\/\/www.facebook.com\/grandsformats\/","https:\/\/x.com\/GrandsFormatsGF","https:\/\/www.instagram.com\/grandsformats\/","https:\/\/www.youtube.com\/channel\/UCJ7k9dbqc_DG-nxI3WMPvhw?view_as=subscriberhttps:\/\/www.youtube.com\/channel\/UCJ7k9dbqc_DG-nxI3WMPvhw?view_as=subscriber"]},{"@type":"Person","@id":"https:\/\/www.grandsformats.com\/#\/schema\/person\/6ecde7e38a2254b5bc9d620679208ee1","name":"Grands Formats","image":{"@type":"ImageObject","inLanguage":"en-US","@id":"https:\/\/www.grandsformats.com\/#\/schema\/person\/image\/","url":"https:\/\/secure.gravatar.com\/avatar\/5d06febf5ba4681bd17a251487132861b5339c2d72f789e59decf1c1b05d0078?s=96&d=mm&r=g","contentUrl":"https:\/\/secure.gravatar.com\/avatar\/5d06febf5ba4681bd17a251487132861b5339c2d72f789e59decf1c1b05d0078?s=96&d=mm&r=g","caption":"Grands Formats"},"url":"https:\/\/www.grandsformats.com\/en\/author\/margaux\/"}]}},"_links":{"self":[{"href":"https:\/\/www.grandsformats.com\/en\/wp-json\/wp\/v2\/posts\/15239","targetHints":{"allow":["GET"]}}],"collection":[{"href":"https:\/\/www.grandsformats.com\/en\/wp-json\/wp\/v2\/posts"}],"about":[{"href":"https:\/\/www.grandsformats.com\/en\/wp-json\/wp\/v2\/types\/post"}],"author":[{"embeddable":true,"href":"https:\/\/www.grandsformats.com\/en\/wp-json\/wp\/v2\/users\/2"}],"replies":[{"embeddable":true,"href":"https:\/\/www.grandsformats.com\/en\/wp-json\/wp\/v2\/comments?post=15239"}],"version-history":[{"count":0,"href":"https:\/\/www.grandsformats.com\/en\/wp-json\/wp\/v2\/posts\/15239\/revisions"}],"wp:featuredmedia":[{"embeddable":true,"href":"https:\/\/www.grandsformats.com\/en\/wp-json\/wp\/v2\/media\/15240"}],"wp:attachment":[{"href":"https:\/\/www.grandsformats.com\/en\/wp-json\/wp\/v2\/media?parent=15239"}],"wp:term":[{"taxonomy":"category","embeddable":true,"href":"https:\/\/www.grandsformats.com\/en\/wp-json\/wp\/v2\/categories?post=15239"},{"taxonomy":"post_tag","embeddable":true,"href":"https:\/\/www.grandsformats.com\/en\/wp-json\/wp\/v2\/tags?post=15239"}],"curies":[{"name":"wp","href":"https:\/\/api.w.org\/{rel}","templated":true}]}}