{"id":14782,"date":"2021-02-08T10:42:03","date_gmt":"2021-02-08T09:42:03","guid":{"rendered":"https:\/\/www.grandsformats.com\/?p=14782"},"modified":"2021-02-09T12:25:05","modified_gmt":"2021-02-09T11:25:05","slug":"laura-tejeda-martin-rejoint-larfi","status":"publish","type":"post","link":"https:\/\/www.grandsformats.com\/en\/2021\/02\/laura-tejeda-martin-rejoint-larfi\/","title":{"rendered":"Laura Tejeda Martin rejoint l&#8217;ARFI"},"content":{"rendered":"<p class=\"text-build-content\" data-testid=\"nh9mnA0TY8\">Plasticienne et musicienne de formation, <a href=\"https:\/\/www.arfi.org\/musicien\/laura-tejeda-martin\/\">Laura Tejeda<\/a> est un cas de fouine permanente dans les possibles de la voix. Une curiosit\u00e9 qui l\u2019am\u00e8ne \u00e0 s\u2019enfoncer dans les recoins les plus profonds du corps pour glaner de sons vocaux inattendus ; des sonorit\u00e9s populaires \u00e9clabouss\u00e9es de bruitisme qui conversent avec la r\u00e9sonance contemporaine dans un contexte inconnu.<\/p>\n<p>Sa voix laisse la trace d\u2019une chanson tr\u00e8s ancienne dont on a oubli\u00e9 les paroles, le titre et la m\u00e9lodie. Un sourire aux l\u00e8vres. De quoi s\u2019abandonner.<\/p>\n<p>Derni\u00e8rement, <a href=\"https:\/\/www.arfi.org\/musicien\/jerome-lopez\/\">J\u00e9r\u00f4me Lopez<\/a>,\u00a0<a href=\"https:\/\/www.arfi.org\/musicien\/clemence-cognet\/\">Cl\u00e9mence Cognet<\/a>\u00a0et\u00a0<a href=\"https:\/\/www.arfi.org\/musicien\/damien-grange\/\">Damien Grange<\/a> ont \u00e9galement rejoint le <a href=\"https:\/\/www.grandsformats.com\/artist\/arfi\/\">collectif ARFI<\/a>.<\/p>\n","protected":false},"excerpt":{"rendered":"<p>Plasticienne et musicienne de formation, Laura Tejeda est un cas de fouine permanente dans les possibles de la voix. Une curiosit\u00e9 qui l\u2019am\u00e8ne \u00e0 s\u2019enfoncer dans les recoins les plus profonds du corps pour glaner de sons vocaux inattendus ; des sonorit\u00e9s populaires \u00e9clabouss\u00e9es de bruitisme qui conversent avec la r\u00e9sonance contemporaine dans un contexte&#8230;<\/p>\n<p><a rel=\"bookmark\" class=\"theme-button-text wvc-button wvc-button-size-xs\" href=\"https:\/\/www.grandsformats.com\/en\/2021\/02\/laura-tejeda-martin-rejoint-larfi\/\"><small class=\"wvc-button-background-fill\"><\/small><span>Continue reading<\/span><\/a><\/p>\n","protected":false},"author":2,"featured_media":14839,"comment_status":"open","ping_status":"open","sticky":false,"template":"","format":"standard","meta":{"_acf_changed":false,"footnotes":""},"categories":[95,596],"tags":[],"class_list":["post-14782","post","type-post","status-publish","format-standard","has-post-thumbnail","hentry","category-membres","category-arfi","entry-post-skin-light","entry","clearfix","entry-grid","entry-columns-default","entry-post-module-layout-sidebar-right","thumbnail-color-tone-dark","metro-landscape","entry-post","entry-masonry","entry-post-masonry"],"acf":[],"yoast_head":"<!-- This site is optimized with the Yoast SEO plugin v25.8 - https:\/\/yoast.com\/wordpress\/plugins\/seo\/ -->\n<title>Laura Tejeda Martin rejoint l&#039;ARFI - Site officiel de la f\u00e9d\u00e9ration Grands Formats<\/title>\n<meta name=\"robots\" content=\"index, follow, max-snippet:-1, max-image-preview:large, max-video-preview:-1\" \/>\n<link rel=\"canonical\" href=\"https:\/\/www.grandsformats.com\/2021\/02\/laura-tejeda-martin-rejoint-larfi\/\" \/>\n<meta property=\"og:locale\" content=\"en_US\" \/>\n<meta property=\"og:type\" content=\"article\" \/>\n<meta property=\"og:title\" content=\"Laura Tejeda Martin rejoint l&#039;ARFI - Site officiel de la f\u00e9d\u00e9ration Grands Formats\" \/>\n<meta property=\"og:description\" content=\"Plasticienne et musicienne de formation, Laura Tejeda est un cas de fouine permanente dans les possibles de la voix. Une curiosit\u00e9 qui l\u2019am\u00e8ne \u00e0 s\u2019enfoncer dans les recoins les plus profonds du corps pour glaner de sons vocaux inattendus ; des sonorit\u00e9s populaires \u00e9clabouss\u00e9es de bruitisme qui conversent avec la r\u00e9sonance contemporaine dans un contexte...Continue reading\" \/>\n<meta property=\"og:url\" content=\"https:\/\/www.grandsformats.com\/2021\/02\/laura-tejeda-martin-rejoint-larfi\/\" \/>\n<meta property=\"og:site_name\" content=\"Site officiel de la f\u00e9d\u00e9ration Grands Formats\" \/>\n<meta property=\"article:publisher\" content=\"https:\/\/www.facebook.com\/grandsformats\/\" \/>\n<meta property=\"article:published_time\" content=\"2021-02-08T09:42:03+00:00\" \/>\n<meta property=\"article:modified_time\" content=\"2021-02-09T11:25:05+00:00\" \/>\n<meta property=\"og:image\" content=\"https:\/\/www.grandsformats.com\/wp-content\/uploads\/2021\/02\/LauraTejeda-site.jpg\" \/>\n\t<meta property=\"og:image:width\" content=\"1920\" \/>\n\t<meta property=\"og:image:height\" content=\"1081\" \/>\n\t<meta property=\"og:image:type\" content=\"image\/jpeg\" \/>\n<meta name=\"author\" content=\"Grands Formats\" \/>\n<meta name=\"twitter:card\" content=\"summary_large_image\" \/>\n<meta name=\"twitter:creator\" content=\"@GrandsFormatsGF\" \/>\n<meta name=\"twitter:site\" content=\"@GrandsFormatsGF\" \/>\n<meta name=\"twitter:label1\" content=\"Written by\" \/>\n\t<meta name=\"twitter:data1\" content=\"Grands Formats\" \/>\n\t<meta name=\"twitter:label2\" content=\"Est. reading time\" \/>\n\t<meta name=\"twitter:data2\" content=\"1 minute\" \/>\n<script type=\"application\/ld+json\" class=\"yoast-schema-graph\">{\"@context\":\"https:\/\/schema.org\",\"@graph\":[{\"@type\":\"Article\",\"@id\":\"https:\/\/www.grandsformats.com\/2021\/02\/laura-tejeda-martin-rejoint-larfi\/#article\",\"isPartOf\":{\"@id\":\"https:\/\/www.grandsformats.com\/2021\/02\/laura-tejeda-martin-rejoint-larfi\/\"},\"author\":{\"name\":\"Grands Formats\",\"@id\":\"https:\/\/www.grandsformats.com\/#\/schema\/person\/6ecde7e38a2254b5bc9d620679208ee1\"},\"headline\":\"Laura Tejeda Martin rejoint l&#8217;ARFI\",\"datePublished\":\"2021-02-08T09:42:03+00:00\",\"dateModified\":\"2021-02-09T11:25:05+00:00\",\"mainEntityOfPage\":{\"@id\":\"https:\/\/www.grandsformats.com\/2021\/02\/laura-tejeda-martin-rejoint-larfi\/\"},\"wordCount\":116,\"commentCount\":0,\"publisher\":{\"@id\":\"https:\/\/www.grandsformats.com\/#organization\"},\"image\":{\"@id\":\"https:\/\/www.grandsformats.com\/2021\/02\/laura-tejeda-martin-rejoint-larfi\/#primaryimage\"},\"thumbnailUrl\":\"https:\/\/www.grandsformats.com\/wp-content\/uploads\/2021\/02\/LauraTejeda-site.jpg\",\"articleSection\":[\"Actus des membres\",\"ARFI\"],\"inLanguage\":\"en-US\",\"potentialAction\":[{\"@type\":\"CommentAction\",\"name\":\"Comment\",\"target\":[\"https:\/\/www.grandsformats.com\/2021\/02\/laura-tejeda-martin-rejoint-larfi\/#respond\"]}]},{\"@type\":\"WebPage\",\"@id\":\"https:\/\/www.grandsformats.com\/2021\/02\/laura-tejeda-martin-rejoint-larfi\/\",\"url\":\"https:\/\/www.grandsformats.com\/2021\/02\/laura-tejeda-martin-rejoint-larfi\/\",\"name\":\"Laura Tejeda Martin rejoint l'ARFI - Site officiel de la f\u00e9d\u00e9ration Grands Formats\",\"isPartOf\":{\"@id\":\"https:\/\/www.grandsformats.com\/#website\"},\"primaryImageOfPage\":{\"@id\":\"https:\/\/www.grandsformats.com\/2021\/02\/laura-tejeda-martin-rejoint-larfi\/#primaryimage\"},\"image\":{\"@id\":\"https:\/\/www.grandsformats.com\/2021\/02\/laura-tejeda-martin-rejoint-larfi\/#primaryimage\"},\"thumbnailUrl\":\"https:\/\/www.grandsformats.com\/wp-content\/uploads\/2021\/02\/LauraTejeda-site.jpg\",\"datePublished\":\"2021-02-08T09:42:03+00:00\",\"dateModified\":\"2021-02-09T11:25:05+00:00\",\"breadcrumb\":{\"@id\":\"https:\/\/www.grandsformats.com\/2021\/02\/laura-tejeda-martin-rejoint-larfi\/#breadcrumb\"},\"inLanguage\":\"en-US\",\"potentialAction\":[{\"@type\":\"ReadAction\",\"target\":[\"https:\/\/www.grandsformats.com\/2021\/02\/laura-tejeda-martin-rejoint-larfi\/\"]}]},{\"@type\":\"ImageObject\",\"inLanguage\":\"en-US\",\"@id\":\"https:\/\/www.grandsformats.com\/2021\/02\/laura-tejeda-martin-rejoint-larfi\/#primaryimage\",\"url\":\"https:\/\/www.grandsformats.com\/wp-content\/uploads\/2021\/02\/LauraTejeda-site.jpg\",\"contentUrl\":\"https:\/\/www.grandsformats.com\/wp-content\/uploads\/2021\/02\/LauraTejeda-site.jpg\",\"width\":1920,\"height\":1081,\"caption\":\"Laura Tejeda - ARFI\"},{\"@type\":\"BreadcrumbList\",\"@id\":\"https:\/\/www.grandsformats.com\/2021\/02\/laura-tejeda-martin-rejoint-larfi\/#breadcrumb\",\"itemListElement\":[{\"@type\":\"ListItem\",\"position\":1,\"name\":\"Accueil\",\"item\":\"https:\/\/www.grandsformats.com\/en\/\"},{\"@type\":\"ListItem\",\"position\":2,\"name\":\"Laura Tejeda Martin rejoint l&rsquo;ARFI\"}]},{\"@type\":\"WebSite\",\"@id\":\"https:\/\/www.grandsformats.com\/#website\",\"url\":\"https:\/\/www.grandsformats.com\/\",\"name\":\"Site officiel de la f\u00e9d\u00e9ration Grands Formats\",\"description\":\"F\u00e9d\u00e9ration d&#039;artistes pour la musique en grand !\",\"publisher\":{\"@id\":\"https:\/\/www.grandsformats.com\/#organization\"},\"potentialAction\":[{\"@type\":\"SearchAction\",\"target\":{\"@type\":\"EntryPoint\",\"urlTemplate\":\"https:\/\/www.grandsformats.com\/?s={search_term_string}\"},\"query-input\":{\"@type\":\"PropertyValueSpecification\",\"valueRequired\":true,\"valueName\":\"search_term_string\"}}],\"inLanguage\":\"en-US\"},{\"@type\":\"Organization\",\"@id\":\"https:\/\/www.grandsformats.com\/#organization\",\"name\":\"Grands Formats\",\"url\":\"https:\/\/www.grandsformats.com\/\",\"logo\":{\"@type\":\"ImageObject\",\"inLanguage\":\"en-US\",\"@id\":\"https:\/\/www.grandsformats.com\/#\/schema\/logo\/image\/\",\"url\":\"https:\/\/www.grandsformats.com\/wp-content\/uploads\/2020\/03\/logo-GF-200.png\",\"contentUrl\":\"https:\/\/www.grandsformats.com\/wp-content\/uploads\/2020\/03\/logo-GF-200.png\",\"width\":155,\"height\":200,\"caption\":\"Grands Formats\"},\"image\":{\"@id\":\"https:\/\/www.grandsformats.com\/#\/schema\/logo\/image\/\"},\"sameAs\":[\"https:\/\/www.facebook.com\/grandsformats\/\",\"https:\/\/x.com\/GrandsFormatsGF\",\"https:\/\/www.instagram.com\/grandsformats\/\",\"https:\/\/www.youtube.com\/channel\/UCJ7k9dbqc_DG-nxI3WMPvhw?view_as=subscriberhttps:\/\/www.youtube.com\/channel\/UCJ7k9dbqc_DG-nxI3WMPvhw?view_as=subscriber\"]},{\"@type\":\"Person\",\"@id\":\"https:\/\/www.grandsformats.com\/#\/schema\/person\/6ecde7e38a2254b5bc9d620679208ee1\",\"name\":\"Grands Formats\",\"image\":{\"@type\":\"ImageObject\",\"inLanguage\":\"en-US\",\"@id\":\"https:\/\/www.grandsformats.com\/#\/schema\/person\/image\/\",\"url\":\"https:\/\/secure.gravatar.com\/avatar\/5d06febf5ba4681bd17a251487132861b5339c2d72f789e59decf1c1b05d0078?s=96&d=mm&r=g\",\"contentUrl\":\"https:\/\/secure.gravatar.com\/avatar\/5d06febf5ba4681bd17a251487132861b5339c2d72f789e59decf1c1b05d0078?s=96&d=mm&r=g\",\"caption\":\"Grands Formats\"},\"url\":\"https:\/\/www.grandsformats.com\/en\/author\/margaux\/\"}]}<\/script>\n<!-- \/ Yoast SEO plugin. -->","yoast_head_json":{"title":"Laura Tejeda Martin rejoint l'ARFI - Site officiel de la f\u00e9d\u00e9ration Grands Formats","robots":{"index":"index","follow":"follow","max-snippet":"max-snippet:-1","max-image-preview":"max-image-preview:large","max-video-preview":"max-video-preview:-1"},"canonical":"https:\/\/www.grandsformats.com\/2021\/02\/laura-tejeda-martin-rejoint-larfi\/","og_locale":"en_US","og_type":"article","og_title":"Laura Tejeda Martin rejoint l'ARFI - Site officiel de la f\u00e9d\u00e9ration Grands Formats","og_description":"Plasticienne et musicienne de formation, Laura Tejeda est un cas de fouine permanente dans les possibles de la voix. Une curiosit\u00e9 qui l\u2019am\u00e8ne \u00e0 s\u2019enfoncer dans les recoins les plus profonds du corps pour glaner de sons vocaux inattendus ; des sonorit\u00e9s populaires \u00e9clabouss\u00e9es de bruitisme qui conversent avec la r\u00e9sonance contemporaine dans un contexte...Continue reading","og_url":"https:\/\/www.grandsformats.com\/2021\/02\/laura-tejeda-martin-rejoint-larfi\/","og_site_name":"Site officiel de la f\u00e9d\u00e9ration Grands Formats","article_publisher":"https:\/\/www.facebook.com\/grandsformats\/","article_published_time":"2021-02-08T09:42:03+00:00","article_modified_time":"2021-02-09T11:25:05+00:00","og_image":[{"width":1920,"height":1081,"url":"https:\/\/www.grandsformats.com\/wp-content\/uploads\/2021\/02\/LauraTejeda-site.jpg","type":"image\/jpeg"}],"author":"Grands Formats","twitter_card":"summary_large_image","twitter_creator":"@GrandsFormatsGF","twitter_site":"@GrandsFormatsGF","twitter_misc":{"Written by":"Grands Formats","Est. reading time":"1 minute"},"schema":{"@context":"https:\/\/schema.org","@graph":[{"@type":"Article","@id":"https:\/\/www.grandsformats.com\/2021\/02\/laura-tejeda-martin-rejoint-larfi\/#article","isPartOf":{"@id":"https:\/\/www.grandsformats.com\/2021\/02\/laura-tejeda-martin-rejoint-larfi\/"},"author":{"name":"Grands Formats","@id":"https:\/\/www.grandsformats.com\/#\/schema\/person\/6ecde7e38a2254b5bc9d620679208ee1"},"headline":"Laura Tejeda Martin rejoint l&#8217;ARFI","datePublished":"2021-02-08T09:42:03+00:00","dateModified":"2021-02-09T11:25:05+00:00","mainEntityOfPage":{"@id":"https:\/\/www.grandsformats.com\/2021\/02\/laura-tejeda-martin-rejoint-larfi\/"},"wordCount":116,"commentCount":0,"publisher":{"@id":"https:\/\/www.grandsformats.com\/#organization"},"image":{"@id":"https:\/\/www.grandsformats.com\/2021\/02\/laura-tejeda-martin-rejoint-larfi\/#primaryimage"},"thumbnailUrl":"https:\/\/www.grandsformats.com\/wp-content\/uploads\/2021\/02\/LauraTejeda-site.jpg","articleSection":["Actus des membres","ARFI"],"inLanguage":"en-US","potentialAction":[{"@type":"CommentAction","name":"Comment","target":["https:\/\/www.grandsformats.com\/2021\/02\/laura-tejeda-martin-rejoint-larfi\/#respond"]}]},{"@type":"WebPage","@id":"https:\/\/www.grandsformats.com\/2021\/02\/laura-tejeda-martin-rejoint-larfi\/","url":"https:\/\/www.grandsformats.com\/2021\/02\/laura-tejeda-martin-rejoint-larfi\/","name":"Laura Tejeda Martin rejoint l'ARFI - Site officiel de la f\u00e9d\u00e9ration Grands Formats","isPartOf":{"@id":"https:\/\/www.grandsformats.com\/#website"},"primaryImageOfPage":{"@id":"https:\/\/www.grandsformats.com\/2021\/02\/laura-tejeda-martin-rejoint-larfi\/#primaryimage"},"image":{"@id":"https:\/\/www.grandsformats.com\/2021\/02\/laura-tejeda-martin-rejoint-larfi\/#primaryimage"},"thumbnailUrl":"https:\/\/www.grandsformats.com\/wp-content\/uploads\/2021\/02\/LauraTejeda-site.jpg","datePublished":"2021-02-08T09:42:03+00:00","dateModified":"2021-02-09T11:25:05+00:00","breadcrumb":{"@id":"https:\/\/www.grandsformats.com\/2021\/02\/laura-tejeda-martin-rejoint-larfi\/#breadcrumb"},"inLanguage":"en-US","potentialAction":[{"@type":"ReadAction","target":["https:\/\/www.grandsformats.com\/2021\/02\/laura-tejeda-martin-rejoint-larfi\/"]}]},{"@type":"ImageObject","inLanguage":"en-US","@id":"https:\/\/www.grandsformats.com\/2021\/02\/laura-tejeda-martin-rejoint-larfi\/#primaryimage","url":"https:\/\/www.grandsformats.com\/wp-content\/uploads\/2021\/02\/LauraTejeda-site.jpg","contentUrl":"https:\/\/www.grandsformats.com\/wp-content\/uploads\/2021\/02\/LauraTejeda-site.jpg","width":1920,"height":1081,"caption":"Laura Tejeda - ARFI"},{"@type":"BreadcrumbList","@id":"https:\/\/www.grandsformats.com\/2021\/02\/laura-tejeda-martin-rejoint-larfi\/#breadcrumb","itemListElement":[{"@type":"ListItem","position":1,"name":"Accueil","item":"https:\/\/www.grandsformats.com\/en\/"},{"@type":"ListItem","position":2,"name":"Laura Tejeda Martin rejoint l&rsquo;ARFI"}]},{"@type":"WebSite","@id":"https:\/\/www.grandsformats.com\/#website","url":"https:\/\/www.grandsformats.com\/","name":"Site officiel de la f\u00e9d\u00e9ration Grands Formats","description":"F\u00e9d\u00e9ration d&#039;artistes pour la musique en grand !","publisher":{"@id":"https:\/\/www.grandsformats.com\/#organization"},"potentialAction":[{"@type":"SearchAction","target":{"@type":"EntryPoint","urlTemplate":"https:\/\/www.grandsformats.com\/?s={search_term_string}"},"query-input":{"@type":"PropertyValueSpecification","valueRequired":true,"valueName":"search_term_string"}}],"inLanguage":"en-US"},{"@type":"Organization","@id":"https:\/\/www.grandsformats.com\/#organization","name":"Grands Formats","url":"https:\/\/www.grandsformats.com\/","logo":{"@type":"ImageObject","inLanguage":"en-US","@id":"https:\/\/www.grandsformats.com\/#\/schema\/logo\/image\/","url":"https:\/\/www.grandsformats.com\/wp-content\/uploads\/2020\/03\/logo-GF-200.png","contentUrl":"https:\/\/www.grandsformats.com\/wp-content\/uploads\/2020\/03\/logo-GF-200.png","width":155,"height":200,"caption":"Grands Formats"},"image":{"@id":"https:\/\/www.grandsformats.com\/#\/schema\/logo\/image\/"},"sameAs":["https:\/\/www.facebook.com\/grandsformats\/","https:\/\/x.com\/GrandsFormatsGF","https:\/\/www.instagram.com\/grandsformats\/","https:\/\/www.youtube.com\/channel\/UCJ7k9dbqc_DG-nxI3WMPvhw?view_as=subscriberhttps:\/\/www.youtube.com\/channel\/UCJ7k9dbqc_DG-nxI3WMPvhw?view_as=subscriber"]},{"@type":"Person","@id":"https:\/\/www.grandsformats.com\/#\/schema\/person\/6ecde7e38a2254b5bc9d620679208ee1","name":"Grands Formats","image":{"@type":"ImageObject","inLanguage":"en-US","@id":"https:\/\/www.grandsformats.com\/#\/schema\/person\/image\/","url":"https:\/\/secure.gravatar.com\/avatar\/5d06febf5ba4681bd17a251487132861b5339c2d72f789e59decf1c1b05d0078?s=96&d=mm&r=g","contentUrl":"https:\/\/secure.gravatar.com\/avatar\/5d06febf5ba4681bd17a251487132861b5339c2d72f789e59decf1c1b05d0078?s=96&d=mm&r=g","caption":"Grands Formats"},"url":"https:\/\/www.grandsformats.com\/en\/author\/margaux\/"}]}},"_links":{"self":[{"href":"https:\/\/www.grandsformats.com\/en\/wp-json\/wp\/v2\/posts\/14782","targetHints":{"allow":["GET"]}}],"collection":[{"href":"https:\/\/www.grandsformats.com\/en\/wp-json\/wp\/v2\/posts"}],"about":[{"href":"https:\/\/www.grandsformats.com\/en\/wp-json\/wp\/v2\/types\/post"}],"author":[{"embeddable":true,"href":"https:\/\/www.grandsformats.com\/en\/wp-json\/wp\/v2\/users\/2"}],"replies":[{"embeddable":true,"href":"https:\/\/www.grandsformats.com\/en\/wp-json\/wp\/v2\/comments?post=14782"}],"version-history":[{"count":0,"href":"https:\/\/www.grandsformats.com\/en\/wp-json\/wp\/v2\/posts\/14782\/revisions"}],"wp:featuredmedia":[{"embeddable":true,"href":"https:\/\/www.grandsformats.com\/en\/wp-json\/wp\/v2\/media\/14839"}],"wp:attachment":[{"href":"https:\/\/www.grandsformats.com\/en\/wp-json\/wp\/v2\/media?parent=14782"}],"wp:term":[{"taxonomy":"category","embeddable":true,"href":"https:\/\/www.grandsformats.com\/en\/wp-json\/wp\/v2\/categories?post=14782"},{"taxonomy":"post_tag","embeddable":true,"href":"https:\/\/www.grandsformats.com\/en\/wp-json\/wp\/v2\/tags?post=14782"}],"curies":[{"name":"wp","href":"https:\/\/api.w.org\/{rel}","templated":true}]}}