{"id":14673,"date":"2021-01-07T14:55:48","date_gmt":"2021-01-07T13:55:48","guid":{"rendered":"https:\/\/www.grandsformats.com\/?p=14673"},"modified":"2021-01-07T14:55:48","modified_gmt":"2021-01-07T13:55:48","slug":"covid19-and-large-ensembles-results-of-our-survey","status":"publish","type":"post","link":"https:\/\/www.grandsformats.com\/en\/2021\/01\/covid19-and-large-ensembles-results-of-our-survey\/","title":{"rendered":"Covid-19 and European large ensembles : results of our survey"},"content":{"rendered":"<p class=\"text-build-content\" data-testid=\"kIoKYFAAVg\">We questioned the network&#8217;s large ensembles of jazz and improvised music (<a href=\"https:\/\/www.grandsformats.com\/en\/european-network\/\">Think Big!<\/a>) about the consequences of the Covid-19 on their activities.<\/p>\n<p class=\"p1\">These data were collected as part of a survey this summer and an update was carried out at the beginning of December 2020 in order to have more recent data on key elements.<\/p>\n<p class=\"text-build-content\" data-testid=\"kIoKYFAAVg\">Without being exhaustive on this subject, <strong>these results reveal the main difficulties encountered by large ensembles and artists<\/strong>.<\/p>\n<p data-testid=\"kIoKYFAAVg\"><a href=\"https:\/\/www.grandsformats.com\/wp-content\/uploads\/2021\/01\/COVID-19-ThinkBig.pdf\">Discover results here<\/a><\/p>\n<p data-testid=\"kIoKYFAAVg\"><a href=\"https:\/\/www.grandsformats.com\/en\/studies\/\">Discover all study of the federation here<\/a><\/p>\n<p data-testid=\"kIoKYFAAVg\"><span class=\"caption\">\u00a9 Christophe Charpenel<\/span><\/p>\n","protected":false},"excerpt":{"rendered":"<p>We questioned the network&#8217;s large ensembles of jazz and improvised music (Think Big!) about the consequences of the Covid-19 on their activities. These data were collected as part of a survey this summer and an update was carried out at the beginning of December 2020 in order to have more recent data on key elements&#8230;.<\/p>\n<p><a rel=\"bookmark\" class=\"theme-button-text wvc-button wvc-button-size-xs\" href=\"https:\/\/www.grandsformats.com\/en\/2021\/01\/covid19-and-large-ensembles-results-of-our-survey\/\"><small class=\"wvc-button-background-fill\"><\/small><span>Continue reading<\/span><\/a><\/p>\n","protected":false},"author":2,"featured_media":13135,"comment_status":"open","ping_status":"open","sticky":false,"template":"","format":"standard","meta":{"_acf_changed":false,"footnotes":""},"categories":[90,95,94],"tags":[],"class_list":["post-14673","post","type-post","status-publish","format-standard","has-post-thumbnail","hentry","category-grands-formats","category-membres","category-ressources","entry-post-skin-light","entry","clearfix","entry-grid","entry-columns-default","entry-post-module-layout-sidebar-right","thumbnail-color-tone-dark","metro-landscape","entry-post","entry-masonry","entry-post-masonry"],"acf":[],"yoast_head":"<!-- This site is optimized with the Yoast SEO plugin v25.8 - https:\/\/yoast.com\/wordpress\/plugins\/seo\/ -->\n<title>Covid-19 and European large ensembles : results of our survey - Site officiel de la f\u00e9d\u00e9ration Grands Formats<\/title>\n<meta name=\"robots\" content=\"index, follow, max-snippet:-1, max-image-preview:large, max-video-preview:-1\" \/>\n<link rel=\"canonical\" href=\"https:\/\/www.grandsformats.com\/2021\/01\/covid19-and-large-ensembles-results-of-our-survey\/\" \/>\n<meta property=\"og:locale\" content=\"en_US\" \/>\n<meta property=\"og:type\" content=\"article\" \/>\n<meta property=\"og:title\" content=\"Covid-19 and European large ensembles : results of our survey - Site officiel de la f\u00e9d\u00e9ration Grands Formats\" \/>\n<meta property=\"og:description\" content=\"We questioned the network&#8217;s large ensembles of jazz and improvised music (Think Big!) about the consequences of the Covid-19 on their activities. These data were collected as part of a survey this summer and an update was carried out at the beginning of December 2020 in order to have more recent data on key elements....Continue reading\" \/>\n<meta property=\"og:url\" content=\"https:\/\/www.grandsformats.com\/2021\/01\/covid19-and-large-ensembles-results-of-our-survey\/\" \/>\n<meta property=\"og:site_name\" content=\"Site officiel de la f\u00e9d\u00e9ration Grands Formats\" \/>\n<meta property=\"article:publisher\" content=\"https:\/\/www.facebook.com\/grandsformats\/\" \/>\n<meta property=\"article:published_time\" content=\"2021-01-07T13:55:48+00:00\" \/>\n<meta property=\"og:image\" content=\"https:\/\/www.grandsformats.com\/wp-content\/uploads\/2020\/03\/Jean-Marie-Machado-Danzas-\u00a9-Christophe-Charpenel-1920x1080-2.jpg\" \/>\n\t<meta property=\"og:image:width\" content=\"1920\" \/>\n\t<meta property=\"og:image:height\" content=\"1080\" \/>\n\t<meta property=\"og:image:type\" content=\"image\/jpeg\" \/>\n<meta name=\"author\" content=\"Grands Formats\" \/>\n<meta name=\"twitter:card\" content=\"summary_large_image\" \/>\n<meta name=\"twitter:creator\" content=\"@GrandsFormatsGF\" \/>\n<meta name=\"twitter:site\" content=\"@GrandsFormatsGF\" \/>\n<meta name=\"twitter:label1\" content=\"Written by\" \/>\n\t<meta name=\"twitter:data1\" content=\"Grands Formats\" \/>\n<script type=\"application\/ld+json\" class=\"yoast-schema-graph\">{\"@context\":\"https:\/\/schema.org\",\"@graph\":[{\"@type\":\"Article\",\"@id\":\"https:\/\/www.grandsformats.com\/2021\/01\/covid19-and-large-ensembles-results-of-our-survey\/#article\",\"isPartOf\":{\"@id\":\"https:\/\/www.grandsformats.com\/2021\/01\/covid19-and-large-ensembles-results-of-our-survey\/\"},\"author\":{\"name\":\"Grands Formats\",\"@id\":\"https:\/\/www.grandsformats.com\/#\/schema\/person\/6ecde7e38a2254b5bc9d620679208ee1\"},\"headline\":\"Covid-19 and European large ensembles : results of our survey\",\"datePublished\":\"2021-01-07T13:55:48+00:00\",\"mainEntityOfPage\":{\"@id\":\"https:\/\/www.grandsformats.com\/2021\/01\/covid19-and-large-ensembles-results-of-our-survey\/\"},\"wordCount\":94,\"commentCount\":0,\"publisher\":{\"@id\":\"https:\/\/www.grandsformats.com\/#organization\"},\"image\":{\"@id\":\"https:\/\/www.grandsformats.com\/2021\/01\/covid19-and-large-ensembles-results-of-our-survey\/#primaryimage\"},\"thumbnailUrl\":\"https:\/\/www.grandsformats.com\/wp-content\/uploads\/2020\/03\/Jean-Marie-Machado-Danzas-\u00a9-Christophe-Charpenel-1920x1080-2.jpg\",\"articleSection\":[\"Actus de la f\u00e9d\u00e9\",\"Actus des membres\",\"Ressources\"],\"inLanguage\":\"en-US\",\"potentialAction\":[{\"@type\":\"CommentAction\",\"name\":\"Comment\",\"target\":[\"https:\/\/www.grandsformats.com\/2021\/01\/covid19-and-large-ensembles-results-of-our-survey\/#respond\"]}]},{\"@type\":\"WebPage\",\"@id\":\"https:\/\/www.grandsformats.com\/2021\/01\/covid19-and-large-ensembles-results-of-our-survey\/\",\"url\":\"https:\/\/www.grandsformats.com\/2021\/01\/covid19-and-large-ensembles-results-of-our-survey\/\",\"name\":\"Covid-19 and European large ensembles : results of our survey - Site officiel de la f\u00e9d\u00e9ration Grands Formats\",\"isPartOf\":{\"@id\":\"https:\/\/www.grandsformats.com\/#website\"},\"primaryImageOfPage\":{\"@id\":\"https:\/\/www.grandsformats.com\/2021\/01\/covid19-and-large-ensembles-results-of-our-survey\/#primaryimage\"},\"image\":{\"@id\":\"https:\/\/www.grandsformats.com\/2021\/01\/covid19-and-large-ensembles-results-of-our-survey\/#primaryimage\"},\"thumbnailUrl\":\"https:\/\/www.grandsformats.com\/wp-content\/uploads\/2020\/03\/Jean-Marie-Machado-Danzas-\u00a9-Christophe-Charpenel-1920x1080-2.jpg\",\"datePublished\":\"2021-01-07T13:55:48+00:00\",\"breadcrumb\":{\"@id\":\"https:\/\/www.grandsformats.com\/2021\/01\/covid19-and-large-ensembles-results-of-our-survey\/#breadcrumb\"},\"inLanguage\":\"en-US\",\"potentialAction\":[{\"@type\":\"ReadAction\",\"target\":[\"https:\/\/www.grandsformats.com\/2021\/01\/covid19-and-large-ensembles-results-of-our-survey\/\"]}]},{\"@type\":\"ImageObject\",\"inLanguage\":\"en-US\",\"@id\":\"https:\/\/www.grandsformats.com\/2021\/01\/covid19-and-large-ensembles-results-of-our-survey\/#primaryimage\",\"url\":\"https:\/\/www.grandsformats.com\/wp-content\/uploads\/2020\/03\/Jean-Marie-Machado-Danzas-\u00a9-Christophe-Charpenel-1920x1080-2.jpg\",\"contentUrl\":\"https:\/\/www.grandsformats.com\/wp-content\/uploads\/2020\/03\/Jean-Marie-Machado-Danzas-\u00a9-Christophe-Charpenel-1920x1080-2.jpg\",\"width\":1920,\"height\":1080,\"caption\":\"Jean Marie Machado Danzas\"},{\"@type\":\"BreadcrumbList\",\"@id\":\"https:\/\/www.grandsformats.com\/2021\/01\/covid19-and-large-ensembles-results-of-our-survey\/#breadcrumb\",\"itemListElement\":[{\"@type\":\"ListItem\",\"position\":1,\"name\":\"Accueil\",\"item\":\"https:\/\/www.grandsformats.com\/en\/\"},{\"@type\":\"ListItem\",\"position\":2,\"name\":\"Covid-19 and European large ensembles : results of our survey\"}]},{\"@type\":\"WebSite\",\"@id\":\"https:\/\/www.grandsformats.com\/#website\",\"url\":\"https:\/\/www.grandsformats.com\/\",\"name\":\"Site officiel de la f\u00e9d\u00e9ration Grands Formats\",\"description\":\"F\u00e9d\u00e9ration d&#039;artistes pour la musique en grand !\",\"publisher\":{\"@id\":\"https:\/\/www.grandsformats.com\/#organization\"},\"potentialAction\":[{\"@type\":\"SearchAction\",\"target\":{\"@type\":\"EntryPoint\",\"urlTemplate\":\"https:\/\/www.grandsformats.com\/?s={search_term_string}\"},\"query-input\":{\"@type\":\"PropertyValueSpecification\",\"valueRequired\":true,\"valueName\":\"search_term_string\"}}],\"inLanguage\":\"en-US\"},{\"@type\":\"Organization\",\"@id\":\"https:\/\/www.grandsformats.com\/#organization\",\"name\":\"Grands Formats\",\"url\":\"https:\/\/www.grandsformats.com\/\",\"logo\":{\"@type\":\"ImageObject\",\"inLanguage\":\"en-US\",\"@id\":\"https:\/\/www.grandsformats.com\/#\/schema\/logo\/image\/\",\"url\":\"https:\/\/www.grandsformats.com\/wp-content\/uploads\/2020\/03\/logo-GF-200.png\",\"contentUrl\":\"https:\/\/www.grandsformats.com\/wp-content\/uploads\/2020\/03\/logo-GF-200.png\",\"width\":155,\"height\":200,\"caption\":\"Grands Formats\"},\"image\":{\"@id\":\"https:\/\/www.grandsformats.com\/#\/schema\/logo\/image\/\"},\"sameAs\":[\"https:\/\/www.facebook.com\/grandsformats\/\",\"https:\/\/x.com\/GrandsFormatsGF\",\"https:\/\/www.instagram.com\/grandsformats\/\",\"https:\/\/www.youtube.com\/channel\/UCJ7k9dbqc_DG-nxI3WMPvhw?view_as=subscriberhttps:\/\/www.youtube.com\/channel\/UCJ7k9dbqc_DG-nxI3WMPvhw?view_as=subscriber\"]},{\"@type\":\"Person\",\"@id\":\"https:\/\/www.grandsformats.com\/#\/schema\/person\/6ecde7e38a2254b5bc9d620679208ee1\",\"name\":\"Grands Formats\",\"image\":{\"@type\":\"ImageObject\",\"inLanguage\":\"en-US\",\"@id\":\"https:\/\/www.grandsformats.com\/#\/schema\/person\/image\/\",\"url\":\"https:\/\/secure.gravatar.com\/avatar\/5d06febf5ba4681bd17a251487132861b5339c2d72f789e59decf1c1b05d0078?s=96&d=mm&r=g\",\"contentUrl\":\"https:\/\/secure.gravatar.com\/avatar\/5d06febf5ba4681bd17a251487132861b5339c2d72f789e59decf1c1b05d0078?s=96&d=mm&r=g\",\"caption\":\"Grands Formats\"},\"url\":\"https:\/\/www.grandsformats.com\/en\/author\/margaux\/\"}]}<\/script>\n<!-- \/ Yoast SEO plugin. -->","yoast_head_json":{"title":"Covid-19 and European large ensembles : results of our survey - Site officiel de la f\u00e9d\u00e9ration Grands Formats","robots":{"index":"index","follow":"follow","max-snippet":"max-snippet:-1","max-image-preview":"max-image-preview:large","max-video-preview":"max-video-preview:-1"},"canonical":"https:\/\/www.grandsformats.com\/2021\/01\/covid19-and-large-ensembles-results-of-our-survey\/","og_locale":"en_US","og_type":"article","og_title":"Covid-19 and European large ensembles : results of our survey - Site officiel de la f\u00e9d\u00e9ration Grands Formats","og_description":"We questioned the network&#8217;s large ensembles of jazz and improvised music (Think Big!) about the consequences of the Covid-19 on their activities. These data were collected as part of a survey this summer and an update was carried out at the beginning of December 2020 in order to have more recent data on key elements....Continue reading","og_url":"https:\/\/www.grandsformats.com\/2021\/01\/covid19-and-large-ensembles-results-of-our-survey\/","og_site_name":"Site officiel de la f\u00e9d\u00e9ration Grands Formats","article_publisher":"https:\/\/www.facebook.com\/grandsformats\/","article_published_time":"2021-01-07T13:55:48+00:00","og_image":[{"width":1920,"height":1080,"url":"https:\/\/www.grandsformats.com\/wp-content\/uploads\/2020\/03\/Jean-Marie-Machado-Danzas-\u00a9-Christophe-Charpenel-1920x1080-2.jpg","type":"image\/jpeg"}],"author":"Grands Formats","twitter_card":"summary_large_image","twitter_creator":"@GrandsFormatsGF","twitter_site":"@GrandsFormatsGF","twitter_misc":{"Written by":"Grands Formats"},"schema":{"@context":"https:\/\/schema.org","@graph":[{"@type":"Article","@id":"https:\/\/www.grandsformats.com\/2021\/01\/covid19-and-large-ensembles-results-of-our-survey\/#article","isPartOf":{"@id":"https:\/\/www.grandsformats.com\/2021\/01\/covid19-and-large-ensembles-results-of-our-survey\/"},"author":{"name":"Grands Formats","@id":"https:\/\/www.grandsformats.com\/#\/schema\/person\/6ecde7e38a2254b5bc9d620679208ee1"},"headline":"Covid-19 and European large ensembles : results of our survey","datePublished":"2021-01-07T13:55:48+00:00","mainEntityOfPage":{"@id":"https:\/\/www.grandsformats.com\/2021\/01\/covid19-and-large-ensembles-results-of-our-survey\/"},"wordCount":94,"commentCount":0,"publisher":{"@id":"https:\/\/www.grandsformats.com\/#organization"},"image":{"@id":"https:\/\/www.grandsformats.com\/2021\/01\/covid19-and-large-ensembles-results-of-our-survey\/#primaryimage"},"thumbnailUrl":"https:\/\/www.grandsformats.com\/wp-content\/uploads\/2020\/03\/Jean-Marie-Machado-Danzas-\u00a9-Christophe-Charpenel-1920x1080-2.jpg","articleSection":["Actus de la f\u00e9d\u00e9","Actus des membres","Ressources"],"inLanguage":"en-US","potentialAction":[{"@type":"CommentAction","name":"Comment","target":["https:\/\/www.grandsformats.com\/2021\/01\/covid19-and-large-ensembles-results-of-our-survey\/#respond"]}]},{"@type":"WebPage","@id":"https:\/\/www.grandsformats.com\/2021\/01\/covid19-and-large-ensembles-results-of-our-survey\/","url":"https:\/\/www.grandsformats.com\/2021\/01\/covid19-and-large-ensembles-results-of-our-survey\/","name":"Covid-19 and European large ensembles : results of our survey - Site officiel de la f\u00e9d\u00e9ration Grands Formats","isPartOf":{"@id":"https:\/\/www.grandsformats.com\/#website"},"primaryImageOfPage":{"@id":"https:\/\/www.grandsformats.com\/2021\/01\/covid19-and-large-ensembles-results-of-our-survey\/#primaryimage"},"image":{"@id":"https:\/\/www.grandsformats.com\/2021\/01\/covid19-and-large-ensembles-results-of-our-survey\/#primaryimage"},"thumbnailUrl":"https:\/\/www.grandsformats.com\/wp-content\/uploads\/2020\/03\/Jean-Marie-Machado-Danzas-\u00a9-Christophe-Charpenel-1920x1080-2.jpg","datePublished":"2021-01-07T13:55:48+00:00","breadcrumb":{"@id":"https:\/\/www.grandsformats.com\/2021\/01\/covid19-and-large-ensembles-results-of-our-survey\/#breadcrumb"},"inLanguage":"en-US","potentialAction":[{"@type":"ReadAction","target":["https:\/\/www.grandsformats.com\/2021\/01\/covid19-and-large-ensembles-results-of-our-survey\/"]}]},{"@type":"ImageObject","inLanguage":"en-US","@id":"https:\/\/www.grandsformats.com\/2021\/01\/covid19-and-large-ensembles-results-of-our-survey\/#primaryimage","url":"https:\/\/www.grandsformats.com\/wp-content\/uploads\/2020\/03\/Jean-Marie-Machado-Danzas-\u00a9-Christophe-Charpenel-1920x1080-2.jpg","contentUrl":"https:\/\/www.grandsformats.com\/wp-content\/uploads\/2020\/03\/Jean-Marie-Machado-Danzas-\u00a9-Christophe-Charpenel-1920x1080-2.jpg","width":1920,"height":1080,"caption":"Jean Marie Machado Danzas"},{"@type":"BreadcrumbList","@id":"https:\/\/www.grandsformats.com\/2021\/01\/covid19-and-large-ensembles-results-of-our-survey\/#breadcrumb","itemListElement":[{"@type":"ListItem","position":1,"name":"Accueil","item":"https:\/\/www.grandsformats.com\/en\/"},{"@type":"ListItem","position":2,"name":"Covid-19 and European large ensembles : results of our survey"}]},{"@type":"WebSite","@id":"https:\/\/www.grandsformats.com\/#website","url":"https:\/\/www.grandsformats.com\/","name":"Site officiel de la f\u00e9d\u00e9ration Grands Formats","description":"F\u00e9d\u00e9ration d&#039;artistes pour la musique en grand !","publisher":{"@id":"https:\/\/www.grandsformats.com\/#organization"},"potentialAction":[{"@type":"SearchAction","target":{"@type":"EntryPoint","urlTemplate":"https:\/\/www.grandsformats.com\/?s={search_term_string}"},"query-input":{"@type":"PropertyValueSpecification","valueRequired":true,"valueName":"search_term_string"}}],"inLanguage":"en-US"},{"@type":"Organization","@id":"https:\/\/www.grandsformats.com\/#organization","name":"Grands Formats","url":"https:\/\/www.grandsformats.com\/","logo":{"@type":"ImageObject","inLanguage":"en-US","@id":"https:\/\/www.grandsformats.com\/#\/schema\/logo\/image\/","url":"https:\/\/www.grandsformats.com\/wp-content\/uploads\/2020\/03\/logo-GF-200.png","contentUrl":"https:\/\/www.grandsformats.com\/wp-content\/uploads\/2020\/03\/logo-GF-200.png","width":155,"height":200,"caption":"Grands Formats"},"image":{"@id":"https:\/\/www.grandsformats.com\/#\/schema\/logo\/image\/"},"sameAs":["https:\/\/www.facebook.com\/grandsformats\/","https:\/\/x.com\/GrandsFormatsGF","https:\/\/www.instagram.com\/grandsformats\/","https:\/\/www.youtube.com\/channel\/UCJ7k9dbqc_DG-nxI3WMPvhw?view_as=subscriberhttps:\/\/www.youtube.com\/channel\/UCJ7k9dbqc_DG-nxI3WMPvhw?view_as=subscriber"]},{"@type":"Person","@id":"https:\/\/www.grandsformats.com\/#\/schema\/person\/6ecde7e38a2254b5bc9d620679208ee1","name":"Grands Formats","image":{"@type":"ImageObject","inLanguage":"en-US","@id":"https:\/\/www.grandsformats.com\/#\/schema\/person\/image\/","url":"https:\/\/secure.gravatar.com\/avatar\/5d06febf5ba4681bd17a251487132861b5339c2d72f789e59decf1c1b05d0078?s=96&d=mm&r=g","contentUrl":"https:\/\/secure.gravatar.com\/avatar\/5d06febf5ba4681bd17a251487132861b5339c2d72f789e59decf1c1b05d0078?s=96&d=mm&r=g","caption":"Grands Formats"},"url":"https:\/\/www.grandsformats.com\/en\/author\/margaux\/"}]}},"_links":{"self":[{"href":"https:\/\/www.grandsformats.com\/en\/wp-json\/wp\/v2\/posts\/14673","targetHints":{"allow":["GET"]}}],"collection":[{"href":"https:\/\/www.grandsformats.com\/en\/wp-json\/wp\/v2\/posts"}],"about":[{"href":"https:\/\/www.grandsformats.com\/en\/wp-json\/wp\/v2\/types\/post"}],"author":[{"embeddable":true,"href":"https:\/\/www.grandsformats.com\/en\/wp-json\/wp\/v2\/users\/2"}],"replies":[{"embeddable":true,"href":"https:\/\/www.grandsformats.com\/en\/wp-json\/wp\/v2\/comments?post=14673"}],"version-history":[{"count":0,"href":"https:\/\/www.grandsformats.com\/en\/wp-json\/wp\/v2\/posts\/14673\/revisions"}],"wp:featuredmedia":[{"embeddable":true,"href":"https:\/\/www.grandsformats.com\/en\/wp-json\/wp\/v2\/media\/13135"}],"wp:attachment":[{"href":"https:\/\/www.grandsformats.com\/en\/wp-json\/wp\/v2\/media?parent=14673"}],"wp:term":[{"taxonomy":"category","embeddable":true,"href":"https:\/\/www.grandsformats.com\/en\/wp-json\/wp\/v2\/categories?post=14673"},{"taxonomy":"post_tag","embeddable":true,"href":"https:\/\/www.grandsformats.com\/en\/wp-json\/wp\/v2\/tags?post=14673"}],"curies":[{"name":"wp","href":"https:\/\/api.w.org\/{rel}","templated":true}]}}