{"id":14635,"date":"2020-12-15T10:39:14","date_gmt":"2020-12-15T09:39:14","guid":{"rendered":"https:\/\/www.grandsformats.com\/?p=14635"},"modified":"2021-01-06T12:57:55","modified_gmt":"2021-01-06T11:57:55","slug":"artistes-en-danger-lettre-ouverte-roselyne-bachelot","status":"publish","type":"post","link":"https:\/\/www.grandsformats.com\/en\/2020\/12\/artistes-en-danger-lettre-ouverte-roselyne-bachelot\/","title":{"rendered":"Artistes en danger : lettre ouverte \u00e0 Mme Roselyne Bachelot, ministre de la culture"},"content":{"rendered":"<h4 class=\"text-build-content\" data-testid=\"rBxaeuOtW\">Des syndicats et f\u00e9d\u00e9rations du secteur musical adressent une lettre ouverte \u00e0 Mme Roselyne Bachelot, ministre de la culture, inquiets pour l&#8217;avenir des artistes.<\/h4>\n<h4 class=\"text-build-content\" data-testid=\"rBxaeuOtW\"><strong>Alors que les lieux de spectacle restent ferm\u00e9s sur d\u00e9cision du gouvernement et que les artistes interpr\u00e8tes de la musique et du chant subissent tr\u00e8s durement les cons\u00e9quences de la crise sanitaire, plusieurs organisations d&#8217;artistes et d&#8217;acteur\u00b7rice\u00b7s du secteur musical adressent une lettre ouverte \u00e0 la ministre de la culture ce jour lors d&#8217;une journ\u00e9e de manifestations \u00e0 l&#8217;appel de multiples organisations partout en France.<\/strong><\/h4>\n<p class=\"text-build-content\" data-testid=\"riELDeRmL\">Madame la Ministre,<\/p>\n<p class=\"text-build-content\" data-testid=\"riELDeRmL\">La situation est grave pour les milliers d&#8217;artistes interpr\u00e8tes de la musique de notre pays et nous conduit aujourd&#8217;hui \u00e0 vous adresser une lettre ouverte pour amplifier les d\u00e9marches d&#8217;alerte que nous avons d\u00e9j\u00e0 manifest\u00e9es \u00e0 plusieurs reprises ces derni\u00e8res semaines.<\/p>\n<p class=\"text-build-content\" data-testid=\"riELDeRmL\">Alors que se d\u00e9cidait un second confinement, vous d\u00e9clariez \u00e0 la fin du mois d&#8217;octobre que <i><strong>\u00ab certaines activit\u00e9s professionnelles peuvent continuer d\u00e8s lors qu&#8217;il n&#8217;y a pas de public [&#8230;]. Concr\u00e8tement, la cr\u00e9ation artistique continue de vivre : les tournages, les r\u00e9p\u00e9titions de spectacle \u00e0 huis-clos, les enregistrements et captations des oeuvres sans public sont tout-\u00e0-fait possibles. \u00bb<\/strong><\/i><\/p>\n<p class=\"text-build-content\" data-testid=\"riELDeRmL\">Un mois et demi plus tard, alors que la reprise des spectacles ne d\u00e9butera &#8211; au mieux &#8211; qu&#8217;\u00e0 la mi-janvier et partiellement, vous n&#8217;avez mobilis\u00e9 aucun budget pour concr\u00e9tiser votre invitation.<\/p>\n<p class=\"text-build-content\" data-testid=\"riELDeRmL\">Des centaines de millions d&#8217;euros sont mobilis\u00e9s \u00e0 juste titre pour les entreprises et la pr\u00e9servation des revenus des personnels permanents.<strong> Mais rien n&#8217;a \u00e9t\u00e9 mis en oeuvre pour permettre aux artistes de la musique de travailler.<\/strong> Nous \u00e9voquons ici la situation des 25 000 musiciens ou chanteurs intermittents du spectacle qui n&#8217;ont pour seul revenu depuis des mois que leurs allocations de ch\u00f4mage, mais aussi de toutes celles et ceux qui ont \u00e9t\u00e9 les laiss\u00e9s-pour-compte de \u00ab<i> l&#8217;ann\u00e9e blanche <\/i>\u00bb.<\/p>\n<p class=\"text-build-content\" data-testid=\"riELDeRmL\">Toutes et tous ont besoin de travailler. Pour gagner leur vie, pour pr\u00e9parer la reprise des spectacles d&#8217;ici quelques semaines ou quelques mois, pour exercer leur art quoi qu&#8217;il en soit.<\/p>\n<p class=\"text-build-content\" data-testid=\"riELDeRmL\">Nous vous enjoignons solennellement \u00e0 aller jusqu&#8217;au bout de votre invitation \u00e0 continuer de cr\u00e9er en finan\u00e7ant de toute urgence un fonds pour l&#8217;emploi artistique qui puisse permettre aux artistes de la musique de reprendre le travail, ne serait-ce que quelques dizaines de jours dans un premier temps. Cela aurait aussi l&#8217;avantage de leur permettre d&#8217;acqu\u00e9rir de nouveaux droits sociaux en cotisant \u00e0 leurs caisses sociales qui en ont grand besoin.<\/p>\n<p class=\"text-build-content\" data-testid=\"riELDeRmL\">Des propositions vous ont \u00e9t\u00e9 faites en ce sens par diverses organisations. Vous avez par ailleurs \u00e0 votre disposition le tr\u00e8s r\u00e9cent mais d\u00e9j\u00e0 d\u00e9terminant Centre National de la Musique (CNM) qui a montr\u00e9 sa capacit\u00e9 \u00e0 se mobiliser pour venir en aide aux diff\u00e9rentes cat\u00e9gories de professionnels frapp\u00e9s par la crise, mais pour l&#8217;instant quasiment pas aux artistes interpr\u00e8tes eux-m\u00eames.<\/p>\n<p class=\"text-build-content\" data-testid=\"riELDeRmL\">Veuillez agr\u00e9er, Madame la Ministre, l&#8217;expression de nos sentiments les plus respectueux.<\/p>\n<p data-testid=\"riELDeRmL\">Paris, le 15 d\u00e9cembre 2020<\/p>\n<p class=\"text-build-content\" data-testid=\"riELDeRmL\"><i><strong><a href=\"https:\/\/ajc-jazz.eu\/\">AJC<\/a> (Association Jazz\u00e9 Crois\u00e9)<\/strong><\/i><\/p>\n<p class=\"text-build-content\" data-testid=\"riELDeRmL\"><i><strong><a href=\"http:\/\/www.famdt.com\/\">FAMDT<\/a> (F\u00e9d\u00e9ration des Acteurs et Actrice des Musiques et Danses Traditionnelles)<\/strong><\/i><\/p>\n<p class=\"text-build-content\" data-testid=\"riELDeRmL\"><i><strong><a href=\"https:\/\/www.grandsformats.com\/\">GRANDS FORMATS<\/a> (F\u00e9d\u00e9ration d\u2019artistes pour la musique en Grands Formats)<\/strong><\/i><\/p>\n<p class=\"text-build-content\" data-testid=\"riELDeRmL\"><i><strong><a href=\"https:\/\/www.profedim.org\/\">PROFEDIM<\/a> (syndicat professionnel des PROducteurs, Festivals, Ensembles, Diffuseurs Ind\u00e9pendants de Musique)<\/strong><\/i><\/p>\n<p class=\"text-build-content\" data-testid=\"riELDeRmL\"><i><strong><a href=\"http:\/\/www.sma-syndicat.org\/\">SMA<\/a> (Syndicat des Musiques Actuelles)<\/strong><\/i><\/p>\n<p class=\"text-build-content\" data-testid=\"riELDeRmL\"><i><strong><a href=\"https:\/\/www.snam-cgt.org\/\">SNAM-CGT<\/a> (Union Nationale des Syndicats d&#8217;Artistes Musiciens de France)<\/strong><\/i><\/p>\n<p class=\"text-build-content\" data-testid=\"riELDeRmL\"><i><strong><a href=\"http:\/\/musiciens-fo.com\/\">SNM-FO<\/a> (Syndicat National des Musiciens)<\/strong><\/i><\/p>\n","protected":false},"excerpt":{"rendered":"<p>Des syndicats et f\u00e9d\u00e9rations du secteur musical adressent une lettre ouverte \u00e0 Mme Roselyne Bachelot, ministre de la culture, inquiets pour l&#8217;avenir des artistes. Alors que les lieux de spectacle restent ferm\u00e9s sur d\u00e9cision du gouvernement et que les artistes interpr\u00e8tes de la musique et du chant subissent tr\u00e8s durement les cons\u00e9quences de la crise&#8230;<\/p>\n<p><a rel=\"bookmark\" class=\"theme-button-text wvc-button wvc-button-size-xs\" href=\"https:\/\/www.grandsformats.com\/en\/2020\/12\/artistes-en-danger-lettre-ouverte-roselyne-bachelot\/\"><small class=\"wvc-button-background-fill\"><\/small><span>Continue reading<\/span><\/a><\/p>\n","protected":false},"author":2,"featured_media":14636,"comment_status":"open","ping_status":"open","sticky":false,"template":"","format":"standard","meta":{"_acf_changed":false,"footnotes":""},"categories":[90,273],"tags":[],"class_list":["post-14635","post","type-post","status-publish","format-standard","has-post-thumbnail","hentry","category-grands-formats","category-communiques-lactu-de-la-fede","entry-post-skin-light","entry","clearfix","entry-grid","entry-columns-default","entry-post-module-layout-sidebar-right","thumbnail-color-tone-light","metro-landscape","entry-post","entry-masonry","entry-post-masonry"],"acf":[],"yoast_head":"<!-- This site is optimized with the Yoast SEO plugin v25.8 - https:\/\/yoast.com\/wordpress\/plugins\/seo\/ -->\n<title>Artistes en danger : lettre ouverte \u00e0 Mme Roselyne Bachelot, ministre de la culture - Site officiel de la f\u00e9d\u00e9ration Grands Formats<\/title>\n<meta name=\"description\" content=\"Des syndicats et f\u00e9d\u00e9rations du secteur musical adressent une lettre ouverte \u00e0 Mme Roselyne Bachelot, ministre de la culture, inquiets pour les artistes.\" \/>\n<meta name=\"robots\" content=\"index, follow, max-snippet:-1, max-image-preview:large, max-video-preview:-1\" \/>\n<link rel=\"canonical\" href=\"https:\/\/www.grandsformats.com\/2020\/12\/artistes-en-danger-lettre-ouverte-roselyne-bachelot\/\" \/>\n<meta property=\"og:locale\" content=\"en_US\" \/>\n<meta property=\"og:type\" content=\"article\" \/>\n<meta property=\"og:title\" content=\"Artistes en danger : lettre ouverte \u00e0 Mme Roselyne Bachelot, ministre de la culture - Site officiel de la f\u00e9d\u00e9ration Grands Formats\" \/>\n<meta property=\"og:description\" content=\"Des syndicats et f\u00e9d\u00e9rations du secteur musical adressent une lettre ouverte \u00e0 Mme Roselyne Bachelot, ministre de la culture, inquiets pour les artistes.\" \/>\n<meta property=\"og:url\" content=\"https:\/\/www.grandsformats.com\/2020\/12\/artistes-en-danger-lettre-ouverte-roselyne-bachelot\/\" \/>\n<meta property=\"og:site_name\" content=\"Site officiel de la f\u00e9d\u00e9ration Grands Formats\" \/>\n<meta property=\"article:publisher\" content=\"https:\/\/www.facebook.com\/grandsformats\/\" \/>\n<meta property=\"article:published_time\" content=\"2020-12-15T09:39:14+00:00\" \/>\n<meta property=\"article:modified_time\" content=\"2021-01-06T11:57:55+00:00\" \/>\n<meta property=\"og:image\" content=\"https:\/\/www.grandsformats.com\/wp-content\/uploads\/2020\/12\/Logos-lettre-ouverte-15122020.jpg\" \/>\n\t<meta property=\"og:image:width\" content=\"1121\" \/>\n\t<meta property=\"og:image:height\" content=\"631\" \/>\n\t<meta property=\"og:image:type\" content=\"image\/jpeg\" \/>\n<meta name=\"author\" content=\"Grands Formats\" \/>\n<meta name=\"twitter:card\" content=\"summary_large_image\" \/>\n<meta name=\"twitter:creator\" content=\"@GrandsFormatsGF\" \/>\n<meta name=\"twitter:site\" content=\"@GrandsFormatsGF\" \/>\n<meta name=\"twitter:label1\" content=\"Written by\" \/>\n\t<meta name=\"twitter:data1\" content=\"Grands Formats\" \/>\n\t<meta name=\"twitter:label2\" content=\"Est. reading time\" \/>\n\t<meta name=\"twitter:data2\" content=\"3 minutes\" \/>\n<script type=\"application\/ld+json\" class=\"yoast-schema-graph\">{\"@context\":\"https:\/\/schema.org\",\"@graph\":[{\"@type\":\"Article\",\"@id\":\"https:\/\/www.grandsformats.com\/2020\/12\/artistes-en-danger-lettre-ouverte-roselyne-bachelot\/#article\",\"isPartOf\":{\"@id\":\"https:\/\/www.grandsformats.com\/2020\/12\/artistes-en-danger-lettre-ouverte-roselyne-bachelot\/\"},\"author\":{\"name\":\"Grands Formats\",\"@id\":\"https:\/\/www.grandsformats.com\/#\/schema\/person\/6ecde7e38a2254b5bc9d620679208ee1\"},\"headline\":\"Artistes en danger : lettre ouverte \u00e0 Mme Roselyne Bachelot, ministre de la culture\",\"datePublished\":\"2020-12-15T09:39:14+00:00\",\"dateModified\":\"2021-01-06T11:57:55+00:00\",\"mainEntityOfPage\":{\"@id\":\"https:\/\/www.grandsformats.com\/2020\/12\/artistes-en-danger-lettre-ouverte-roselyne-bachelot\/\"},\"wordCount\":606,\"commentCount\":0,\"publisher\":{\"@id\":\"https:\/\/www.grandsformats.com\/#organization\"},\"image\":{\"@id\":\"https:\/\/www.grandsformats.com\/2020\/12\/artistes-en-danger-lettre-ouverte-roselyne-bachelot\/#primaryimage\"},\"thumbnailUrl\":\"https:\/\/www.grandsformats.com\/wp-content\/uploads\/2020\/12\/Logos-lettre-ouverte-15122020.jpg\",\"articleSection\":[\"Actus de la f\u00e9d\u00e9\",\"Contributions\"],\"inLanguage\":\"en-US\",\"potentialAction\":[{\"@type\":\"CommentAction\",\"name\":\"Comment\",\"target\":[\"https:\/\/www.grandsformats.com\/2020\/12\/artistes-en-danger-lettre-ouverte-roselyne-bachelot\/#respond\"]}]},{\"@type\":\"WebPage\",\"@id\":\"https:\/\/www.grandsformats.com\/2020\/12\/artistes-en-danger-lettre-ouverte-roselyne-bachelot\/\",\"url\":\"https:\/\/www.grandsformats.com\/2020\/12\/artistes-en-danger-lettre-ouverte-roselyne-bachelot\/\",\"name\":\"Artistes en danger : lettre ouverte \u00e0 Mme Roselyne Bachelot, ministre de la culture - Site officiel de la f\u00e9d\u00e9ration Grands Formats\",\"isPartOf\":{\"@id\":\"https:\/\/www.grandsformats.com\/#website\"},\"primaryImageOfPage\":{\"@id\":\"https:\/\/www.grandsformats.com\/2020\/12\/artistes-en-danger-lettre-ouverte-roselyne-bachelot\/#primaryimage\"},\"image\":{\"@id\":\"https:\/\/www.grandsformats.com\/2020\/12\/artistes-en-danger-lettre-ouverte-roselyne-bachelot\/#primaryimage\"},\"thumbnailUrl\":\"https:\/\/www.grandsformats.com\/wp-content\/uploads\/2020\/12\/Logos-lettre-ouverte-15122020.jpg\",\"datePublished\":\"2020-12-15T09:39:14+00:00\",\"dateModified\":\"2021-01-06T11:57:55+00:00\",\"description\":\"Des syndicats et f\u00e9d\u00e9rations du secteur musical adressent une lettre ouverte \u00e0 Mme Roselyne Bachelot, ministre de la culture, inquiets pour les artistes.\",\"breadcrumb\":{\"@id\":\"https:\/\/www.grandsformats.com\/2020\/12\/artistes-en-danger-lettre-ouverte-roselyne-bachelot\/#breadcrumb\"},\"inLanguage\":\"en-US\",\"potentialAction\":[{\"@type\":\"ReadAction\",\"target\":[\"https:\/\/www.grandsformats.com\/2020\/12\/artistes-en-danger-lettre-ouverte-roselyne-bachelot\/\"]}]},{\"@type\":\"ImageObject\",\"inLanguage\":\"en-US\",\"@id\":\"https:\/\/www.grandsformats.com\/2020\/12\/artistes-en-danger-lettre-ouverte-roselyne-bachelot\/#primaryimage\",\"url\":\"https:\/\/www.grandsformats.com\/wp-content\/uploads\/2020\/12\/Logos-lettre-ouverte-15122020.jpg\",\"contentUrl\":\"https:\/\/www.grandsformats.com\/wp-content\/uploads\/2020\/12\/Logos-lettre-ouverte-15122020.jpg\",\"width\":1121,\"height\":631,\"caption\":\"Lettre ouverte - Artistes en danger\"},{\"@type\":\"BreadcrumbList\",\"@id\":\"https:\/\/www.grandsformats.com\/2020\/12\/artistes-en-danger-lettre-ouverte-roselyne-bachelot\/#breadcrumb\",\"itemListElement\":[{\"@type\":\"ListItem\",\"position\":1,\"name\":\"Accueil\",\"item\":\"https:\/\/www.grandsformats.com\/en\/\"},{\"@type\":\"ListItem\",\"position\":2,\"name\":\"Artistes en danger : lettre ouverte \u00e0 Mme Roselyne Bachelot, ministre de la culture\"}]},{\"@type\":\"WebSite\",\"@id\":\"https:\/\/www.grandsformats.com\/#website\",\"url\":\"https:\/\/www.grandsformats.com\/\",\"name\":\"Site officiel de la f\u00e9d\u00e9ration Grands Formats\",\"description\":\"F\u00e9d\u00e9ration d&#039;artistes pour la musique en grand !\",\"publisher\":{\"@id\":\"https:\/\/www.grandsformats.com\/#organization\"},\"potentialAction\":[{\"@type\":\"SearchAction\",\"target\":{\"@type\":\"EntryPoint\",\"urlTemplate\":\"https:\/\/www.grandsformats.com\/?s={search_term_string}\"},\"query-input\":{\"@type\":\"PropertyValueSpecification\",\"valueRequired\":true,\"valueName\":\"search_term_string\"}}],\"inLanguage\":\"en-US\"},{\"@type\":\"Organization\",\"@id\":\"https:\/\/www.grandsformats.com\/#organization\",\"name\":\"Grands Formats\",\"url\":\"https:\/\/www.grandsformats.com\/\",\"logo\":{\"@type\":\"ImageObject\",\"inLanguage\":\"en-US\",\"@id\":\"https:\/\/www.grandsformats.com\/#\/schema\/logo\/image\/\",\"url\":\"https:\/\/www.grandsformats.com\/wp-content\/uploads\/2020\/03\/logo-GF-200.png\",\"contentUrl\":\"https:\/\/www.grandsformats.com\/wp-content\/uploads\/2020\/03\/logo-GF-200.png\",\"width\":155,\"height\":200,\"caption\":\"Grands Formats\"},\"image\":{\"@id\":\"https:\/\/www.grandsformats.com\/#\/schema\/logo\/image\/\"},\"sameAs\":[\"https:\/\/www.facebook.com\/grandsformats\/\",\"https:\/\/x.com\/GrandsFormatsGF\",\"https:\/\/www.instagram.com\/grandsformats\/\",\"https:\/\/www.youtube.com\/channel\/UCJ7k9dbqc_DG-nxI3WMPvhw?view_as=subscriberhttps:\/\/www.youtube.com\/channel\/UCJ7k9dbqc_DG-nxI3WMPvhw?view_as=subscriber\"]},{\"@type\":\"Person\",\"@id\":\"https:\/\/www.grandsformats.com\/#\/schema\/person\/6ecde7e38a2254b5bc9d620679208ee1\",\"name\":\"Grands Formats\",\"image\":{\"@type\":\"ImageObject\",\"inLanguage\":\"en-US\",\"@id\":\"https:\/\/www.grandsformats.com\/#\/schema\/person\/image\/\",\"url\":\"https:\/\/secure.gravatar.com\/avatar\/5d06febf5ba4681bd17a251487132861b5339c2d72f789e59decf1c1b05d0078?s=96&d=mm&r=g\",\"contentUrl\":\"https:\/\/secure.gravatar.com\/avatar\/5d06febf5ba4681bd17a251487132861b5339c2d72f789e59decf1c1b05d0078?s=96&d=mm&r=g\",\"caption\":\"Grands Formats\"},\"url\":\"https:\/\/www.grandsformats.com\/en\/author\/margaux\/\"}]}<\/script>\n<!-- \/ Yoast SEO plugin. -->","yoast_head_json":{"title":"Artistes en danger : lettre ouverte \u00e0 Mme Roselyne Bachelot, ministre de la culture - Site officiel de la f\u00e9d\u00e9ration Grands Formats","description":"Des syndicats et f\u00e9d\u00e9rations du secteur musical adressent une lettre ouverte \u00e0 Mme Roselyne Bachelot, ministre de la culture, inquiets pour les artistes.","robots":{"index":"index","follow":"follow","max-snippet":"max-snippet:-1","max-image-preview":"max-image-preview:large","max-video-preview":"max-video-preview:-1"},"canonical":"https:\/\/www.grandsformats.com\/2020\/12\/artistes-en-danger-lettre-ouverte-roselyne-bachelot\/","og_locale":"en_US","og_type":"article","og_title":"Artistes en danger : lettre ouverte \u00e0 Mme Roselyne Bachelot, ministre de la culture - Site officiel de la f\u00e9d\u00e9ration Grands Formats","og_description":"Des syndicats et f\u00e9d\u00e9rations du secteur musical adressent une lettre ouverte \u00e0 Mme Roselyne Bachelot, ministre de la culture, inquiets pour les artistes.","og_url":"https:\/\/www.grandsformats.com\/2020\/12\/artistes-en-danger-lettre-ouverte-roselyne-bachelot\/","og_site_name":"Site officiel de la f\u00e9d\u00e9ration Grands Formats","article_publisher":"https:\/\/www.facebook.com\/grandsformats\/","article_published_time":"2020-12-15T09:39:14+00:00","article_modified_time":"2021-01-06T11:57:55+00:00","og_image":[{"width":1121,"height":631,"url":"https:\/\/www.grandsformats.com\/wp-content\/uploads\/2020\/12\/Logos-lettre-ouverte-15122020.jpg","type":"image\/jpeg"}],"author":"Grands Formats","twitter_card":"summary_large_image","twitter_creator":"@GrandsFormatsGF","twitter_site":"@GrandsFormatsGF","twitter_misc":{"Written by":"Grands Formats","Est. reading time":"3 minutes"},"schema":{"@context":"https:\/\/schema.org","@graph":[{"@type":"Article","@id":"https:\/\/www.grandsformats.com\/2020\/12\/artistes-en-danger-lettre-ouverte-roselyne-bachelot\/#article","isPartOf":{"@id":"https:\/\/www.grandsformats.com\/2020\/12\/artistes-en-danger-lettre-ouverte-roselyne-bachelot\/"},"author":{"name":"Grands Formats","@id":"https:\/\/www.grandsformats.com\/#\/schema\/person\/6ecde7e38a2254b5bc9d620679208ee1"},"headline":"Artistes en danger : lettre ouverte \u00e0 Mme Roselyne Bachelot, ministre de la culture","datePublished":"2020-12-15T09:39:14+00:00","dateModified":"2021-01-06T11:57:55+00:00","mainEntityOfPage":{"@id":"https:\/\/www.grandsformats.com\/2020\/12\/artistes-en-danger-lettre-ouverte-roselyne-bachelot\/"},"wordCount":606,"commentCount":0,"publisher":{"@id":"https:\/\/www.grandsformats.com\/#organization"},"image":{"@id":"https:\/\/www.grandsformats.com\/2020\/12\/artistes-en-danger-lettre-ouverte-roselyne-bachelot\/#primaryimage"},"thumbnailUrl":"https:\/\/www.grandsformats.com\/wp-content\/uploads\/2020\/12\/Logos-lettre-ouverte-15122020.jpg","articleSection":["Actus de la f\u00e9d\u00e9","Contributions"],"inLanguage":"en-US","potentialAction":[{"@type":"CommentAction","name":"Comment","target":["https:\/\/www.grandsformats.com\/2020\/12\/artistes-en-danger-lettre-ouverte-roselyne-bachelot\/#respond"]}]},{"@type":"WebPage","@id":"https:\/\/www.grandsformats.com\/2020\/12\/artistes-en-danger-lettre-ouverte-roselyne-bachelot\/","url":"https:\/\/www.grandsformats.com\/2020\/12\/artistes-en-danger-lettre-ouverte-roselyne-bachelot\/","name":"Artistes en danger : lettre ouverte \u00e0 Mme Roselyne Bachelot, ministre de la culture - Site officiel de la f\u00e9d\u00e9ration Grands Formats","isPartOf":{"@id":"https:\/\/www.grandsformats.com\/#website"},"primaryImageOfPage":{"@id":"https:\/\/www.grandsformats.com\/2020\/12\/artistes-en-danger-lettre-ouverte-roselyne-bachelot\/#primaryimage"},"image":{"@id":"https:\/\/www.grandsformats.com\/2020\/12\/artistes-en-danger-lettre-ouverte-roselyne-bachelot\/#primaryimage"},"thumbnailUrl":"https:\/\/www.grandsformats.com\/wp-content\/uploads\/2020\/12\/Logos-lettre-ouverte-15122020.jpg","datePublished":"2020-12-15T09:39:14+00:00","dateModified":"2021-01-06T11:57:55+00:00","description":"Des syndicats et f\u00e9d\u00e9rations du secteur musical adressent une lettre ouverte \u00e0 Mme Roselyne Bachelot, ministre de la culture, inquiets pour les artistes.","breadcrumb":{"@id":"https:\/\/www.grandsformats.com\/2020\/12\/artistes-en-danger-lettre-ouverte-roselyne-bachelot\/#breadcrumb"},"inLanguage":"en-US","potentialAction":[{"@type":"ReadAction","target":["https:\/\/www.grandsformats.com\/2020\/12\/artistes-en-danger-lettre-ouverte-roselyne-bachelot\/"]}]},{"@type":"ImageObject","inLanguage":"en-US","@id":"https:\/\/www.grandsformats.com\/2020\/12\/artistes-en-danger-lettre-ouverte-roselyne-bachelot\/#primaryimage","url":"https:\/\/www.grandsformats.com\/wp-content\/uploads\/2020\/12\/Logos-lettre-ouverte-15122020.jpg","contentUrl":"https:\/\/www.grandsformats.com\/wp-content\/uploads\/2020\/12\/Logos-lettre-ouverte-15122020.jpg","width":1121,"height":631,"caption":"Lettre ouverte - Artistes en danger"},{"@type":"BreadcrumbList","@id":"https:\/\/www.grandsformats.com\/2020\/12\/artistes-en-danger-lettre-ouverte-roselyne-bachelot\/#breadcrumb","itemListElement":[{"@type":"ListItem","position":1,"name":"Accueil","item":"https:\/\/www.grandsformats.com\/en\/"},{"@type":"ListItem","position":2,"name":"Artistes en danger : lettre ouverte \u00e0 Mme Roselyne Bachelot, ministre de la culture"}]},{"@type":"WebSite","@id":"https:\/\/www.grandsformats.com\/#website","url":"https:\/\/www.grandsformats.com\/","name":"Site officiel de la f\u00e9d\u00e9ration Grands Formats","description":"F\u00e9d\u00e9ration d&#039;artistes pour la musique en grand !","publisher":{"@id":"https:\/\/www.grandsformats.com\/#organization"},"potentialAction":[{"@type":"SearchAction","target":{"@type":"EntryPoint","urlTemplate":"https:\/\/www.grandsformats.com\/?s={search_term_string}"},"query-input":{"@type":"PropertyValueSpecification","valueRequired":true,"valueName":"search_term_string"}}],"inLanguage":"en-US"},{"@type":"Organization","@id":"https:\/\/www.grandsformats.com\/#organization","name":"Grands Formats","url":"https:\/\/www.grandsformats.com\/","logo":{"@type":"ImageObject","inLanguage":"en-US","@id":"https:\/\/www.grandsformats.com\/#\/schema\/logo\/image\/","url":"https:\/\/www.grandsformats.com\/wp-content\/uploads\/2020\/03\/logo-GF-200.png","contentUrl":"https:\/\/www.grandsformats.com\/wp-content\/uploads\/2020\/03\/logo-GF-200.png","width":155,"height":200,"caption":"Grands Formats"},"image":{"@id":"https:\/\/www.grandsformats.com\/#\/schema\/logo\/image\/"},"sameAs":["https:\/\/www.facebook.com\/grandsformats\/","https:\/\/x.com\/GrandsFormatsGF","https:\/\/www.instagram.com\/grandsformats\/","https:\/\/www.youtube.com\/channel\/UCJ7k9dbqc_DG-nxI3WMPvhw?view_as=subscriberhttps:\/\/www.youtube.com\/channel\/UCJ7k9dbqc_DG-nxI3WMPvhw?view_as=subscriber"]},{"@type":"Person","@id":"https:\/\/www.grandsformats.com\/#\/schema\/person\/6ecde7e38a2254b5bc9d620679208ee1","name":"Grands Formats","image":{"@type":"ImageObject","inLanguage":"en-US","@id":"https:\/\/www.grandsformats.com\/#\/schema\/person\/image\/","url":"https:\/\/secure.gravatar.com\/avatar\/5d06febf5ba4681bd17a251487132861b5339c2d72f789e59decf1c1b05d0078?s=96&d=mm&r=g","contentUrl":"https:\/\/secure.gravatar.com\/avatar\/5d06febf5ba4681bd17a251487132861b5339c2d72f789e59decf1c1b05d0078?s=96&d=mm&r=g","caption":"Grands Formats"},"url":"https:\/\/www.grandsformats.com\/en\/author\/margaux\/"}]}},"_links":{"self":[{"href":"https:\/\/www.grandsformats.com\/en\/wp-json\/wp\/v2\/posts\/14635","targetHints":{"allow":["GET"]}}],"collection":[{"href":"https:\/\/www.grandsformats.com\/en\/wp-json\/wp\/v2\/posts"}],"about":[{"href":"https:\/\/www.grandsformats.com\/en\/wp-json\/wp\/v2\/types\/post"}],"author":[{"embeddable":true,"href":"https:\/\/www.grandsformats.com\/en\/wp-json\/wp\/v2\/users\/2"}],"replies":[{"embeddable":true,"href":"https:\/\/www.grandsformats.com\/en\/wp-json\/wp\/v2\/comments?post=14635"}],"version-history":[{"count":0,"href":"https:\/\/www.grandsformats.com\/en\/wp-json\/wp\/v2\/posts\/14635\/revisions"}],"wp:featuredmedia":[{"embeddable":true,"href":"https:\/\/www.grandsformats.com\/en\/wp-json\/wp\/v2\/media\/14636"}],"wp:attachment":[{"href":"https:\/\/www.grandsformats.com\/en\/wp-json\/wp\/v2\/media?parent=14635"}],"wp:term":[{"taxonomy":"category","embeddable":true,"href":"https:\/\/www.grandsformats.com\/en\/wp-json\/wp\/v2\/categories?post=14635"},{"taxonomy":"post_tag","embeddable":true,"href":"https:\/\/www.grandsformats.com\/en\/wp-json\/wp\/v2\/tags?post=14635"}],"curies":[{"name":"wp","href":"https:\/\/api.w.org\/{rel}","templated":true}]}}