{"id":14325,"date":"2020-11-09T12:04:49","date_gmt":"2020-11-09T11:04:49","guid":{"rendered":"https:\/\/www.grandsformats.com\/?p=14325"},"modified":"2020-11-19T13:01:52","modified_gmt":"2020-11-19T12:01:52","slug":"nouvel-album-pour-le-surnatural-orchestra","status":"publish","type":"post","link":"https:\/\/www.grandsformats.com\/en\/2020\/11\/nouvel-album-pour-le-surnatural-orchestra\/","title":{"rendered":"Nouvel album pour le Surnatural Orchestra"},"content":{"rendered":"<p>Malgr\u00e9 toutes les envies, les bonnes volont\u00e9s, les convictions, les \u00e9nergies, beaucoup de ce qui se mijote depuis des mois chez Surnatural Orchestra sera annul\u00e9 ou report\u00e9. Le <strong><em>Surnatural festival<\/em><\/strong>, qui devait se tenir \u00e0 AERI (Montreuil) du 25 au 29 novembre n&#8217;existera finalement pas\u2026<\/p>\n<p>Report\u00e9e depuis le Printemps, la sortie du <strong>disque<\/strong> \u00ab <a href=\"https:\/\/surnaturalorchestra.bandcamp.com\/\"><strong><em>Tall Man Was Here<\/em><\/strong> <\/a>\u00bb devait s&#8217;y tenir aussi.<\/p>\n<p>\u00ab\u00a0Qu&#8217;\u00e0 cela ne tienne, il sortira quand m\u00eame\u00a0\u00bb<\/p>\n<p>Surnatural Orchestra vous invite \u00e0 s\u2019attacher ensemble au plus difficile dans cette situation de crise sanitaire : \u00ab\u00a0garder\/transmettre l&#8217;envie, l&#8217;\u00e9nergie, la gait\u00e9 des possibles, a\u00e9rer les cerveaux, qu&#8217;ils ne se ratatinent tout ce temps comme de vieilles pommes au fond des paniers, dire aux enfants que nos bouches restent l\u00e0 pour \u00eatre vues \u00e0 sourire et grogner, que l&#8217;Humanit\u00e9 vit dans l&#8217;\u00e9change et le brassage depuis toujours, que c&#8217;est gr\u00e2ce \u00e0 \u00e7a qu&#8217;on en est. Qu&#8217;on peut r\u00e9fl\u00e9chir et penser par soi-m\u00eame, partager et s&#8217;aider des autres, m\u00eame quand les temps sont durs et contraints. Alors oui, m\u00eame en carton, ce sera la f\u00eate de le sortir ce disque et pour la suite\u2026 on se verra !\u00a0\u00bb<\/p>\n<p>L&#8217;album sort le 20 novembre et est d&#8217;ores et d\u00e9j\u00e0 disponible en pr\u00e9commande sur <a href=\"https:\/\/surnaturalorchestra.bandcamp.com\/\">Bandcamp<\/a>.<\/p>\n<p class=\"p1\"><span class=\"s1 caption\">\u00a9 DR<\/span><\/p>\n<p><iframe loading=\"lazy\" title=\"Surnatural Orchestra  - Pr\u00e9sentation Vid\u00e9o\" width=\"1140\" height=\"641\" src=\"https:\/\/www.youtube.com\/embed\/r6yKq33uZPc?feature=oembed\" frameborder=\"0\" allow=\"accelerometer; autoplay; clipboard-write; encrypted-media; gyroscope; picture-in-picture\" allowfullscreen><\/iframe><\/p>\n","protected":false},"excerpt":{"rendered":"<p>Malgr\u00e9 toutes les envies, les bonnes volont\u00e9s, les convictions, les \u00e9nergies, beaucoup de ce qui se mijote depuis des mois chez Surnatural Orchestra sera annul\u00e9 ou report\u00e9. Le Surnatural festival, qui devait se tenir \u00e0 AERI (Montreuil) du 25 au 29 novembre n&#8217;existera finalement pas\u2026 Report\u00e9e depuis le Printemps, la sortie du disque \u00ab Tall&#8230;<\/p>\n<p><a rel=\"bookmark\" class=\"theme-button-text wvc-button wvc-button-size-xs\" href=\"https:\/\/www.grandsformats.com\/en\/2020\/11\/nouvel-album-pour-le-surnatural-orchestra\/\"><small class=\"wvc-button-background-fill\"><\/small><span>Continue reading<\/span><\/a><\/p>\n","protected":false},"author":2,"featured_media":14326,"comment_status":"open","ping_status":"open","sticky":false,"template":"","format":"standard","meta":{"_acf_changed":false,"footnotes":""},"categories":[171],"tags":[],"class_list":["post-14325","post","type-post","status-publish","format-standard","has-post-thumbnail","hentry","category-uncategorized","entry-post-skin-light","entry","clearfix","entry-grid","entry-columns-default","entry-post-module-layout-sidebar-right","thumbnail-color-tone-light","metro-landscape","is-youtube","entry-post","entry-masonry","entry-post-masonry"],"acf":[],"yoast_head":"<!-- This site is optimized with the Yoast SEO plugin v25.8 - https:\/\/yoast.com\/wordpress\/plugins\/seo\/ -->\n<title>Nouvel album pour le Surnatural Orchestra - Site officiel de la f\u00e9d\u00e9ration Grands Formats<\/title>\n<meta name=\"robots\" content=\"index, follow, max-snippet:-1, max-image-preview:large, max-video-preview:-1\" \/>\n<link rel=\"canonical\" href=\"https:\/\/www.grandsformats.com\/2020\/11\/nouvel-album-pour-le-surnatural-orchestra\/\" \/>\n<meta property=\"og:locale\" content=\"en_US\" \/>\n<meta property=\"og:type\" content=\"article\" \/>\n<meta property=\"og:title\" content=\"Nouvel album pour le Surnatural Orchestra - Site officiel de la f\u00e9d\u00e9ration Grands Formats\" \/>\n<meta property=\"og:description\" content=\"Malgr\u00e9 toutes les envies, les bonnes volont\u00e9s, les convictions, les \u00e9nergies, beaucoup de ce qui se mijote depuis des mois chez Surnatural Orchestra sera annul\u00e9 ou report\u00e9. Le Surnatural festival, qui devait se tenir \u00e0 AERI (Montreuil) du 25 au 29 novembre n&#8217;existera finalement pas\u2026 Report\u00e9e depuis le Printemps, la sortie du disque \u00ab Tall...Continue reading\" \/>\n<meta property=\"og:url\" content=\"https:\/\/www.grandsformats.com\/2020\/11\/nouvel-album-pour-le-surnatural-orchestra\/\" \/>\n<meta property=\"og:site_name\" content=\"Site officiel de la f\u00e9d\u00e9ration Grands Formats\" \/>\n<meta property=\"article:publisher\" content=\"https:\/\/www.facebook.com\/grandsformats\/\" \/>\n<meta property=\"article:published_time\" content=\"2020-11-09T11:04:49+00:00\" \/>\n<meta property=\"article:modified_time\" content=\"2020-11-19T12:01:52+00:00\" \/>\n<meta property=\"og:image\" content=\"https:\/\/www.grandsformats.com\/wp-content\/uploads\/2020\/11\/visuel-nov-20-Surnatsite.jpg\" \/>\n\t<meta property=\"og:image:width\" content=\"1440\" \/>\n\t<meta property=\"og:image:height\" content=\"810\" \/>\n\t<meta property=\"og:image:type\" content=\"image\/jpeg\" \/>\n<meta name=\"author\" content=\"Grands Formats\" \/>\n<meta name=\"twitter:card\" content=\"summary_large_image\" \/>\n<meta name=\"twitter:creator\" content=\"@GrandsFormatsGF\" \/>\n<meta name=\"twitter:site\" content=\"@GrandsFormatsGF\" \/>\n<meta name=\"twitter:label1\" content=\"Written by\" \/>\n\t<meta name=\"twitter:data1\" content=\"Grands Formats\" \/>\n\t<meta name=\"twitter:label2\" content=\"Est. reading time\" \/>\n\t<meta name=\"twitter:data2\" content=\"1 minute\" \/>\n<script type=\"application\/ld+json\" class=\"yoast-schema-graph\">{\"@context\":\"https:\/\/schema.org\",\"@graph\":[{\"@type\":\"Article\",\"@id\":\"https:\/\/www.grandsformats.com\/2020\/11\/nouvel-album-pour-le-surnatural-orchestra\/#article\",\"isPartOf\":{\"@id\":\"https:\/\/www.grandsformats.com\/2020\/11\/nouvel-album-pour-le-surnatural-orchestra\/\"},\"author\":{\"name\":\"Grands Formats\",\"@id\":\"https:\/\/www.grandsformats.com\/#\/schema\/person\/6ecde7e38a2254b5bc9d620679208ee1\"},\"headline\":\"Nouvel album pour le Surnatural Orchestra\",\"datePublished\":\"2020-11-09T11:04:49+00:00\",\"dateModified\":\"2020-11-19T12:01:52+00:00\",\"mainEntityOfPage\":{\"@id\":\"https:\/\/www.grandsformats.com\/2020\/11\/nouvel-album-pour-le-surnatural-orchestra\/\"},\"wordCount\":233,\"commentCount\":0,\"publisher\":{\"@id\":\"https:\/\/www.grandsformats.com\/#organization\"},\"image\":{\"@id\":\"https:\/\/www.grandsformats.com\/2020\/11\/nouvel-album-pour-le-surnatural-orchestra\/#primaryimage\"},\"thumbnailUrl\":\"https:\/\/www.grandsformats.com\/wp-content\/uploads\/2020\/11\/visuel-nov-20-Surnatsite.jpg\",\"inLanguage\":\"en-US\",\"potentialAction\":[{\"@type\":\"CommentAction\",\"name\":\"Comment\",\"target\":[\"https:\/\/www.grandsformats.com\/2020\/11\/nouvel-album-pour-le-surnatural-orchestra\/#respond\"]}]},{\"@type\":\"WebPage\",\"@id\":\"https:\/\/www.grandsformats.com\/2020\/11\/nouvel-album-pour-le-surnatural-orchestra\/\",\"url\":\"https:\/\/www.grandsformats.com\/2020\/11\/nouvel-album-pour-le-surnatural-orchestra\/\",\"name\":\"Nouvel album pour le Surnatural Orchestra - Site officiel de la f\u00e9d\u00e9ration Grands Formats\",\"isPartOf\":{\"@id\":\"https:\/\/www.grandsformats.com\/#website\"},\"primaryImageOfPage\":{\"@id\":\"https:\/\/www.grandsformats.com\/2020\/11\/nouvel-album-pour-le-surnatural-orchestra\/#primaryimage\"},\"image\":{\"@id\":\"https:\/\/www.grandsformats.com\/2020\/11\/nouvel-album-pour-le-surnatural-orchestra\/#primaryimage\"},\"thumbnailUrl\":\"https:\/\/www.grandsformats.com\/wp-content\/uploads\/2020\/11\/visuel-nov-20-Surnatsite.jpg\",\"datePublished\":\"2020-11-09T11:04:49+00:00\",\"dateModified\":\"2020-11-19T12:01:52+00:00\",\"breadcrumb\":{\"@id\":\"https:\/\/www.grandsformats.com\/2020\/11\/nouvel-album-pour-le-surnatural-orchestra\/#breadcrumb\"},\"inLanguage\":\"en-US\",\"potentialAction\":[{\"@type\":\"ReadAction\",\"target\":[\"https:\/\/www.grandsformats.com\/2020\/11\/nouvel-album-pour-le-surnatural-orchestra\/\"]}]},{\"@type\":\"ImageObject\",\"inLanguage\":\"en-US\",\"@id\":\"https:\/\/www.grandsformats.com\/2020\/11\/nouvel-album-pour-le-surnatural-orchestra\/#primaryimage\",\"url\":\"https:\/\/www.grandsformats.com\/wp-content\/uploads\/2020\/11\/visuel-nov-20-Surnatsite.jpg\",\"contentUrl\":\"https:\/\/www.grandsformats.com\/wp-content\/uploads\/2020\/11\/visuel-nov-20-Surnatsite.jpg\",\"width\":1440,\"height\":810,\"caption\":\"Surnatural Orchestra album\"},{\"@type\":\"BreadcrumbList\",\"@id\":\"https:\/\/www.grandsformats.com\/2020\/11\/nouvel-album-pour-le-surnatural-orchestra\/#breadcrumb\",\"itemListElement\":[{\"@type\":\"ListItem\",\"position\":1,\"name\":\"Accueil\",\"item\":\"https:\/\/www.grandsformats.com\/en\/\"},{\"@type\":\"ListItem\",\"position\":2,\"name\":\"Nouvel album pour le Surnatural Orchestra\"}]},{\"@type\":\"WebSite\",\"@id\":\"https:\/\/www.grandsformats.com\/#website\",\"url\":\"https:\/\/www.grandsformats.com\/\",\"name\":\"Site officiel de la f\u00e9d\u00e9ration Grands Formats\",\"description\":\"F\u00e9d\u00e9ration d&#039;artistes pour la musique en grand !\",\"publisher\":{\"@id\":\"https:\/\/www.grandsformats.com\/#organization\"},\"potentialAction\":[{\"@type\":\"SearchAction\",\"target\":{\"@type\":\"EntryPoint\",\"urlTemplate\":\"https:\/\/www.grandsformats.com\/?s={search_term_string}\"},\"query-input\":{\"@type\":\"PropertyValueSpecification\",\"valueRequired\":true,\"valueName\":\"search_term_string\"}}],\"inLanguage\":\"en-US\"},{\"@type\":\"Organization\",\"@id\":\"https:\/\/www.grandsformats.com\/#organization\",\"name\":\"Grands Formats\",\"url\":\"https:\/\/www.grandsformats.com\/\",\"logo\":{\"@type\":\"ImageObject\",\"inLanguage\":\"en-US\",\"@id\":\"https:\/\/www.grandsformats.com\/#\/schema\/logo\/image\/\",\"url\":\"https:\/\/www.grandsformats.com\/wp-content\/uploads\/2020\/03\/logo-GF-200.png\",\"contentUrl\":\"https:\/\/www.grandsformats.com\/wp-content\/uploads\/2020\/03\/logo-GF-200.png\",\"width\":155,\"height\":200,\"caption\":\"Grands Formats\"},\"image\":{\"@id\":\"https:\/\/www.grandsformats.com\/#\/schema\/logo\/image\/\"},\"sameAs\":[\"https:\/\/www.facebook.com\/grandsformats\/\",\"https:\/\/x.com\/GrandsFormatsGF\",\"https:\/\/www.instagram.com\/grandsformats\/\",\"https:\/\/www.youtube.com\/channel\/UCJ7k9dbqc_DG-nxI3WMPvhw?view_as=subscriberhttps:\/\/www.youtube.com\/channel\/UCJ7k9dbqc_DG-nxI3WMPvhw?view_as=subscriber\"]},{\"@type\":\"Person\",\"@id\":\"https:\/\/www.grandsformats.com\/#\/schema\/person\/6ecde7e38a2254b5bc9d620679208ee1\",\"name\":\"Grands Formats\",\"image\":{\"@type\":\"ImageObject\",\"inLanguage\":\"en-US\",\"@id\":\"https:\/\/www.grandsformats.com\/#\/schema\/person\/image\/\",\"url\":\"https:\/\/secure.gravatar.com\/avatar\/5d06febf5ba4681bd17a251487132861b5339c2d72f789e59decf1c1b05d0078?s=96&d=mm&r=g\",\"contentUrl\":\"https:\/\/secure.gravatar.com\/avatar\/5d06febf5ba4681bd17a251487132861b5339c2d72f789e59decf1c1b05d0078?s=96&d=mm&r=g\",\"caption\":\"Grands Formats\"},\"url\":\"https:\/\/www.grandsformats.com\/en\/author\/margaux\/\"}]}<\/script>\n<!-- \/ Yoast SEO plugin. -->","yoast_head_json":{"title":"Nouvel album pour le Surnatural Orchestra - Site officiel de la f\u00e9d\u00e9ration Grands Formats","robots":{"index":"index","follow":"follow","max-snippet":"max-snippet:-1","max-image-preview":"max-image-preview:large","max-video-preview":"max-video-preview:-1"},"canonical":"https:\/\/www.grandsformats.com\/2020\/11\/nouvel-album-pour-le-surnatural-orchestra\/","og_locale":"en_US","og_type":"article","og_title":"Nouvel album pour le Surnatural Orchestra - Site officiel de la f\u00e9d\u00e9ration Grands Formats","og_description":"Malgr\u00e9 toutes les envies, les bonnes volont\u00e9s, les convictions, les \u00e9nergies, beaucoup de ce qui se mijote depuis des mois chez Surnatural Orchestra sera annul\u00e9 ou report\u00e9. Le Surnatural festival, qui devait se tenir \u00e0 AERI (Montreuil) du 25 au 29 novembre n&#8217;existera finalement pas\u2026 Report\u00e9e depuis le Printemps, la sortie du disque \u00ab Tall...Continue reading","og_url":"https:\/\/www.grandsformats.com\/2020\/11\/nouvel-album-pour-le-surnatural-orchestra\/","og_site_name":"Site officiel de la f\u00e9d\u00e9ration Grands Formats","article_publisher":"https:\/\/www.facebook.com\/grandsformats\/","article_published_time":"2020-11-09T11:04:49+00:00","article_modified_time":"2020-11-19T12:01:52+00:00","og_image":[{"width":1440,"height":810,"url":"https:\/\/www.grandsformats.com\/wp-content\/uploads\/2020\/11\/visuel-nov-20-Surnatsite.jpg","type":"image\/jpeg"}],"author":"Grands Formats","twitter_card":"summary_large_image","twitter_creator":"@GrandsFormatsGF","twitter_site":"@GrandsFormatsGF","twitter_misc":{"Written by":"Grands Formats","Est. reading time":"1 minute"},"schema":{"@context":"https:\/\/schema.org","@graph":[{"@type":"Article","@id":"https:\/\/www.grandsformats.com\/2020\/11\/nouvel-album-pour-le-surnatural-orchestra\/#article","isPartOf":{"@id":"https:\/\/www.grandsformats.com\/2020\/11\/nouvel-album-pour-le-surnatural-orchestra\/"},"author":{"name":"Grands Formats","@id":"https:\/\/www.grandsformats.com\/#\/schema\/person\/6ecde7e38a2254b5bc9d620679208ee1"},"headline":"Nouvel album pour le Surnatural Orchestra","datePublished":"2020-11-09T11:04:49+00:00","dateModified":"2020-11-19T12:01:52+00:00","mainEntityOfPage":{"@id":"https:\/\/www.grandsformats.com\/2020\/11\/nouvel-album-pour-le-surnatural-orchestra\/"},"wordCount":233,"commentCount":0,"publisher":{"@id":"https:\/\/www.grandsformats.com\/#organization"},"image":{"@id":"https:\/\/www.grandsformats.com\/2020\/11\/nouvel-album-pour-le-surnatural-orchestra\/#primaryimage"},"thumbnailUrl":"https:\/\/www.grandsformats.com\/wp-content\/uploads\/2020\/11\/visuel-nov-20-Surnatsite.jpg","inLanguage":"en-US","potentialAction":[{"@type":"CommentAction","name":"Comment","target":["https:\/\/www.grandsformats.com\/2020\/11\/nouvel-album-pour-le-surnatural-orchestra\/#respond"]}]},{"@type":"WebPage","@id":"https:\/\/www.grandsformats.com\/2020\/11\/nouvel-album-pour-le-surnatural-orchestra\/","url":"https:\/\/www.grandsformats.com\/2020\/11\/nouvel-album-pour-le-surnatural-orchestra\/","name":"Nouvel album pour le Surnatural Orchestra - Site officiel de la f\u00e9d\u00e9ration Grands Formats","isPartOf":{"@id":"https:\/\/www.grandsformats.com\/#website"},"primaryImageOfPage":{"@id":"https:\/\/www.grandsformats.com\/2020\/11\/nouvel-album-pour-le-surnatural-orchestra\/#primaryimage"},"image":{"@id":"https:\/\/www.grandsformats.com\/2020\/11\/nouvel-album-pour-le-surnatural-orchestra\/#primaryimage"},"thumbnailUrl":"https:\/\/www.grandsformats.com\/wp-content\/uploads\/2020\/11\/visuel-nov-20-Surnatsite.jpg","datePublished":"2020-11-09T11:04:49+00:00","dateModified":"2020-11-19T12:01:52+00:00","breadcrumb":{"@id":"https:\/\/www.grandsformats.com\/2020\/11\/nouvel-album-pour-le-surnatural-orchestra\/#breadcrumb"},"inLanguage":"en-US","potentialAction":[{"@type":"ReadAction","target":["https:\/\/www.grandsformats.com\/2020\/11\/nouvel-album-pour-le-surnatural-orchestra\/"]}]},{"@type":"ImageObject","inLanguage":"en-US","@id":"https:\/\/www.grandsformats.com\/2020\/11\/nouvel-album-pour-le-surnatural-orchestra\/#primaryimage","url":"https:\/\/www.grandsformats.com\/wp-content\/uploads\/2020\/11\/visuel-nov-20-Surnatsite.jpg","contentUrl":"https:\/\/www.grandsformats.com\/wp-content\/uploads\/2020\/11\/visuel-nov-20-Surnatsite.jpg","width":1440,"height":810,"caption":"Surnatural Orchestra album"},{"@type":"BreadcrumbList","@id":"https:\/\/www.grandsformats.com\/2020\/11\/nouvel-album-pour-le-surnatural-orchestra\/#breadcrumb","itemListElement":[{"@type":"ListItem","position":1,"name":"Accueil","item":"https:\/\/www.grandsformats.com\/en\/"},{"@type":"ListItem","position":2,"name":"Nouvel album pour le Surnatural Orchestra"}]},{"@type":"WebSite","@id":"https:\/\/www.grandsformats.com\/#website","url":"https:\/\/www.grandsformats.com\/","name":"Site officiel de la f\u00e9d\u00e9ration Grands Formats","description":"F\u00e9d\u00e9ration d&#039;artistes pour la musique en grand !","publisher":{"@id":"https:\/\/www.grandsformats.com\/#organization"},"potentialAction":[{"@type":"SearchAction","target":{"@type":"EntryPoint","urlTemplate":"https:\/\/www.grandsformats.com\/?s={search_term_string}"},"query-input":{"@type":"PropertyValueSpecification","valueRequired":true,"valueName":"search_term_string"}}],"inLanguage":"en-US"},{"@type":"Organization","@id":"https:\/\/www.grandsformats.com\/#organization","name":"Grands Formats","url":"https:\/\/www.grandsformats.com\/","logo":{"@type":"ImageObject","inLanguage":"en-US","@id":"https:\/\/www.grandsformats.com\/#\/schema\/logo\/image\/","url":"https:\/\/www.grandsformats.com\/wp-content\/uploads\/2020\/03\/logo-GF-200.png","contentUrl":"https:\/\/www.grandsformats.com\/wp-content\/uploads\/2020\/03\/logo-GF-200.png","width":155,"height":200,"caption":"Grands Formats"},"image":{"@id":"https:\/\/www.grandsformats.com\/#\/schema\/logo\/image\/"},"sameAs":["https:\/\/www.facebook.com\/grandsformats\/","https:\/\/x.com\/GrandsFormatsGF","https:\/\/www.instagram.com\/grandsformats\/","https:\/\/www.youtube.com\/channel\/UCJ7k9dbqc_DG-nxI3WMPvhw?view_as=subscriberhttps:\/\/www.youtube.com\/channel\/UCJ7k9dbqc_DG-nxI3WMPvhw?view_as=subscriber"]},{"@type":"Person","@id":"https:\/\/www.grandsformats.com\/#\/schema\/person\/6ecde7e38a2254b5bc9d620679208ee1","name":"Grands Formats","image":{"@type":"ImageObject","inLanguage":"en-US","@id":"https:\/\/www.grandsformats.com\/#\/schema\/person\/image\/","url":"https:\/\/secure.gravatar.com\/avatar\/5d06febf5ba4681bd17a251487132861b5339c2d72f789e59decf1c1b05d0078?s=96&d=mm&r=g","contentUrl":"https:\/\/secure.gravatar.com\/avatar\/5d06febf5ba4681bd17a251487132861b5339c2d72f789e59decf1c1b05d0078?s=96&d=mm&r=g","caption":"Grands Formats"},"url":"https:\/\/www.grandsformats.com\/en\/author\/margaux\/"}]}},"_links":{"self":[{"href":"https:\/\/www.grandsformats.com\/en\/wp-json\/wp\/v2\/posts\/14325","targetHints":{"allow":["GET"]}}],"collection":[{"href":"https:\/\/www.grandsformats.com\/en\/wp-json\/wp\/v2\/posts"}],"about":[{"href":"https:\/\/www.grandsformats.com\/en\/wp-json\/wp\/v2\/types\/post"}],"author":[{"embeddable":true,"href":"https:\/\/www.grandsformats.com\/en\/wp-json\/wp\/v2\/users\/2"}],"replies":[{"embeddable":true,"href":"https:\/\/www.grandsformats.com\/en\/wp-json\/wp\/v2\/comments?post=14325"}],"version-history":[{"count":0,"href":"https:\/\/www.grandsformats.com\/en\/wp-json\/wp\/v2\/posts\/14325\/revisions"}],"wp:featuredmedia":[{"embeddable":true,"href":"https:\/\/www.grandsformats.com\/en\/wp-json\/wp\/v2\/media\/14326"}],"wp:attachment":[{"href":"https:\/\/www.grandsformats.com\/en\/wp-json\/wp\/v2\/media?parent=14325"}],"wp:term":[{"taxonomy":"category","embeddable":true,"href":"https:\/\/www.grandsformats.com\/en\/wp-json\/wp\/v2\/categories?post=14325"},{"taxonomy":"post_tag","embeddable":true,"href":"https:\/\/www.grandsformats.com\/en\/wp-json\/wp\/v2\/tags?post=14325"}],"curies":[{"name":"wp","href":"https:\/\/api.w.org\/{rel}","templated":true}]}}