{"id":14316,"date":"2020-11-09T12:07:47","date_gmt":"2020-11-09T11:07:47","guid":{"rendered":"https:\/\/www.grandsformats.com\/?p=14316"},"modified":"2020-11-09T17:03:52","modified_gmt":"2020-11-09T16:03:52","slug":"hommage-au-luthier-patrick-charton","status":"publish","type":"post","link":"https:\/\/www.grandsformats.com\/en\/2020\/11\/hommage-au-luthier-patrick-charton\/","title":{"rendered":"Hommage au luthier Patrick Charton"},"content":{"rendered":"<p>Dans ce monde chaotique et instable dans lequel nous vivons depuis mars 2020, on ne compte plus le nombre de personnalit\u00e9s fortes du jazz qui ont disparu : McCoy Tyner, Lee Konitz, Steve Grossman, Gary Peacock, Henry Grimes, Jimmy Cobb\u2026 et du c\u00f4t\u00e9 europ\u00e9en Jon Christenson, Marc Fosset et Peter King. La liste est longue. Les noms sont connus mais quand on s\u2019int\u00e9resse aux vies de ces artistes en d\u00e9tail on d\u00e9couvre des parcours parfois difficiles et douloureux. C\u2019\u00e9tait des artistes engag\u00e9s, d\u00e9di\u00e9s \u00e0 leur art \u00ab through thick and thin \u00bb. Le monde du jazz est profond\u00e9ment \u00e9mu par ces disparitions ; elles nous rappellent les concerts magnifiques v\u00e9cus ensemble et les heures pass\u00e9es \u00e0 \u00e9couter et \u00e0 relever nos ma\u00eetres.<\/p>\n<p>En tant que musicien\u00b7ne et artiste, on se demande bien ce que doit \u00eatre notre r\u00f4le face \u00e0 cette crise sanitaire mondiale o\u00f9 des millions d\u2019\u00eatres humains se trouvent d\u2019un jour \u00e0 l\u2019autre, dans la pr\u00e9carit\u00e9, sans ressource ?<\/p>\n<p>Je ne trouve pas d\u2019autre r\u00e9ponse que travailler toujours plus pour pouvoir proposer des nouveaut\u00e9s musicales, dans l\u2019espoir de trouver des auditeur\u00b7rice\u00b7s post covid.<\/p>\n<p>Si on suivait les conseils de Rishi Sunak, le Chancelier de l\u2019Echiquier britannique, nous ferions mieux de nous recycler et trouver un autre m\u00e9tier (<a href=\"https:\/\/www.itv.com\/news\/2020-10-06\/rishi-sunak-suggests-musicians-and-others-in-arts-should-retrain-and-find-other-jobs\">interview du 6 octobre 2020<\/a>). Ce qu\u2019il ne sait pas, c\u2019est que certains d\u2019entre nous exer\u00e7ons d\u00e9j\u00e0 plusieurs m\u00e9tiers pour vivre de notre passion : chef\u00b7fe d\u2019entreprise, charg\u00e9\u00b7e de communication, comptable, charg\u00e9\u00b7e de diffusion, ing\u00e9nieur\u00b7e du son, professeur\u00b7e de musique\u2026 Mais ce que nous faisons le mieux c\u2019est d\u2019\u00e9crire la musique, seul\u00b7e\u00b7s ou avec nos musicien\u00b7ne\u00b7s, pratiquer quotidiennement nos instruments pour pouvoir inventer encore, \u00eatre \u00e0 l\u2019\u00e9coute et interagir avec des musicien\u00b7ne\u00b7s sur sc\u00e8ne, aller plus loin dans l\u2019improvisation et la composition.<\/p>\n<p>Pour pouvoir nous concentrer sur l\u2019essentiel, nous nous entourons d\u00e8s que nous en avons les moyens de sp\u00e9cialistes : administrateur\u00b7rice\u00b7s, charg\u00e9\u00b7e\u00b7s de production, web masters, photographes, b\u00e9n\u00e9voles associatifs, technicien\u00b7ne\u00b7s son et lumi\u00e8res, luthier\u00b7e\u00b7s\u2026 Ils ne re\u00e7oivent pas de bouquet de fleurs sur sc\u00e8ne au rappel, ils travaillent dans l\u2019ombre. Sans leur expertise et leur investissement il n\u2019y aurait pas de production ni de spectacle. Cette crise et cet arr\u00eat abrupt du travail touchent gravement les musicien\u00b7ne\u00b7s et tous les m\u00e9tiers connect\u00e9s.<\/p>\n<p>Patrick Charton, un des plus grands luthiers de cordes fran\u00e7ais vient de nous quitter soudainement \u00e0 l\u2019\u00e2ge de 66 ans, suite \u00e0 un arr\u00eat cardiaque.<\/p>\n<p>Il \u00e9tait un \u00eatre humain extraordinaire, un homme g\u00e9n\u00e9reux et passionn\u00e9, un g\u00e9nie de la lutherie moderne. Il a invent\u00e9 plusieurs contrebasses d\u00e9montables de tr\u00e8s grande qualit\u00e9 : la famille B21, La Suit bass, parfaite pour le\u00b7a musicien\u00b7ne du 21e si\u00e8cle qui voyage souvent en train ou en avion. Dans ses ateliers \u00e0 Saint-Etienne et \u00e0 Paris, Patrick travaillait sans cesse et apportait joie et satisfaction \u00e0 toute la famille des cordes. Pour beaucoup d\u2019entre nous, ses r\u00e9glages au millim\u00e8tre pr\u00e8s jouaient un r\u00f4le essentiel dans notre son personnel. Il nous pr\u00e9parait le terrain pour cr\u00e9er, improviser, se sentir uni avec son instrument et par cons\u00e9quent motiv\u00e9 et heureux pour travailler la musique pendant des heures. La lutherie est en deuil aujourd\u2019hui et perd l\u2019un de ses plus grands ambassadeurs.<\/p>\n<p>Gary Brunton, co-directeur artistique du <a href=\"https:\/\/www.grandsformats.com\/artist\/pee-bee\/\">Pee Bee<\/a> et membre du Conseil d\u2019Administration de <a href=\"https:\/\/www.grandsformats.com\/\">Grands Formats<\/a><\/p>\n<p><span class=\"caption\">\u00a9 Nathalie Courau-Roudier<\/span><\/p>\n","protected":false},"excerpt":{"rendered":"<p>Dans ce monde chaotique et instable dans lequel nous vivons depuis mars 2020, on ne compte plus le nombre de personnalit\u00e9s fortes du jazz qui ont disparu : McCoy Tyner, Lee Konitz, Steve Grossman, Gary Peacock, Henry Grimes, Jimmy Cobb\u2026 et du c\u00f4t\u00e9 europ\u00e9en Jon Christenson, Marc Fosset et Peter King. La liste est longue&#8230;.<\/p>\n<p><a rel=\"bookmark\" class=\"theme-button-text wvc-button wvc-button-size-xs\" href=\"https:\/\/www.grandsformats.com\/en\/2020\/11\/hommage-au-luthier-patrick-charton\/\"><small class=\"wvc-button-background-fill\"><\/small><span>Continue reading<\/span><\/a><\/p>\n","protected":false},"author":2,"featured_media":12901,"comment_status":"open","ping_status":"open","sticky":false,"template":"","format":"standard","meta":{"_acf_changed":false,"footnotes":""},"categories":[658,224],"tags":[],"class_list":["post-14316","post","type-post","status-publish","format-standard","has-post-thumbnail","hentry","category-pee-bee","category-tribunes","entry-post-skin-light","entry","clearfix","entry-grid","entry-columns-default","entry-post-module-layout-sidebar-right","thumbnail-color-tone-dark","metro-landscape","entry-post","entry-masonry","entry-post-masonry"],"acf":[],"yoast_head":"<!-- This site is optimized with the Yoast SEO plugin v25.8 - https:\/\/yoast.com\/wordpress\/plugins\/seo\/ -->\n<title>Hommage au luthier Patrick Charton - Site officiel de la f\u00e9d\u00e9ration Grands Formats<\/title>\n<meta name=\"robots\" content=\"index, follow, max-snippet:-1, max-image-preview:large, max-video-preview:-1\" \/>\n<link rel=\"canonical\" href=\"https:\/\/www.grandsformats.com\/2020\/11\/hommage-au-luthier-patrick-charton\/\" \/>\n<meta property=\"og:locale\" content=\"en_US\" \/>\n<meta property=\"og:type\" content=\"article\" \/>\n<meta property=\"og:title\" content=\"Hommage au luthier Patrick Charton - Site officiel de la f\u00e9d\u00e9ration Grands Formats\" \/>\n<meta property=\"og:description\" content=\"Dans ce monde chaotique et instable dans lequel nous vivons depuis mars 2020, on ne compte plus le nombre de personnalit\u00e9s fortes du jazz qui ont disparu : McCoy Tyner, Lee Konitz, Steve Grossman, Gary Peacock, Henry Grimes, Jimmy Cobb\u2026 et du c\u00f4t\u00e9 europ\u00e9en Jon Christenson, Marc Fosset et Peter King. La liste est longue....Continue reading\" \/>\n<meta property=\"og:url\" content=\"https:\/\/www.grandsformats.com\/2020\/11\/hommage-au-luthier-patrick-charton\/\" \/>\n<meta property=\"og:site_name\" content=\"Site officiel de la f\u00e9d\u00e9ration Grands Formats\" \/>\n<meta property=\"article:publisher\" content=\"https:\/\/www.facebook.com\/grandsformats\/\" \/>\n<meta property=\"article:published_time\" content=\"2020-11-09T11:07:47+00:00\" \/>\n<meta property=\"article:modified_time\" content=\"2020-11-09T16:03:52+00:00\" \/>\n<meta property=\"og:image\" content=\"https:\/\/www.grandsformats.com\/wp-content\/uploads\/2019\/12\/Portrait-Gary-Brunton-\u00a9-Nathalie-Courau-Roudier-1920x1080-1.jpg\" \/>\n\t<meta property=\"og:image:width\" content=\"1920\" \/>\n\t<meta property=\"og:image:height\" content=\"1080\" \/>\n\t<meta property=\"og:image:type\" content=\"image\/jpeg\" \/>\n<meta name=\"author\" content=\"Grands Formats\" \/>\n<meta name=\"twitter:card\" content=\"summary_large_image\" \/>\n<meta name=\"twitter:creator\" content=\"@GrandsFormatsGF\" \/>\n<meta name=\"twitter:site\" content=\"@GrandsFormatsGF\" \/>\n<meta name=\"twitter:label1\" content=\"Written by\" \/>\n\t<meta name=\"twitter:data1\" content=\"Grands Formats\" \/>\n\t<meta name=\"twitter:label2\" content=\"Est. reading time\" \/>\n\t<meta name=\"twitter:data2\" content=\"3 minutes\" \/>\n<script type=\"application\/ld+json\" class=\"yoast-schema-graph\">{\"@context\":\"https:\/\/schema.org\",\"@graph\":[{\"@type\":\"Article\",\"@id\":\"https:\/\/www.grandsformats.com\/2020\/11\/hommage-au-luthier-patrick-charton\/#article\",\"isPartOf\":{\"@id\":\"https:\/\/www.grandsformats.com\/2020\/11\/hommage-au-luthier-patrick-charton\/\"},\"author\":{\"name\":\"Grands Formats\",\"@id\":\"https:\/\/www.grandsformats.com\/#\/schema\/person\/6ecde7e38a2254b5bc9d620679208ee1\"},\"headline\":\"Hommage au luthier Patrick Charton\",\"datePublished\":\"2020-11-09T11:07:47+00:00\",\"dateModified\":\"2020-11-09T16:03:52+00:00\",\"mainEntityOfPage\":{\"@id\":\"https:\/\/www.grandsformats.com\/2020\/11\/hommage-au-luthier-patrick-charton\/\"},\"wordCount\":624,\"commentCount\":0,\"publisher\":{\"@id\":\"https:\/\/www.grandsformats.com\/#organization\"},\"image\":{\"@id\":\"https:\/\/www.grandsformats.com\/2020\/11\/hommage-au-luthier-patrick-charton\/#primaryimage\"},\"thumbnailUrl\":\"https:\/\/www.grandsformats.com\/wp-content\/uploads\/2019\/12\/Portrait-Gary-Brunton-\u00a9-Nathalie-Courau-Roudier-1920x1080-1.jpg\",\"articleSection\":[\"Pee Bee\",\"Tribunes\"],\"inLanguage\":\"en-US\",\"potentialAction\":[{\"@type\":\"CommentAction\",\"name\":\"Comment\",\"target\":[\"https:\/\/www.grandsformats.com\/2020\/11\/hommage-au-luthier-patrick-charton\/#respond\"]}]},{\"@type\":\"WebPage\",\"@id\":\"https:\/\/www.grandsformats.com\/2020\/11\/hommage-au-luthier-patrick-charton\/\",\"url\":\"https:\/\/www.grandsformats.com\/2020\/11\/hommage-au-luthier-patrick-charton\/\",\"name\":\"Hommage au luthier Patrick Charton - Site officiel de la f\u00e9d\u00e9ration Grands Formats\",\"isPartOf\":{\"@id\":\"https:\/\/www.grandsformats.com\/#website\"},\"primaryImageOfPage\":{\"@id\":\"https:\/\/www.grandsformats.com\/2020\/11\/hommage-au-luthier-patrick-charton\/#primaryimage\"},\"image\":{\"@id\":\"https:\/\/www.grandsformats.com\/2020\/11\/hommage-au-luthier-patrick-charton\/#primaryimage\"},\"thumbnailUrl\":\"https:\/\/www.grandsformats.com\/wp-content\/uploads\/2019\/12\/Portrait-Gary-Brunton-\u00a9-Nathalie-Courau-Roudier-1920x1080-1.jpg\",\"datePublished\":\"2020-11-09T11:07:47+00:00\",\"dateModified\":\"2020-11-09T16:03:52+00:00\",\"breadcrumb\":{\"@id\":\"https:\/\/www.grandsformats.com\/2020\/11\/hommage-au-luthier-patrick-charton\/#breadcrumb\"},\"inLanguage\":\"en-US\",\"potentialAction\":[{\"@type\":\"ReadAction\",\"target\":[\"https:\/\/www.grandsformats.com\/2020\/11\/hommage-au-luthier-patrick-charton\/\"]}]},{\"@type\":\"ImageObject\",\"inLanguage\":\"en-US\",\"@id\":\"https:\/\/www.grandsformats.com\/2020\/11\/hommage-au-luthier-patrick-charton\/#primaryimage\",\"url\":\"https:\/\/www.grandsformats.com\/wp-content\/uploads\/2019\/12\/Portrait-Gary-Brunton-\u00a9-Nathalie-Courau-Roudier-1920x1080-1.jpg\",\"contentUrl\":\"https:\/\/www.grandsformats.com\/wp-content\/uploads\/2019\/12\/Portrait-Gary-Brunton-\u00a9-Nathalie-Courau-Roudier-1920x1080-1.jpg\",\"width\":1920,\"height\":1080,\"caption\":\"Gary Brunton \u00a9 Nathalie Courau-Roudier\"},{\"@type\":\"BreadcrumbList\",\"@id\":\"https:\/\/www.grandsformats.com\/2020\/11\/hommage-au-luthier-patrick-charton\/#breadcrumb\",\"itemListElement\":[{\"@type\":\"ListItem\",\"position\":1,\"name\":\"Accueil\",\"item\":\"https:\/\/www.grandsformats.com\/en\/\"},{\"@type\":\"ListItem\",\"position\":2,\"name\":\"Hommage au luthier Patrick Charton\"}]},{\"@type\":\"WebSite\",\"@id\":\"https:\/\/www.grandsformats.com\/#website\",\"url\":\"https:\/\/www.grandsformats.com\/\",\"name\":\"Site officiel de la f\u00e9d\u00e9ration Grands Formats\",\"description\":\"F\u00e9d\u00e9ration d&#039;artistes pour la musique en grand !\",\"publisher\":{\"@id\":\"https:\/\/www.grandsformats.com\/#organization\"},\"potentialAction\":[{\"@type\":\"SearchAction\",\"target\":{\"@type\":\"EntryPoint\",\"urlTemplate\":\"https:\/\/www.grandsformats.com\/?s={search_term_string}\"},\"query-input\":{\"@type\":\"PropertyValueSpecification\",\"valueRequired\":true,\"valueName\":\"search_term_string\"}}],\"inLanguage\":\"en-US\"},{\"@type\":\"Organization\",\"@id\":\"https:\/\/www.grandsformats.com\/#organization\",\"name\":\"Grands Formats\",\"url\":\"https:\/\/www.grandsformats.com\/\",\"logo\":{\"@type\":\"ImageObject\",\"inLanguage\":\"en-US\",\"@id\":\"https:\/\/www.grandsformats.com\/#\/schema\/logo\/image\/\",\"url\":\"https:\/\/www.grandsformats.com\/wp-content\/uploads\/2020\/03\/logo-GF-200.png\",\"contentUrl\":\"https:\/\/www.grandsformats.com\/wp-content\/uploads\/2020\/03\/logo-GF-200.png\",\"width\":155,\"height\":200,\"caption\":\"Grands Formats\"},\"image\":{\"@id\":\"https:\/\/www.grandsformats.com\/#\/schema\/logo\/image\/\"},\"sameAs\":[\"https:\/\/www.facebook.com\/grandsformats\/\",\"https:\/\/x.com\/GrandsFormatsGF\",\"https:\/\/www.instagram.com\/grandsformats\/\",\"https:\/\/www.youtube.com\/channel\/UCJ7k9dbqc_DG-nxI3WMPvhw?view_as=subscriberhttps:\/\/www.youtube.com\/channel\/UCJ7k9dbqc_DG-nxI3WMPvhw?view_as=subscriber\"]},{\"@type\":\"Person\",\"@id\":\"https:\/\/www.grandsformats.com\/#\/schema\/person\/6ecde7e38a2254b5bc9d620679208ee1\",\"name\":\"Grands Formats\",\"image\":{\"@type\":\"ImageObject\",\"inLanguage\":\"en-US\",\"@id\":\"https:\/\/www.grandsformats.com\/#\/schema\/person\/image\/\",\"url\":\"https:\/\/secure.gravatar.com\/avatar\/5d06febf5ba4681bd17a251487132861b5339c2d72f789e59decf1c1b05d0078?s=96&d=mm&r=g\",\"contentUrl\":\"https:\/\/secure.gravatar.com\/avatar\/5d06febf5ba4681bd17a251487132861b5339c2d72f789e59decf1c1b05d0078?s=96&d=mm&r=g\",\"caption\":\"Grands Formats\"},\"url\":\"https:\/\/www.grandsformats.com\/en\/author\/margaux\/\"}]}<\/script>\n<!-- \/ Yoast SEO plugin. -->","yoast_head_json":{"title":"Hommage au luthier Patrick Charton - Site officiel de la f\u00e9d\u00e9ration Grands Formats","robots":{"index":"index","follow":"follow","max-snippet":"max-snippet:-1","max-image-preview":"max-image-preview:large","max-video-preview":"max-video-preview:-1"},"canonical":"https:\/\/www.grandsformats.com\/2020\/11\/hommage-au-luthier-patrick-charton\/","og_locale":"en_US","og_type":"article","og_title":"Hommage au luthier Patrick Charton - Site officiel de la f\u00e9d\u00e9ration Grands Formats","og_description":"Dans ce monde chaotique et instable dans lequel nous vivons depuis mars 2020, on ne compte plus le nombre de personnalit\u00e9s fortes du jazz qui ont disparu : McCoy Tyner, Lee Konitz, Steve Grossman, Gary Peacock, Henry Grimes, Jimmy Cobb\u2026 et du c\u00f4t\u00e9 europ\u00e9en Jon Christenson, Marc Fosset et Peter King. La liste est longue....Continue reading","og_url":"https:\/\/www.grandsformats.com\/2020\/11\/hommage-au-luthier-patrick-charton\/","og_site_name":"Site officiel de la f\u00e9d\u00e9ration Grands Formats","article_publisher":"https:\/\/www.facebook.com\/grandsformats\/","article_published_time":"2020-11-09T11:07:47+00:00","article_modified_time":"2020-11-09T16:03:52+00:00","og_image":[{"width":1920,"height":1080,"url":"https:\/\/www.grandsformats.com\/wp-content\/uploads\/2019\/12\/Portrait-Gary-Brunton-\u00a9-Nathalie-Courau-Roudier-1920x1080-1.jpg","type":"image\/jpeg"}],"author":"Grands Formats","twitter_card":"summary_large_image","twitter_creator":"@GrandsFormatsGF","twitter_site":"@GrandsFormatsGF","twitter_misc":{"Written by":"Grands Formats","Est. reading time":"3 minutes"},"schema":{"@context":"https:\/\/schema.org","@graph":[{"@type":"Article","@id":"https:\/\/www.grandsformats.com\/2020\/11\/hommage-au-luthier-patrick-charton\/#article","isPartOf":{"@id":"https:\/\/www.grandsformats.com\/2020\/11\/hommage-au-luthier-patrick-charton\/"},"author":{"name":"Grands Formats","@id":"https:\/\/www.grandsformats.com\/#\/schema\/person\/6ecde7e38a2254b5bc9d620679208ee1"},"headline":"Hommage au luthier Patrick Charton","datePublished":"2020-11-09T11:07:47+00:00","dateModified":"2020-11-09T16:03:52+00:00","mainEntityOfPage":{"@id":"https:\/\/www.grandsformats.com\/2020\/11\/hommage-au-luthier-patrick-charton\/"},"wordCount":624,"commentCount":0,"publisher":{"@id":"https:\/\/www.grandsformats.com\/#organization"},"image":{"@id":"https:\/\/www.grandsformats.com\/2020\/11\/hommage-au-luthier-patrick-charton\/#primaryimage"},"thumbnailUrl":"https:\/\/www.grandsformats.com\/wp-content\/uploads\/2019\/12\/Portrait-Gary-Brunton-\u00a9-Nathalie-Courau-Roudier-1920x1080-1.jpg","articleSection":["Pee Bee","Tribunes"],"inLanguage":"en-US","potentialAction":[{"@type":"CommentAction","name":"Comment","target":["https:\/\/www.grandsformats.com\/2020\/11\/hommage-au-luthier-patrick-charton\/#respond"]}]},{"@type":"WebPage","@id":"https:\/\/www.grandsformats.com\/2020\/11\/hommage-au-luthier-patrick-charton\/","url":"https:\/\/www.grandsformats.com\/2020\/11\/hommage-au-luthier-patrick-charton\/","name":"Hommage au luthier Patrick Charton - Site officiel de la f\u00e9d\u00e9ration Grands Formats","isPartOf":{"@id":"https:\/\/www.grandsformats.com\/#website"},"primaryImageOfPage":{"@id":"https:\/\/www.grandsformats.com\/2020\/11\/hommage-au-luthier-patrick-charton\/#primaryimage"},"image":{"@id":"https:\/\/www.grandsformats.com\/2020\/11\/hommage-au-luthier-patrick-charton\/#primaryimage"},"thumbnailUrl":"https:\/\/www.grandsformats.com\/wp-content\/uploads\/2019\/12\/Portrait-Gary-Brunton-\u00a9-Nathalie-Courau-Roudier-1920x1080-1.jpg","datePublished":"2020-11-09T11:07:47+00:00","dateModified":"2020-11-09T16:03:52+00:00","breadcrumb":{"@id":"https:\/\/www.grandsformats.com\/2020\/11\/hommage-au-luthier-patrick-charton\/#breadcrumb"},"inLanguage":"en-US","potentialAction":[{"@type":"ReadAction","target":["https:\/\/www.grandsformats.com\/2020\/11\/hommage-au-luthier-patrick-charton\/"]}]},{"@type":"ImageObject","inLanguage":"en-US","@id":"https:\/\/www.grandsformats.com\/2020\/11\/hommage-au-luthier-patrick-charton\/#primaryimage","url":"https:\/\/www.grandsformats.com\/wp-content\/uploads\/2019\/12\/Portrait-Gary-Brunton-\u00a9-Nathalie-Courau-Roudier-1920x1080-1.jpg","contentUrl":"https:\/\/www.grandsformats.com\/wp-content\/uploads\/2019\/12\/Portrait-Gary-Brunton-\u00a9-Nathalie-Courau-Roudier-1920x1080-1.jpg","width":1920,"height":1080,"caption":"Gary Brunton \u00a9 Nathalie Courau-Roudier"},{"@type":"BreadcrumbList","@id":"https:\/\/www.grandsformats.com\/2020\/11\/hommage-au-luthier-patrick-charton\/#breadcrumb","itemListElement":[{"@type":"ListItem","position":1,"name":"Accueil","item":"https:\/\/www.grandsformats.com\/en\/"},{"@type":"ListItem","position":2,"name":"Hommage au luthier Patrick Charton"}]},{"@type":"WebSite","@id":"https:\/\/www.grandsformats.com\/#website","url":"https:\/\/www.grandsformats.com\/","name":"Site officiel de la f\u00e9d\u00e9ration Grands Formats","description":"F\u00e9d\u00e9ration d&#039;artistes pour la musique en grand !","publisher":{"@id":"https:\/\/www.grandsformats.com\/#organization"},"potentialAction":[{"@type":"SearchAction","target":{"@type":"EntryPoint","urlTemplate":"https:\/\/www.grandsformats.com\/?s={search_term_string}"},"query-input":{"@type":"PropertyValueSpecification","valueRequired":true,"valueName":"search_term_string"}}],"inLanguage":"en-US"},{"@type":"Organization","@id":"https:\/\/www.grandsformats.com\/#organization","name":"Grands Formats","url":"https:\/\/www.grandsformats.com\/","logo":{"@type":"ImageObject","inLanguage":"en-US","@id":"https:\/\/www.grandsformats.com\/#\/schema\/logo\/image\/","url":"https:\/\/www.grandsformats.com\/wp-content\/uploads\/2020\/03\/logo-GF-200.png","contentUrl":"https:\/\/www.grandsformats.com\/wp-content\/uploads\/2020\/03\/logo-GF-200.png","width":155,"height":200,"caption":"Grands Formats"},"image":{"@id":"https:\/\/www.grandsformats.com\/#\/schema\/logo\/image\/"},"sameAs":["https:\/\/www.facebook.com\/grandsformats\/","https:\/\/x.com\/GrandsFormatsGF","https:\/\/www.instagram.com\/grandsformats\/","https:\/\/www.youtube.com\/channel\/UCJ7k9dbqc_DG-nxI3WMPvhw?view_as=subscriberhttps:\/\/www.youtube.com\/channel\/UCJ7k9dbqc_DG-nxI3WMPvhw?view_as=subscriber"]},{"@type":"Person","@id":"https:\/\/www.grandsformats.com\/#\/schema\/person\/6ecde7e38a2254b5bc9d620679208ee1","name":"Grands Formats","image":{"@type":"ImageObject","inLanguage":"en-US","@id":"https:\/\/www.grandsformats.com\/#\/schema\/person\/image\/","url":"https:\/\/secure.gravatar.com\/avatar\/5d06febf5ba4681bd17a251487132861b5339c2d72f789e59decf1c1b05d0078?s=96&d=mm&r=g","contentUrl":"https:\/\/secure.gravatar.com\/avatar\/5d06febf5ba4681bd17a251487132861b5339c2d72f789e59decf1c1b05d0078?s=96&d=mm&r=g","caption":"Grands Formats"},"url":"https:\/\/www.grandsformats.com\/en\/author\/margaux\/"}]}},"_links":{"self":[{"href":"https:\/\/www.grandsformats.com\/en\/wp-json\/wp\/v2\/posts\/14316","targetHints":{"allow":["GET"]}}],"collection":[{"href":"https:\/\/www.grandsformats.com\/en\/wp-json\/wp\/v2\/posts"}],"about":[{"href":"https:\/\/www.grandsformats.com\/en\/wp-json\/wp\/v2\/types\/post"}],"author":[{"embeddable":true,"href":"https:\/\/www.grandsformats.com\/en\/wp-json\/wp\/v2\/users\/2"}],"replies":[{"embeddable":true,"href":"https:\/\/www.grandsformats.com\/en\/wp-json\/wp\/v2\/comments?post=14316"}],"version-history":[{"count":0,"href":"https:\/\/www.grandsformats.com\/en\/wp-json\/wp\/v2\/posts\/14316\/revisions"}],"wp:featuredmedia":[{"embeddable":true,"href":"https:\/\/www.grandsformats.com\/en\/wp-json\/wp\/v2\/media\/12901"}],"wp:attachment":[{"href":"https:\/\/www.grandsformats.com\/en\/wp-json\/wp\/v2\/media?parent=14316"}],"wp:term":[{"taxonomy":"category","embeddable":true,"href":"https:\/\/www.grandsformats.com\/en\/wp-json\/wp\/v2\/categories?post=14316"},{"taxonomy":"post_tag","embeddable":true,"href":"https:\/\/www.grandsformats.com\/en\/wp-json\/wp\/v2\/tags?post=14316"}],"curies":[{"name":"wp","href":"https:\/\/api.w.org\/{rel}","templated":true}]}}