{"id":14233,"date":"2020-10-08T17:05:44","date_gmt":"2020-10-08T15:05:44","guid":{"rendered":"https:\/\/www.grandsformats.com\/?p=14233"},"modified":"2020-10-08T17:05:44","modified_gmt":"2020-10-08T15:05:44","slug":"le-umlaut-big-band-devoile-deux-nouveaux-programmes","status":"publish","type":"post","link":"https:\/\/www.grandsformats.com\/en\/2020\/10\/le-umlaut-big-band-devoile-deux-nouveaux-programmes\/","title":{"rendered":"Le Umlaut Big Band d\u00e9voile deux nouveaux programmes"},"content":{"rendered":"<p>Si le <a href=\"https:\/\/www.grandsformats.com\/artist\/umlaut-big-band\/\">Umlaut Big Band<\/a> de Pierre-Antoine Badaroux s&#8217;est surtout int\u00e9ress\u00e9 au jazz des ann\u00e9es 20-40, il a toujours eu un plus large spectre de l&#8217;utilisation de son grand format et de l&#8217;approche de l&#8217;histoire du jazz. Ainsi le 13 octobre 2020 au Th\u00e9\u00e2tre de la Renaissance (Oullins &#8211; 69) dans le cadre du festival Rhino Jazz(s), il pr\u00e9sentera un r\u00e9pertoire in\u00e9dit &#8220;Fourbi&#8221; qui se situe au d\u00e9l\u00e0 des cat\u00e9gories jazz de r\u00e9pertoire\/jazz de cr\u00e9ation et o\u00f9 Don Redman rencontre Alexander Von Schlippenbach, Duke Ellington se frotte \u00e0 Muhal Richard Abrams, et Mary Lou Williams revisite le blues.<\/p>\n<p>Le 17 octobre 2020 \u00e0 la Marbrerie, c&#8217;est sur un r\u00e9pertoire &#8220;swing&#8221; que le groupe revient dans un cadre chaleureux de la salle montreuilloise (93). Et le 28 octobre 2020 au Th\u00e9\u00e2tre de l&#8217;Aquarium (Paris 75), o\u00f9 ils sont en r\u00e9sidence, les 14 musiciens pr\u00e9senteront une premi\u00e8re version de travail du nouveau r\u00e9pertoire consacr\u00e9 \u00e0 l&#8217;oeuvre de l&#8217;arrangeuse Mary Lou Williams, la red\u00e9couverte d&#8217;une carri\u00e8re qui traverse 50 ans d&#8217;histoire, des ann\u00e9es 20 aux ann\u00e9es 70.<\/p>\n<p><span class=\"caption\">\u00a9 Nawel Benziane<\/span><\/p>\n<p>&nbsp;<\/p>\n<p>&nbsp;<\/p>\n","protected":false},"excerpt":{"rendered":"<p>Si le Umlaut Big Band de Pierre-Antoine Badaroux s&#8217;est surtout int\u00e9ress\u00e9 au jazz des ann\u00e9es 20-40, il a toujours eu un plus large spectre de l&#8217;utilisation de son grand format et de l&#8217;approche de l&#8217;histoire du jazz. Ainsi le 13 octobre 2020 au Th\u00e9\u00e2tre de la Renaissance (Oullins &#8211; 69) dans le cadre du festival&#8230;<\/p>\n<p><a rel=\"bookmark\" class=\"theme-button-text wvc-button wvc-button-size-xs\" href=\"https:\/\/www.grandsformats.com\/en\/2020\/10\/le-umlaut-big-band-devoile-deux-nouveaux-programmes\/\"><small class=\"wvc-button-background-fill\"><\/small><span>Continue reading<\/span><\/a><\/p>\n","protected":false},"author":2,"featured_media":13349,"comment_status":"open","ping_status":"open","sticky":false,"template":"","format":"standard","meta":{"_acf_changed":false,"footnotes":""},"categories":[95,601],"tags":[],"class_list":["post-14233","post","type-post","status-publish","format-standard","has-post-thumbnail","hentry","category-membres","category-umlaut-big-band","entry-post-skin-light","entry","clearfix","entry-grid","entry-columns-default","entry-post-module-layout-sidebar-right","thumbnail-color-tone-dark","metro-landscape","entry-post","entry-masonry","entry-post-masonry"],"acf":[],"yoast_head":"<!-- This site is optimized with the Yoast SEO plugin v25.8 - https:\/\/yoast.com\/wordpress\/plugins\/seo\/ -->\n<title>Le Umlaut Big Band d\u00e9voile deux nouveaux programmes - Site officiel de la f\u00e9d\u00e9ration Grands Formats<\/title>\n<meta name=\"robots\" content=\"index, follow, max-snippet:-1, max-image-preview:large, max-video-preview:-1\" \/>\n<link rel=\"canonical\" href=\"https:\/\/www.grandsformats.com\/2020\/10\/le-umlaut-big-band-devoile-deux-nouveaux-programmes\/\" \/>\n<meta property=\"og:locale\" content=\"en_US\" \/>\n<meta property=\"og:type\" content=\"article\" \/>\n<meta property=\"og:title\" content=\"Le Umlaut Big Band d\u00e9voile deux nouveaux programmes - Site officiel de la f\u00e9d\u00e9ration Grands Formats\" \/>\n<meta property=\"og:description\" content=\"Si le Umlaut Big Band de Pierre-Antoine Badaroux s&#8217;est surtout int\u00e9ress\u00e9 au jazz des ann\u00e9es 20-40, il a toujours eu un plus large spectre de l&#8217;utilisation de son grand format et de l&#8217;approche de l&#8217;histoire du jazz. Ainsi le 13 octobre 2020 au Th\u00e9\u00e2tre de la Renaissance (Oullins &#8211; 69) dans le cadre du festival...Continue reading\" \/>\n<meta property=\"og:url\" content=\"https:\/\/www.grandsformats.com\/2020\/10\/le-umlaut-big-band-devoile-deux-nouveaux-programmes\/\" \/>\n<meta property=\"og:site_name\" content=\"Site officiel de la f\u00e9d\u00e9ration Grands Formats\" \/>\n<meta property=\"article:publisher\" content=\"https:\/\/www.facebook.com\/grandsformats\/\" \/>\n<meta property=\"article:published_time\" content=\"2020-10-08T15:05:44+00:00\" \/>\n<meta property=\"og:image\" content=\"https:\/\/www.grandsformats.com\/wp-content\/uploads\/2020\/03\/Umlaut-Big-Band-\u00a9-Rebeca-Moon-1920x1080-2.jpg\" \/>\n\t<meta property=\"og:image:width\" content=\"1920\" \/>\n\t<meta property=\"og:image:height\" content=\"1080\" \/>\n\t<meta property=\"og:image:type\" content=\"image\/jpeg\" \/>\n<meta name=\"author\" content=\"Grands Formats\" \/>\n<meta name=\"twitter:card\" content=\"summary_large_image\" \/>\n<meta name=\"twitter:creator\" content=\"@GrandsFormatsGF\" \/>\n<meta name=\"twitter:site\" content=\"@GrandsFormatsGF\" \/>\n<meta name=\"twitter:label1\" content=\"Written by\" \/>\n\t<meta name=\"twitter:data1\" content=\"Grands Formats\" \/>\n\t<meta name=\"twitter:label2\" content=\"Est. reading time\" \/>\n\t<meta name=\"twitter:data2\" content=\"1 minute\" \/>\n<script type=\"application\/ld+json\" class=\"yoast-schema-graph\">{\"@context\":\"https:\/\/schema.org\",\"@graph\":[{\"@type\":\"Article\",\"@id\":\"https:\/\/www.grandsformats.com\/2020\/10\/le-umlaut-big-band-devoile-deux-nouveaux-programmes\/#article\",\"isPartOf\":{\"@id\":\"https:\/\/www.grandsformats.com\/2020\/10\/le-umlaut-big-band-devoile-deux-nouveaux-programmes\/\"},\"author\":{\"name\":\"Grands Formats\",\"@id\":\"https:\/\/www.grandsformats.com\/#\/schema\/person\/6ecde7e38a2254b5bc9d620679208ee1\"},\"headline\":\"Le Umlaut Big Band d\u00e9voile deux nouveaux programmes\",\"datePublished\":\"2020-10-08T15:05:44+00:00\",\"mainEntityOfPage\":{\"@id\":\"https:\/\/www.grandsformats.com\/2020\/10\/le-umlaut-big-band-devoile-deux-nouveaux-programmes\/\"},\"wordCount\":203,\"commentCount\":0,\"publisher\":{\"@id\":\"https:\/\/www.grandsformats.com\/#organization\"},\"image\":{\"@id\":\"https:\/\/www.grandsformats.com\/2020\/10\/le-umlaut-big-band-devoile-deux-nouveaux-programmes\/#primaryimage\"},\"thumbnailUrl\":\"https:\/\/www.grandsformats.com\/wp-content\/uploads\/2020\/03\/Umlaut-Big-Band-\u00a9-Rebeca-Moon-1920x1080-2.jpg\",\"articleSection\":[\"Actus des membres\",\"Umlaut Big Band\"],\"inLanguage\":\"en-US\",\"potentialAction\":[{\"@type\":\"CommentAction\",\"name\":\"Comment\",\"target\":[\"https:\/\/www.grandsformats.com\/2020\/10\/le-umlaut-big-band-devoile-deux-nouveaux-programmes\/#respond\"]}]},{\"@type\":\"WebPage\",\"@id\":\"https:\/\/www.grandsformats.com\/2020\/10\/le-umlaut-big-band-devoile-deux-nouveaux-programmes\/\",\"url\":\"https:\/\/www.grandsformats.com\/2020\/10\/le-umlaut-big-band-devoile-deux-nouveaux-programmes\/\",\"name\":\"Le Umlaut Big Band d\u00e9voile deux nouveaux programmes - Site officiel de la f\u00e9d\u00e9ration Grands Formats\",\"isPartOf\":{\"@id\":\"https:\/\/www.grandsformats.com\/#website\"},\"primaryImageOfPage\":{\"@id\":\"https:\/\/www.grandsformats.com\/2020\/10\/le-umlaut-big-band-devoile-deux-nouveaux-programmes\/#primaryimage\"},\"image\":{\"@id\":\"https:\/\/www.grandsformats.com\/2020\/10\/le-umlaut-big-band-devoile-deux-nouveaux-programmes\/#primaryimage\"},\"thumbnailUrl\":\"https:\/\/www.grandsformats.com\/wp-content\/uploads\/2020\/03\/Umlaut-Big-Band-\u00a9-Rebeca-Moon-1920x1080-2.jpg\",\"datePublished\":\"2020-10-08T15:05:44+00:00\",\"breadcrumb\":{\"@id\":\"https:\/\/www.grandsformats.com\/2020\/10\/le-umlaut-big-band-devoile-deux-nouveaux-programmes\/#breadcrumb\"},\"inLanguage\":\"en-US\",\"potentialAction\":[{\"@type\":\"ReadAction\",\"target\":[\"https:\/\/www.grandsformats.com\/2020\/10\/le-umlaut-big-band-devoile-deux-nouveaux-programmes\/\"]}]},{\"@type\":\"ImageObject\",\"inLanguage\":\"en-US\",\"@id\":\"https:\/\/www.grandsformats.com\/2020\/10\/le-umlaut-big-band-devoile-deux-nouveaux-programmes\/#primaryimage\",\"url\":\"https:\/\/www.grandsformats.com\/wp-content\/uploads\/2020\/03\/Umlaut-Big-Band-\u00a9-Rebeca-Moon-1920x1080-2.jpg\",\"contentUrl\":\"https:\/\/www.grandsformats.com\/wp-content\/uploads\/2020\/03\/Umlaut-Big-Band-\u00a9-Rebeca-Moon-1920x1080-2.jpg\",\"width\":1920,\"height\":1080,\"caption\":\"\u00a9 Rebeca Moon\"},{\"@type\":\"BreadcrumbList\",\"@id\":\"https:\/\/www.grandsformats.com\/2020\/10\/le-umlaut-big-band-devoile-deux-nouveaux-programmes\/#breadcrumb\",\"itemListElement\":[{\"@type\":\"ListItem\",\"position\":1,\"name\":\"Accueil\",\"item\":\"https:\/\/www.grandsformats.com\/en\/\"},{\"@type\":\"ListItem\",\"position\":2,\"name\":\"Le Umlaut Big Band d\u00e9voile deux nouveaux programmes\"}]},{\"@type\":\"WebSite\",\"@id\":\"https:\/\/www.grandsformats.com\/#website\",\"url\":\"https:\/\/www.grandsformats.com\/\",\"name\":\"Site officiel de la f\u00e9d\u00e9ration Grands Formats\",\"description\":\"F\u00e9d\u00e9ration d&#039;artistes pour la musique en grand !\",\"publisher\":{\"@id\":\"https:\/\/www.grandsformats.com\/#organization\"},\"potentialAction\":[{\"@type\":\"SearchAction\",\"target\":{\"@type\":\"EntryPoint\",\"urlTemplate\":\"https:\/\/www.grandsformats.com\/?s={search_term_string}\"},\"query-input\":{\"@type\":\"PropertyValueSpecification\",\"valueRequired\":true,\"valueName\":\"search_term_string\"}}],\"inLanguage\":\"en-US\"},{\"@type\":\"Organization\",\"@id\":\"https:\/\/www.grandsformats.com\/#organization\",\"name\":\"Grands Formats\",\"url\":\"https:\/\/www.grandsformats.com\/\",\"logo\":{\"@type\":\"ImageObject\",\"inLanguage\":\"en-US\",\"@id\":\"https:\/\/www.grandsformats.com\/#\/schema\/logo\/image\/\",\"url\":\"https:\/\/www.grandsformats.com\/wp-content\/uploads\/2020\/03\/logo-GF-200.png\",\"contentUrl\":\"https:\/\/www.grandsformats.com\/wp-content\/uploads\/2020\/03\/logo-GF-200.png\",\"width\":155,\"height\":200,\"caption\":\"Grands Formats\"},\"image\":{\"@id\":\"https:\/\/www.grandsformats.com\/#\/schema\/logo\/image\/\"},\"sameAs\":[\"https:\/\/www.facebook.com\/grandsformats\/\",\"https:\/\/x.com\/GrandsFormatsGF\",\"https:\/\/www.instagram.com\/grandsformats\/\",\"https:\/\/www.youtube.com\/channel\/UCJ7k9dbqc_DG-nxI3WMPvhw?view_as=subscriberhttps:\/\/www.youtube.com\/channel\/UCJ7k9dbqc_DG-nxI3WMPvhw?view_as=subscriber\"]},{\"@type\":\"Person\",\"@id\":\"https:\/\/www.grandsformats.com\/#\/schema\/person\/6ecde7e38a2254b5bc9d620679208ee1\",\"name\":\"Grands Formats\",\"image\":{\"@type\":\"ImageObject\",\"inLanguage\":\"en-US\",\"@id\":\"https:\/\/www.grandsformats.com\/#\/schema\/person\/image\/\",\"url\":\"https:\/\/secure.gravatar.com\/avatar\/5d06febf5ba4681bd17a251487132861b5339c2d72f789e59decf1c1b05d0078?s=96&d=mm&r=g\",\"contentUrl\":\"https:\/\/secure.gravatar.com\/avatar\/5d06febf5ba4681bd17a251487132861b5339c2d72f789e59decf1c1b05d0078?s=96&d=mm&r=g\",\"caption\":\"Grands Formats\"},\"url\":\"https:\/\/www.grandsformats.com\/en\/author\/margaux\/\"}]}<\/script>\n<!-- \/ Yoast SEO plugin. -->","yoast_head_json":{"title":"Le Umlaut Big Band d\u00e9voile deux nouveaux programmes - Site officiel de la f\u00e9d\u00e9ration Grands Formats","robots":{"index":"index","follow":"follow","max-snippet":"max-snippet:-1","max-image-preview":"max-image-preview:large","max-video-preview":"max-video-preview:-1"},"canonical":"https:\/\/www.grandsformats.com\/2020\/10\/le-umlaut-big-band-devoile-deux-nouveaux-programmes\/","og_locale":"en_US","og_type":"article","og_title":"Le Umlaut Big Band d\u00e9voile deux nouveaux programmes - Site officiel de la f\u00e9d\u00e9ration Grands Formats","og_description":"Si le Umlaut Big Band de Pierre-Antoine Badaroux s&#8217;est surtout int\u00e9ress\u00e9 au jazz des ann\u00e9es 20-40, il a toujours eu un plus large spectre de l&#8217;utilisation de son grand format et de l&#8217;approche de l&#8217;histoire du jazz. Ainsi le 13 octobre 2020 au Th\u00e9\u00e2tre de la Renaissance (Oullins &#8211; 69) dans le cadre du festival...Continue reading","og_url":"https:\/\/www.grandsformats.com\/2020\/10\/le-umlaut-big-band-devoile-deux-nouveaux-programmes\/","og_site_name":"Site officiel de la f\u00e9d\u00e9ration Grands Formats","article_publisher":"https:\/\/www.facebook.com\/grandsformats\/","article_published_time":"2020-10-08T15:05:44+00:00","og_image":[{"width":1920,"height":1080,"url":"https:\/\/www.grandsformats.com\/wp-content\/uploads\/2020\/03\/Umlaut-Big-Band-\u00a9-Rebeca-Moon-1920x1080-2.jpg","type":"image\/jpeg"}],"author":"Grands Formats","twitter_card":"summary_large_image","twitter_creator":"@GrandsFormatsGF","twitter_site":"@GrandsFormatsGF","twitter_misc":{"Written by":"Grands Formats","Est. reading time":"1 minute"},"schema":{"@context":"https:\/\/schema.org","@graph":[{"@type":"Article","@id":"https:\/\/www.grandsformats.com\/2020\/10\/le-umlaut-big-band-devoile-deux-nouveaux-programmes\/#article","isPartOf":{"@id":"https:\/\/www.grandsformats.com\/2020\/10\/le-umlaut-big-band-devoile-deux-nouveaux-programmes\/"},"author":{"name":"Grands Formats","@id":"https:\/\/www.grandsformats.com\/#\/schema\/person\/6ecde7e38a2254b5bc9d620679208ee1"},"headline":"Le Umlaut Big Band d\u00e9voile deux nouveaux programmes","datePublished":"2020-10-08T15:05:44+00:00","mainEntityOfPage":{"@id":"https:\/\/www.grandsformats.com\/2020\/10\/le-umlaut-big-band-devoile-deux-nouveaux-programmes\/"},"wordCount":203,"commentCount":0,"publisher":{"@id":"https:\/\/www.grandsformats.com\/#organization"},"image":{"@id":"https:\/\/www.grandsformats.com\/2020\/10\/le-umlaut-big-band-devoile-deux-nouveaux-programmes\/#primaryimage"},"thumbnailUrl":"https:\/\/www.grandsformats.com\/wp-content\/uploads\/2020\/03\/Umlaut-Big-Band-\u00a9-Rebeca-Moon-1920x1080-2.jpg","articleSection":["Actus des membres","Umlaut Big Band"],"inLanguage":"en-US","potentialAction":[{"@type":"CommentAction","name":"Comment","target":["https:\/\/www.grandsformats.com\/2020\/10\/le-umlaut-big-band-devoile-deux-nouveaux-programmes\/#respond"]}]},{"@type":"WebPage","@id":"https:\/\/www.grandsformats.com\/2020\/10\/le-umlaut-big-band-devoile-deux-nouveaux-programmes\/","url":"https:\/\/www.grandsformats.com\/2020\/10\/le-umlaut-big-band-devoile-deux-nouveaux-programmes\/","name":"Le Umlaut Big Band d\u00e9voile deux nouveaux programmes - Site officiel de la f\u00e9d\u00e9ration Grands Formats","isPartOf":{"@id":"https:\/\/www.grandsformats.com\/#website"},"primaryImageOfPage":{"@id":"https:\/\/www.grandsformats.com\/2020\/10\/le-umlaut-big-band-devoile-deux-nouveaux-programmes\/#primaryimage"},"image":{"@id":"https:\/\/www.grandsformats.com\/2020\/10\/le-umlaut-big-band-devoile-deux-nouveaux-programmes\/#primaryimage"},"thumbnailUrl":"https:\/\/www.grandsformats.com\/wp-content\/uploads\/2020\/03\/Umlaut-Big-Band-\u00a9-Rebeca-Moon-1920x1080-2.jpg","datePublished":"2020-10-08T15:05:44+00:00","breadcrumb":{"@id":"https:\/\/www.grandsformats.com\/2020\/10\/le-umlaut-big-band-devoile-deux-nouveaux-programmes\/#breadcrumb"},"inLanguage":"en-US","potentialAction":[{"@type":"ReadAction","target":["https:\/\/www.grandsformats.com\/2020\/10\/le-umlaut-big-band-devoile-deux-nouveaux-programmes\/"]}]},{"@type":"ImageObject","inLanguage":"en-US","@id":"https:\/\/www.grandsformats.com\/2020\/10\/le-umlaut-big-band-devoile-deux-nouveaux-programmes\/#primaryimage","url":"https:\/\/www.grandsformats.com\/wp-content\/uploads\/2020\/03\/Umlaut-Big-Band-\u00a9-Rebeca-Moon-1920x1080-2.jpg","contentUrl":"https:\/\/www.grandsformats.com\/wp-content\/uploads\/2020\/03\/Umlaut-Big-Band-\u00a9-Rebeca-Moon-1920x1080-2.jpg","width":1920,"height":1080,"caption":"\u00a9 Rebeca Moon"},{"@type":"BreadcrumbList","@id":"https:\/\/www.grandsformats.com\/2020\/10\/le-umlaut-big-band-devoile-deux-nouveaux-programmes\/#breadcrumb","itemListElement":[{"@type":"ListItem","position":1,"name":"Accueil","item":"https:\/\/www.grandsformats.com\/en\/"},{"@type":"ListItem","position":2,"name":"Le Umlaut Big Band d\u00e9voile deux nouveaux programmes"}]},{"@type":"WebSite","@id":"https:\/\/www.grandsformats.com\/#website","url":"https:\/\/www.grandsformats.com\/","name":"Site officiel de la f\u00e9d\u00e9ration Grands Formats","description":"F\u00e9d\u00e9ration d&#039;artistes pour la musique en grand !","publisher":{"@id":"https:\/\/www.grandsformats.com\/#organization"},"potentialAction":[{"@type":"SearchAction","target":{"@type":"EntryPoint","urlTemplate":"https:\/\/www.grandsformats.com\/?s={search_term_string}"},"query-input":{"@type":"PropertyValueSpecification","valueRequired":true,"valueName":"search_term_string"}}],"inLanguage":"en-US"},{"@type":"Organization","@id":"https:\/\/www.grandsformats.com\/#organization","name":"Grands Formats","url":"https:\/\/www.grandsformats.com\/","logo":{"@type":"ImageObject","inLanguage":"en-US","@id":"https:\/\/www.grandsformats.com\/#\/schema\/logo\/image\/","url":"https:\/\/www.grandsformats.com\/wp-content\/uploads\/2020\/03\/logo-GF-200.png","contentUrl":"https:\/\/www.grandsformats.com\/wp-content\/uploads\/2020\/03\/logo-GF-200.png","width":155,"height":200,"caption":"Grands Formats"},"image":{"@id":"https:\/\/www.grandsformats.com\/#\/schema\/logo\/image\/"},"sameAs":["https:\/\/www.facebook.com\/grandsformats\/","https:\/\/x.com\/GrandsFormatsGF","https:\/\/www.instagram.com\/grandsformats\/","https:\/\/www.youtube.com\/channel\/UCJ7k9dbqc_DG-nxI3WMPvhw?view_as=subscriberhttps:\/\/www.youtube.com\/channel\/UCJ7k9dbqc_DG-nxI3WMPvhw?view_as=subscriber"]},{"@type":"Person","@id":"https:\/\/www.grandsformats.com\/#\/schema\/person\/6ecde7e38a2254b5bc9d620679208ee1","name":"Grands Formats","image":{"@type":"ImageObject","inLanguage":"en-US","@id":"https:\/\/www.grandsformats.com\/#\/schema\/person\/image\/","url":"https:\/\/secure.gravatar.com\/avatar\/5d06febf5ba4681bd17a251487132861b5339c2d72f789e59decf1c1b05d0078?s=96&d=mm&r=g","contentUrl":"https:\/\/secure.gravatar.com\/avatar\/5d06febf5ba4681bd17a251487132861b5339c2d72f789e59decf1c1b05d0078?s=96&d=mm&r=g","caption":"Grands Formats"},"url":"https:\/\/www.grandsformats.com\/en\/author\/margaux\/"}]}},"_links":{"self":[{"href":"https:\/\/www.grandsformats.com\/en\/wp-json\/wp\/v2\/posts\/14233","targetHints":{"allow":["GET"]}}],"collection":[{"href":"https:\/\/www.grandsformats.com\/en\/wp-json\/wp\/v2\/posts"}],"about":[{"href":"https:\/\/www.grandsformats.com\/en\/wp-json\/wp\/v2\/types\/post"}],"author":[{"embeddable":true,"href":"https:\/\/www.grandsformats.com\/en\/wp-json\/wp\/v2\/users\/2"}],"replies":[{"embeddable":true,"href":"https:\/\/www.grandsformats.com\/en\/wp-json\/wp\/v2\/comments?post=14233"}],"version-history":[{"count":0,"href":"https:\/\/www.grandsformats.com\/en\/wp-json\/wp\/v2\/posts\/14233\/revisions"}],"wp:featuredmedia":[{"embeddable":true,"href":"https:\/\/www.grandsformats.com\/en\/wp-json\/wp\/v2\/media\/13349"}],"wp:attachment":[{"href":"https:\/\/www.grandsformats.com\/en\/wp-json\/wp\/v2\/media?parent=14233"}],"wp:term":[{"taxonomy":"category","embeddable":true,"href":"https:\/\/www.grandsformats.com\/en\/wp-json\/wp\/v2\/categories?post=14233"},{"taxonomy":"post_tag","embeddable":true,"href":"https:\/\/www.grandsformats.com\/en\/wp-json\/wp\/v2\/tags?post=14233"}],"curies":[{"name":"wp","href":"https:\/\/api.w.org\/{rel}","templated":true}]}}