{"id":14211,"date":"2020-10-07T14:36:54","date_gmt":"2020-10-07T12:36:54","guid":{"rendered":"https:\/\/www.grandsformats.com\/?p=14211"},"modified":"2020-10-09T16:25:02","modified_gmt":"2020-10-09T14:25:02","slug":"deux-membres-laureats-des-victoires-du-jazz-2020","status":"publish","type":"post","link":"https:\/\/www.grandsformats.com\/en\/2020\/10\/deux-membres-laureats-des-victoires-du-jazz-2020\/","title":{"rendered":"Deux membres laur\u00e9ats des Victoires du Jazz 2020"},"content":{"rendered":"<div class=\"\" data-block=\"true\" data-editor=\"dvtde\" data-offset-key=\"c5gqk-0-0\">\n<div class=\"_1mf _1mj\" data-offset-key=\"c5gqk-0-0\"><span data-offset-key=\"c5gqk-1-0\">\u00a0<\/span><\/div>\n<div class=\"_1mf _1mj\" data-offset-key=\"c5gqk-0-0\"><span data-offset-key=\"c5gqk-1-0\">La f\u00e9d\u00e9ration est tr\u00e8s heureuse de voir deux de ses membres<\/span><span data-offset-key=\"c5gqk-5-0\"> r\u00e9compens\u00e9s \u00e0 ce titre et les f\u00e9licite ! Un tr\u00e8s grand bravo \u00e0 l&#8217;<a href=\"https:\/\/www.grandsformats.com\/artist\/orchestre-national-de-jazz\/\"><span class=\"diy96o5h\" spellcheck=\"false\" data-offset-key=\"c5gqk-2-0\">Orchestre National de Jazz<\/span><\/a> pour sa Victoire d&#8217;honneur et<span class=\"diy96o5h\" spellcheck=\"false\" data-offset-key=\"c5gqk-4-0\">\u00a0<a href=\"https:\/\/www.grandsformats.com\/artist\/dal-sasso-big-band\/\">Dal Sasso<\/a><\/span><a href=\"https:\/\/www.grandsformats.com\/artist\/dal-sasso-big-band\/\"> Big Band<\/a> pour sa Victoire du groupe de l&#8217;ann\u00e9e.\u00a0<\/span><\/div>\n<\/div>\n<div class=\"\" data-block=\"true\" data-editor=\"dvtde\" data-offset-key=\"k6ft-0-0\">\n<div class=\"_1mf _1mj\" data-offset-key=\"k6ft-0-0\"><span data-offset-key=\"k6ft-0-0\">\u00a0<\/span><\/div>\n<\/div>\n<div class=\"\" data-block=\"true\" data-editor=\"dvtde\" data-offset-key=\"ekfsf-0-0\">\n<div class=\"_1mf _1mj\" data-offset-key=\"ekfsf-0-0\"><span data-offset-key=\"ekfsf-0-0\">Bravo \u00e9galement \u00e0 l&#8217;ensemble des laur\u00e9ats : <\/span><\/div>\n<ul>\n<li class=\"_1mf _1mj\" data-offset-key=\"ekfsf-0-0\"><span class=\"diy96o5h\" spellcheck=\"false\" data-offset-key=\"ekfsf-1-0\"><span data-offset-key=\"ekfsf-1-0\">Paul Lay (artiste instrumental)<\/span><\/span><\/li>\n<li class=\"_1mf _1mj\" data-offset-key=\"ekfsf-0-0\"><span class=\"diy96o5h\" spellcheck=\"false\" data-offset-key=\"ekfsf-3-0\"><span data-offset-key=\"ekfsf-3-0\">Laurent Coulondre (artiste intrumental)<\/span><\/span><\/li>\n<li class=\"_1mf _1mj\" data-offset-key=\"ekfsf-0-0\"><span class=\"diy96o5h\" spellcheck=\"false\" data-offset-key=\"ekfsf-5-0\"><span data-offset-key=\"ekfsf-5-0\">G\u00e9raldine Laurent (album)<\/span><\/span><\/li>\n<li class=\"_1mf _1mj\" data-offset-key=\"ekfsf-0-0\"><span class=\"diy96o5h\" spellcheck=\"false\" data-offset-key=\"ekfsf-7-0\"><span data-offset-key=\"ekfsf-7-0\">Roc\u00edo M\u00e1rquez (album)<\/span><\/span><\/li>\n<li class=\"_1mf _1mj\" data-offset-key=\"ekfsf-0-0\"><span class=\"diy96o5h\" spellcheck=\"false\" data-offset-key=\"ekfsf-9-0\"><span data-offset-key=\"ekfsf-9-0\">Macha Gharibian (r\u00e9v\u00e9lation)<\/span><\/span><\/li>\n<li class=\"_1mf _1mj\" data-offset-key=\"ekfsf-0-0\"><span class=\"diy96o5h\" spellcheck=\"false\" data-offset-key=\"ekfsf-11-0\"><span data-offset-key=\"ekfsf-11-0\">Christophe Panzani (r\u00e9v\u00e9lation)<\/span><\/span><\/li>\n<li class=\"_1mf _1mj\" data-offset-key=\"ekfsf-0-0\"><span class=\"diy96o5h\" spellcheck=\"false\" data-offset-key=\"ekfsf-13-0\"><span data-offset-key=\"ekfsf-13-0\">MAGMA (groupe)<\/span><\/span><\/li>\n<li class=\"_1mf _1mj\" data-offset-key=\"ekfsf-0-0\"><span class=\"diy96o5h\" spellcheck=\"false\" data-offset-key=\"ekfsf-15-0\"><span data-offset-key=\"ekfsf-15-0\">Trio Viret (groupe)<\/span><\/span><\/li>\n<li class=\"_1mf _1mj\" data-offset-key=\"ekfsf-0-0\"><span class=\"diy96o5h\" spellcheck=\"false\" data-offset-key=\"ekfsf-17-0\"><span data-offset-key=\"ekfsf-17-0\">Le\u00efla Martial<\/span><\/span><span data-offset-key=\"ekfsf-18-0\"> (artiste vocal)<\/span><\/li>\n<\/ul>\n<p>Un documentaire sur les Victoires du Jazz 2020 r\u00e9alis\u00e9 par Thierry Teston sera diffus\u00e9 le 24 octobre \u00e0 22h45 dans l&#8217;\u00e9mission Passage des Arts sur France 5. <span style=\"color: #666666;\">\u00a0<\/span>https:\/\/youtu.be\/HbiPV17FgII<\/p>\n<p><iframe loading=\"lazy\" title=\"Dal Sasso Big Band : &quot;The Palmer Suite&quot; (trailer)\" width=\"1140\" height=\"641\" src=\"https:\/\/www.youtube.com\/embed\/aPqYfvWxCaU?feature=oembed\" frameborder=\"0\" allow=\"accelerometer; autoplay; clipboard-write; encrypted-media; gyroscope; picture-in-picture\" allowfullscreen><\/iframe><\/p>\n<\/div>\n<div data-offset-key=\"ekfsf-0-0\"><\/div>\n<div data-offset-key=\"ekfsf-0-0\"><\/div>\n<div data-offset-key=\"ekfsf-0-0\"><span class=\"caption\">Dal Sasso Big Band \u00a9 DR<\/span><\/div>\n","protected":false},"excerpt":{"rendered":"<p>\u00a0 La f\u00e9d\u00e9ration est tr\u00e8s heureuse de voir deux de ses membres r\u00e9compens\u00e9s \u00e0 ce titre et les f\u00e9licite ! Un tr\u00e8s grand bravo \u00e0 l&#8217;Orchestre National de Jazz pour sa Victoire d&#8217;honneur et\u00a0Dal Sasso Big Band pour sa Victoire du groupe de l&#8217;ann\u00e9e.\u00a0 \u00a0 Bravo \u00e9galement \u00e0 l&#8217;ensemble des laur\u00e9ats : Paul Lay (artiste&#8230;<\/p>\n<p><a rel=\"bookmark\" class=\"theme-button-text wvc-button wvc-button-size-xs\" href=\"https:\/\/www.grandsformats.com\/en\/2020\/10\/deux-membres-laureats-des-victoires-du-jazz-2020\/\"><small class=\"wvc-button-background-fill\"><\/small><span>Continue reading<\/span><\/a><\/p>\n","protected":false},"author":2,"featured_media":13675,"comment_status":"open","ping_status":"open","sticky":false,"template":"","format":"standard","meta":{"_acf_changed":false,"footnotes":""},"categories":[90,95,711,603],"tags":[],"class_list":["post-14211","post","type-post","status-publish","format-standard","has-post-thumbnail","hentry","category-grands-formats","category-membres","category-dal-sasso-big-band","category-orchestre-national-de-jazz","entry-post-skin-light","entry","clearfix","entry-grid","entry-columns-default","entry-post-module-layout-sidebar-right","thumbnail-color-tone-dark","metro-landscape","is-youtube","entry-post","entry-masonry","entry-post-masonry"],"acf":[],"yoast_head":"<!-- This site is optimized with the Yoast SEO plugin v25.8 - https:\/\/yoast.com\/wordpress\/plugins\/seo\/ -->\n<title>Deux membres laur\u00e9ats des Victoires du Jazz 2020 - Site officiel de la f\u00e9d\u00e9ration Grands Formats<\/title>\n<meta name=\"robots\" content=\"index, follow, max-snippet:-1, max-image-preview:large, max-video-preview:-1\" \/>\n<link rel=\"canonical\" href=\"https:\/\/www.grandsformats.com\/en\/2020\/10\/deux-membres-laureats-des-victoires-du-jazz-2020\/\" \/>\n<meta property=\"og:locale\" content=\"en_US\" \/>\n<meta property=\"og:type\" content=\"article\" \/>\n<meta property=\"og:title\" content=\"Deux membres laur\u00e9ats des Victoires du Jazz 2020 - Site officiel de la f\u00e9d\u00e9ration Grands Formats\" \/>\n<meta property=\"og:description\" content=\"\u00a0 La f\u00e9d\u00e9ration est tr\u00e8s heureuse de voir deux de ses membres r\u00e9compens\u00e9s \u00e0 ce titre et les f\u00e9licite ! Un tr\u00e8s grand bravo \u00e0 l&#8217;Orchestre National de Jazz pour sa Victoire d&#8217;honneur et\u00a0Dal Sasso Big Band pour sa Victoire du groupe de l&#8217;ann\u00e9e.\u00a0 \u00a0 Bravo \u00e9galement \u00e0 l&#8217;ensemble des laur\u00e9ats : Paul Lay (artiste...Continue reading\" \/>\n<meta property=\"og:url\" content=\"https:\/\/www.grandsformats.com\/en\/2020\/10\/deux-membres-laureats-des-victoires-du-jazz-2020\/\" \/>\n<meta property=\"og:site_name\" content=\"Site officiel de la f\u00e9d\u00e9ration Grands Formats\" \/>\n<meta property=\"article:publisher\" content=\"https:\/\/www.facebook.com\/grandsformats\/\" \/>\n<meta property=\"article:published_time\" content=\"2020-10-07T12:36:54+00:00\" \/>\n<meta property=\"article:modified_time\" content=\"2020-10-09T14:25:02+00:00\" \/>\n<meta property=\"og:image\" content=\"https:\/\/www.grandsformats.com\/wp-content\/uploads\/2020\/06\/Dal-Sasso-BB-Victoires-du-Jazz.jpg\" \/>\n\t<meta property=\"og:image:width\" content=\"1920\" \/>\n\t<meta property=\"og:image:height\" content=\"1080\" \/>\n\t<meta property=\"og:image:type\" content=\"image\/jpeg\" \/>\n<meta name=\"author\" content=\"Grands Formats\" \/>\n<meta name=\"twitter:card\" content=\"summary_large_image\" \/>\n<meta name=\"twitter:creator\" content=\"@GrandsFormatsGF\" \/>\n<meta name=\"twitter:site\" content=\"@GrandsFormatsGF\" \/>\n<meta name=\"twitter:label1\" content=\"Written by\" \/>\n\t<meta name=\"twitter:data1\" content=\"Grands Formats\" \/>\n\t<meta name=\"twitter:label2\" content=\"Est. reading time\" \/>\n\t<meta name=\"twitter:data2\" content=\"1 minute\" \/>\n<script type=\"application\/ld+json\" class=\"yoast-schema-graph\">{\"@context\":\"https:\/\/schema.org\",\"@graph\":[{\"@type\":\"Article\",\"@id\":\"https:\/\/www.grandsformats.com\/en\/2020\/10\/deux-membres-laureats-des-victoires-du-jazz-2020\/#article\",\"isPartOf\":{\"@id\":\"https:\/\/www.grandsformats.com\/en\/2020\/10\/deux-membres-laureats-des-victoires-du-jazz-2020\/\"},\"author\":{\"name\":\"Grands Formats\",\"@id\":\"https:\/\/www.grandsformats.com\/#\/schema\/person\/6ecde7e38a2254b5bc9d620679208ee1\"},\"headline\":\"Deux membres laur\u00e9ats des Victoires du Jazz 2020\",\"datePublished\":\"2020-10-07T12:36:54+00:00\",\"dateModified\":\"2020-10-09T14:25:02+00:00\",\"mainEntityOfPage\":{\"@id\":\"https:\/\/www.grandsformats.com\/en\/2020\/10\/deux-membres-laureats-des-victoires-du-jazz-2020\/\"},\"wordCount\":143,\"commentCount\":0,\"publisher\":{\"@id\":\"https:\/\/www.grandsformats.com\/#organization\"},\"image\":{\"@id\":\"https:\/\/www.grandsformats.com\/en\/2020\/10\/deux-membres-laureats-des-victoires-du-jazz-2020\/#primaryimage\"},\"thumbnailUrl\":\"https:\/\/www.grandsformats.com\/wp-content\/uploads\/2020\/06\/Dal-Sasso-BB-Victoires-du-Jazz.jpg\",\"articleSection\":[\"Actus de la f\u00e9d\u00e9\",\"Actus des membres\",\"Dal Sasso Big Band\",\"Orchestre National de Jazz\"],\"inLanguage\":\"en-US\",\"potentialAction\":[{\"@type\":\"CommentAction\",\"name\":\"Comment\",\"target\":[\"https:\/\/www.grandsformats.com\/en\/2020\/10\/deux-membres-laureats-des-victoires-du-jazz-2020\/#respond\"]}]},{\"@type\":\"WebPage\",\"@id\":\"https:\/\/www.grandsformats.com\/en\/2020\/10\/deux-membres-laureats-des-victoires-du-jazz-2020\/\",\"url\":\"https:\/\/www.grandsformats.com\/en\/2020\/10\/deux-membres-laureats-des-victoires-du-jazz-2020\/\",\"name\":\"Deux membres laur\u00e9ats des Victoires du Jazz 2020 - Site officiel de la f\u00e9d\u00e9ration Grands Formats\",\"isPartOf\":{\"@id\":\"https:\/\/www.grandsformats.com\/#website\"},\"primaryImageOfPage\":{\"@id\":\"https:\/\/www.grandsformats.com\/en\/2020\/10\/deux-membres-laureats-des-victoires-du-jazz-2020\/#primaryimage\"},\"image\":{\"@id\":\"https:\/\/www.grandsformats.com\/en\/2020\/10\/deux-membres-laureats-des-victoires-du-jazz-2020\/#primaryimage\"},\"thumbnailUrl\":\"https:\/\/www.grandsformats.com\/wp-content\/uploads\/2020\/06\/Dal-Sasso-BB-Victoires-du-Jazz.jpg\",\"datePublished\":\"2020-10-07T12:36:54+00:00\",\"dateModified\":\"2020-10-09T14:25:02+00:00\",\"breadcrumb\":{\"@id\":\"https:\/\/www.grandsformats.com\/en\/2020\/10\/deux-membres-laureats-des-victoires-du-jazz-2020\/#breadcrumb\"},\"inLanguage\":\"en-US\",\"potentialAction\":[{\"@type\":\"ReadAction\",\"target\":[\"https:\/\/www.grandsformats.com\/en\/2020\/10\/deux-membres-laureats-des-victoires-du-jazz-2020\/\"]}]},{\"@type\":\"ImageObject\",\"inLanguage\":\"en-US\",\"@id\":\"https:\/\/www.grandsformats.com\/en\/2020\/10\/deux-membres-laureats-des-victoires-du-jazz-2020\/#primaryimage\",\"url\":\"https:\/\/www.grandsformats.com\/wp-content\/uploads\/2020\/06\/Dal-Sasso-BB-Victoires-du-Jazz.jpg\",\"contentUrl\":\"https:\/\/www.grandsformats.com\/wp-content\/uploads\/2020\/06\/Dal-Sasso-BB-Victoires-du-Jazz.jpg\",\"width\":1920,\"height\":1080,\"caption\":\"\u00a9 DR\"},{\"@type\":\"BreadcrumbList\",\"@id\":\"https:\/\/www.grandsformats.com\/en\/2020\/10\/deux-membres-laureats-des-victoires-du-jazz-2020\/#breadcrumb\",\"itemListElement\":[{\"@type\":\"ListItem\",\"position\":1,\"name\":\"Accueil\",\"item\":\"https:\/\/www.grandsformats.com\/en\/\"},{\"@type\":\"ListItem\",\"position\":2,\"name\":\"Deux membres laur\u00e9ats des Victoires du Jazz 2020\"}]},{\"@type\":\"WebSite\",\"@id\":\"https:\/\/www.grandsformats.com\/#website\",\"url\":\"https:\/\/www.grandsformats.com\/\",\"name\":\"Site officiel de la f\u00e9d\u00e9ration Grands Formats\",\"description\":\"F\u00e9d\u00e9ration d&#039;artistes pour la musique en grand !\",\"publisher\":{\"@id\":\"https:\/\/www.grandsformats.com\/#organization\"},\"potentialAction\":[{\"@type\":\"SearchAction\",\"target\":{\"@type\":\"EntryPoint\",\"urlTemplate\":\"https:\/\/www.grandsformats.com\/?s={search_term_string}\"},\"query-input\":{\"@type\":\"PropertyValueSpecification\",\"valueRequired\":true,\"valueName\":\"search_term_string\"}}],\"inLanguage\":\"en-US\"},{\"@type\":\"Organization\",\"@id\":\"https:\/\/www.grandsformats.com\/#organization\",\"name\":\"Grands Formats\",\"url\":\"https:\/\/www.grandsformats.com\/\",\"logo\":{\"@type\":\"ImageObject\",\"inLanguage\":\"en-US\",\"@id\":\"https:\/\/www.grandsformats.com\/#\/schema\/logo\/image\/\",\"url\":\"https:\/\/www.grandsformats.com\/wp-content\/uploads\/2020\/03\/logo-GF-200.png\",\"contentUrl\":\"https:\/\/www.grandsformats.com\/wp-content\/uploads\/2020\/03\/logo-GF-200.png\",\"width\":155,\"height\":200,\"caption\":\"Grands Formats\"},\"image\":{\"@id\":\"https:\/\/www.grandsformats.com\/#\/schema\/logo\/image\/\"},\"sameAs\":[\"https:\/\/www.facebook.com\/grandsformats\/\",\"https:\/\/x.com\/GrandsFormatsGF\",\"https:\/\/www.instagram.com\/grandsformats\/\",\"https:\/\/www.youtube.com\/channel\/UCJ7k9dbqc_DG-nxI3WMPvhw?view_as=subscriberhttps:\/\/www.youtube.com\/channel\/UCJ7k9dbqc_DG-nxI3WMPvhw?view_as=subscriber\"]},{\"@type\":\"Person\",\"@id\":\"https:\/\/www.grandsformats.com\/#\/schema\/person\/6ecde7e38a2254b5bc9d620679208ee1\",\"name\":\"Grands Formats\",\"image\":{\"@type\":\"ImageObject\",\"inLanguage\":\"en-US\",\"@id\":\"https:\/\/www.grandsformats.com\/#\/schema\/person\/image\/\",\"url\":\"https:\/\/secure.gravatar.com\/avatar\/5d06febf5ba4681bd17a251487132861b5339c2d72f789e59decf1c1b05d0078?s=96&d=mm&r=g\",\"contentUrl\":\"https:\/\/secure.gravatar.com\/avatar\/5d06febf5ba4681bd17a251487132861b5339c2d72f789e59decf1c1b05d0078?s=96&d=mm&r=g\",\"caption\":\"Grands Formats\"},\"url\":\"https:\/\/www.grandsformats.com\/en\/author\/margaux\/\"}]}<\/script>\n<!-- \/ Yoast SEO plugin. -->","yoast_head_json":{"title":"Deux membres laur\u00e9ats des Victoires du Jazz 2020 - Site officiel de la f\u00e9d\u00e9ration Grands Formats","robots":{"index":"index","follow":"follow","max-snippet":"max-snippet:-1","max-image-preview":"max-image-preview:large","max-video-preview":"max-video-preview:-1"},"canonical":"https:\/\/www.grandsformats.com\/en\/2020\/10\/deux-membres-laureats-des-victoires-du-jazz-2020\/","og_locale":"en_US","og_type":"article","og_title":"Deux membres laur\u00e9ats des Victoires du Jazz 2020 - Site officiel de la f\u00e9d\u00e9ration Grands Formats","og_description":"\u00a0 La f\u00e9d\u00e9ration est tr\u00e8s heureuse de voir deux de ses membres r\u00e9compens\u00e9s \u00e0 ce titre et les f\u00e9licite ! Un tr\u00e8s grand bravo \u00e0 l&#8217;Orchestre National de Jazz pour sa Victoire d&#8217;honneur et\u00a0Dal Sasso Big Band pour sa Victoire du groupe de l&#8217;ann\u00e9e.\u00a0 \u00a0 Bravo \u00e9galement \u00e0 l&#8217;ensemble des laur\u00e9ats : Paul Lay (artiste...Continue reading","og_url":"https:\/\/www.grandsformats.com\/en\/2020\/10\/deux-membres-laureats-des-victoires-du-jazz-2020\/","og_site_name":"Site officiel de la f\u00e9d\u00e9ration Grands Formats","article_publisher":"https:\/\/www.facebook.com\/grandsformats\/","article_published_time":"2020-10-07T12:36:54+00:00","article_modified_time":"2020-10-09T14:25:02+00:00","og_image":[{"width":1920,"height":1080,"url":"https:\/\/www.grandsformats.com\/wp-content\/uploads\/2020\/06\/Dal-Sasso-BB-Victoires-du-Jazz.jpg","type":"image\/jpeg"}],"author":"Grands Formats","twitter_card":"summary_large_image","twitter_creator":"@GrandsFormatsGF","twitter_site":"@GrandsFormatsGF","twitter_misc":{"Written by":"Grands Formats","Est. reading time":"1 minute"},"schema":{"@context":"https:\/\/schema.org","@graph":[{"@type":"Article","@id":"https:\/\/www.grandsformats.com\/en\/2020\/10\/deux-membres-laureats-des-victoires-du-jazz-2020\/#article","isPartOf":{"@id":"https:\/\/www.grandsformats.com\/en\/2020\/10\/deux-membres-laureats-des-victoires-du-jazz-2020\/"},"author":{"name":"Grands Formats","@id":"https:\/\/www.grandsformats.com\/#\/schema\/person\/6ecde7e38a2254b5bc9d620679208ee1"},"headline":"Deux membres laur\u00e9ats des Victoires du Jazz 2020","datePublished":"2020-10-07T12:36:54+00:00","dateModified":"2020-10-09T14:25:02+00:00","mainEntityOfPage":{"@id":"https:\/\/www.grandsformats.com\/en\/2020\/10\/deux-membres-laureats-des-victoires-du-jazz-2020\/"},"wordCount":143,"commentCount":0,"publisher":{"@id":"https:\/\/www.grandsformats.com\/#organization"},"image":{"@id":"https:\/\/www.grandsformats.com\/en\/2020\/10\/deux-membres-laureats-des-victoires-du-jazz-2020\/#primaryimage"},"thumbnailUrl":"https:\/\/www.grandsformats.com\/wp-content\/uploads\/2020\/06\/Dal-Sasso-BB-Victoires-du-Jazz.jpg","articleSection":["Actus de la f\u00e9d\u00e9","Actus des membres","Dal Sasso Big Band","Orchestre National de Jazz"],"inLanguage":"en-US","potentialAction":[{"@type":"CommentAction","name":"Comment","target":["https:\/\/www.grandsformats.com\/en\/2020\/10\/deux-membres-laureats-des-victoires-du-jazz-2020\/#respond"]}]},{"@type":"WebPage","@id":"https:\/\/www.grandsformats.com\/en\/2020\/10\/deux-membres-laureats-des-victoires-du-jazz-2020\/","url":"https:\/\/www.grandsformats.com\/en\/2020\/10\/deux-membres-laureats-des-victoires-du-jazz-2020\/","name":"Deux membres laur\u00e9ats des Victoires du Jazz 2020 - Site officiel de la f\u00e9d\u00e9ration Grands Formats","isPartOf":{"@id":"https:\/\/www.grandsformats.com\/#website"},"primaryImageOfPage":{"@id":"https:\/\/www.grandsformats.com\/en\/2020\/10\/deux-membres-laureats-des-victoires-du-jazz-2020\/#primaryimage"},"image":{"@id":"https:\/\/www.grandsformats.com\/en\/2020\/10\/deux-membres-laureats-des-victoires-du-jazz-2020\/#primaryimage"},"thumbnailUrl":"https:\/\/www.grandsformats.com\/wp-content\/uploads\/2020\/06\/Dal-Sasso-BB-Victoires-du-Jazz.jpg","datePublished":"2020-10-07T12:36:54+00:00","dateModified":"2020-10-09T14:25:02+00:00","breadcrumb":{"@id":"https:\/\/www.grandsformats.com\/en\/2020\/10\/deux-membres-laureats-des-victoires-du-jazz-2020\/#breadcrumb"},"inLanguage":"en-US","potentialAction":[{"@type":"ReadAction","target":["https:\/\/www.grandsformats.com\/en\/2020\/10\/deux-membres-laureats-des-victoires-du-jazz-2020\/"]}]},{"@type":"ImageObject","inLanguage":"en-US","@id":"https:\/\/www.grandsformats.com\/en\/2020\/10\/deux-membres-laureats-des-victoires-du-jazz-2020\/#primaryimage","url":"https:\/\/www.grandsformats.com\/wp-content\/uploads\/2020\/06\/Dal-Sasso-BB-Victoires-du-Jazz.jpg","contentUrl":"https:\/\/www.grandsformats.com\/wp-content\/uploads\/2020\/06\/Dal-Sasso-BB-Victoires-du-Jazz.jpg","width":1920,"height":1080,"caption":"\u00a9 DR"},{"@type":"BreadcrumbList","@id":"https:\/\/www.grandsformats.com\/en\/2020\/10\/deux-membres-laureats-des-victoires-du-jazz-2020\/#breadcrumb","itemListElement":[{"@type":"ListItem","position":1,"name":"Accueil","item":"https:\/\/www.grandsformats.com\/en\/"},{"@type":"ListItem","position":2,"name":"Deux membres laur\u00e9ats des Victoires du Jazz 2020"}]},{"@type":"WebSite","@id":"https:\/\/www.grandsformats.com\/#website","url":"https:\/\/www.grandsformats.com\/","name":"Site officiel de la f\u00e9d\u00e9ration Grands Formats","description":"F\u00e9d\u00e9ration d&#039;artistes pour la musique en grand !","publisher":{"@id":"https:\/\/www.grandsformats.com\/#organization"},"potentialAction":[{"@type":"SearchAction","target":{"@type":"EntryPoint","urlTemplate":"https:\/\/www.grandsformats.com\/?s={search_term_string}"},"query-input":{"@type":"PropertyValueSpecification","valueRequired":true,"valueName":"search_term_string"}}],"inLanguage":"en-US"},{"@type":"Organization","@id":"https:\/\/www.grandsformats.com\/#organization","name":"Grands Formats","url":"https:\/\/www.grandsformats.com\/","logo":{"@type":"ImageObject","inLanguage":"en-US","@id":"https:\/\/www.grandsformats.com\/#\/schema\/logo\/image\/","url":"https:\/\/www.grandsformats.com\/wp-content\/uploads\/2020\/03\/logo-GF-200.png","contentUrl":"https:\/\/www.grandsformats.com\/wp-content\/uploads\/2020\/03\/logo-GF-200.png","width":155,"height":200,"caption":"Grands Formats"},"image":{"@id":"https:\/\/www.grandsformats.com\/#\/schema\/logo\/image\/"},"sameAs":["https:\/\/www.facebook.com\/grandsformats\/","https:\/\/x.com\/GrandsFormatsGF","https:\/\/www.instagram.com\/grandsformats\/","https:\/\/www.youtube.com\/channel\/UCJ7k9dbqc_DG-nxI3WMPvhw?view_as=subscriberhttps:\/\/www.youtube.com\/channel\/UCJ7k9dbqc_DG-nxI3WMPvhw?view_as=subscriber"]},{"@type":"Person","@id":"https:\/\/www.grandsformats.com\/#\/schema\/person\/6ecde7e38a2254b5bc9d620679208ee1","name":"Grands Formats","image":{"@type":"ImageObject","inLanguage":"en-US","@id":"https:\/\/www.grandsformats.com\/#\/schema\/person\/image\/","url":"https:\/\/secure.gravatar.com\/avatar\/5d06febf5ba4681bd17a251487132861b5339c2d72f789e59decf1c1b05d0078?s=96&d=mm&r=g","contentUrl":"https:\/\/secure.gravatar.com\/avatar\/5d06febf5ba4681bd17a251487132861b5339c2d72f789e59decf1c1b05d0078?s=96&d=mm&r=g","caption":"Grands Formats"},"url":"https:\/\/www.grandsformats.com\/en\/author\/margaux\/"}]}},"_links":{"self":[{"href":"https:\/\/www.grandsformats.com\/en\/wp-json\/wp\/v2\/posts\/14211","targetHints":{"allow":["GET"]}}],"collection":[{"href":"https:\/\/www.grandsformats.com\/en\/wp-json\/wp\/v2\/posts"}],"about":[{"href":"https:\/\/www.grandsformats.com\/en\/wp-json\/wp\/v2\/types\/post"}],"author":[{"embeddable":true,"href":"https:\/\/www.grandsformats.com\/en\/wp-json\/wp\/v2\/users\/2"}],"replies":[{"embeddable":true,"href":"https:\/\/www.grandsformats.com\/en\/wp-json\/wp\/v2\/comments?post=14211"}],"version-history":[{"count":0,"href":"https:\/\/www.grandsformats.com\/en\/wp-json\/wp\/v2\/posts\/14211\/revisions"}],"wp:featuredmedia":[{"embeddable":true,"href":"https:\/\/www.grandsformats.com\/en\/wp-json\/wp\/v2\/media\/13675"}],"wp:attachment":[{"href":"https:\/\/www.grandsformats.com\/en\/wp-json\/wp\/v2\/media?parent=14211"}],"wp:term":[{"taxonomy":"category","embeddable":true,"href":"https:\/\/www.grandsformats.com\/en\/wp-json\/wp\/v2\/categories?post=14211"},{"taxonomy":"post_tag","embeddable":true,"href":"https:\/\/www.grandsformats.com\/en\/wp-json\/wp\/v2\/tags?post=14211"}],"curies":[{"name":"wp","href":"https:\/\/api.w.org\/{rel}","templated":true}]}}