{"id":14198,"date":"2020-09-25T15:49:13","date_gmt":"2020-09-25T13:49:13","guid":{"rendered":"https:\/\/www.grandsformats.com\/?p=14198"},"modified":"2020-09-25T15:50:18","modified_gmt":"2020-09-25T13:50:18","slug":"presentation-du-credit-dimpot-spectacle-vivant-le-1er-octobre","status":"publish","type":"post","link":"https:\/\/www.grandsformats.com\/en\/2020\/09\/presentation-du-credit-dimpot-spectacle-vivant-le-1er-octobre\/","title":{"rendered":"Pr\u00e9sentation du cr\u00e9dit d&#8217;imp\u00f4t spectacle vivant le 1er octobre"},"content":{"rendered":"<h4>Le jeudi 1er octobre de 15h \u00e0 18h \u00e0 la Ferme du Buisson (Noisiel &#8211; 77)<\/h4>\n<p>Grands Formats organise dans le cadre de la <a href=\"https:\/\/www.grandsformats.com\/rentree-grands-formats-2020\/\">Rentr\u00e9e Grands Formats 2020<\/a> un atelier \u00e0 destination des membres des r\u00e9seaux et f\u00e9d\u00e9ration Grands Formats, Fevis, Futurs Compos\u00e9s et Allum\u00e9s du Jazz, sur le cr\u00e9dit d&#8217;imp\u00f4t spectacle vivant.<\/p>\n<p>Le cr\u00e9dit d\u2019imp\u00f4t spectacle vivant est un dispositif fiscal ayant pour objectif d\u2019aider les artistes et de renforcer leurs capacit\u00e9s d\u2019investissement dans de nouvelles productions.<\/p>\n<p>Ce dispositif compl\u00e8te, pour le spectacle vivant musical, le cr\u00e9dit d\u2019imp\u00f4t en faveur de la production phonographique.<\/p>\n<p><strong>C\u00e9cile Jeanpierre<\/strong>, charg\u00e9e de mission cr\u00e9dit d&#8217;imp\u00f4t \u00e0 la DGCA (Minist\u00e8re de la Culture), pr\u00e9sentera le fonctionnement de ce cr\u00e9dit d&#8217;imp\u00f4t et sa mise en application.<\/p>\n<p><strong>Informations pratiques :<br \/>\n<\/strong>L&#8217;atelier est gratuit sur inscription \u00e0 <a href=\"&#109;&#x61;&#x69;l&#116;&#x6f;:&#99;&#x6f;&#x6e;t&#97;&#x63;t&#64;&#x67;&#x72;a&#110;&#x64;s&#102;&#x6f;&#x72;&#109;&#97;&#x74;s&#46;&#x63;&#x6f;&#109;\">c<\/a><a href=\"&#x6d;&#x61;&#x69;&#x6c;&#116;&#111;&#58;&#99;ont&#x61;&#x63;&#x74;&#x40;&#x67;&#114;&#97;&#110;dsf&#x6f;&#x72;&#x6d;&#x61;&#x74;&#115;&#46;&#99;om\">&#x6f;&#110;&#x74;&#x61;&#99;&#x74;&#x40;&#103;&#x72;&#x61;&#110;&#x64;&#x73;f&#x6f;&#x72;m&#x61;&#116;s&#x2e;&#99;o&#x6d;<\/a>.<br \/>\nIl sera retransmis en direct en visioconf\u00e9rence zoom pour les personnes ne pouvant se rendre sur place.<br \/>\nL&#8217;atelier aura lieu au th\u00e9\u00e2tre de la <a href=\"https:\/\/www.lafermedubuisson.com\/\"><strong>Ferme du Buisson<\/strong><\/a> (All\u00e9e de la Ferme \u00e0 Noisiel &#8211; RER A Noisiel). Les participant\u00b7e\u00b7s sont invit\u00e9\u00b7e\u00b7s \u00e0 venir d\u00e8s 14h15 pour un accueil caf\u00e9\/th\u00e9 sur place.<\/p>\n<p>Seuls les membres des r\u00e9seaux et f\u00e9d\u00e9rations cit\u00e9s plus t\u00f4t peuvent b\u00e9n\u00e9ficier de l&#8217;atelier.<\/p>\n","protected":false},"excerpt":{"rendered":"<p>Le jeudi 1er octobre de 15h \u00e0 18h \u00e0 la Ferme du Buisson (Noisiel &#8211; 77) Grands Formats organise dans le cadre de la Rentr\u00e9e Grands Formats 2020 un atelier \u00e0 destination des membres des r\u00e9seaux et f\u00e9d\u00e9ration Grands Formats, Fevis, Futurs Compos\u00e9s et Allum\u00e9s du Jazz, sur le cr\u00e9dit d&#8217;imp\u00f4t spectacle vivant. Le cr\u00e9dit&#8230;<\/p>\n<p><a rel=\"bookmark\" class=\"theme-button-text wvc-button wvc-button-size-xs\" href=\"https:\/\/www.grandsformats.com\/en\/2020\/09\/presentation-du-credit-dimpot-spectacle-vivant-le-1er-octobre\/\"><small class=\"wvc-button-background-fill\"><\/small><span>Continue reading<\/span><\/a><\/p>\n","protected":false},"author":2,"featured_media":11985,"comment_status":"open","ping_status":"open","sticky":false,"template":"","format":"standard","meta":{"_acf_changed":false,"footnotes":""},"categories":[90,194,94],"tags":[],"class_list":["post-14198","post","type-post","status-publish","format-standard","has-post-thumbnail","hentry","category-grands-formats","category-evenements","category-ressources","entry-post-skin-light","entry","clearfix","entry-grid","entry-columns-default","entry-post-module-layout-sidebar-right","thumbnail-color-tone-dark","metro-landscape","entry-post","entry-masonry","entry-post-masonry"],"acf":[],"yoast_head":"<!-- This site is optimized with the Yoast SEO plugin v25.8 - https:\/\/yoast.com\/wordpress\/plugins\/seo\/ -->\n<title>Pr\u00e9sentation du cr\u00e9dit d&#039;imp\u00f4t spectacle vivant le 1er octobre - Site officiel de la f\u00e9d\u00e9ration Grands Formats<\/title>\n<meta name=\"robots\" content=\"index, follow, max-snippet:-1, max-image-preview:large, max-video-preview:-1\" \/>\n<link rel=\"canonical\" href=\"https:\/\/www.grandsformats.com\/2020\/09\/presentation-du-credit-dimpot-spectacle-vivant-le-1er-octobre\/\" \/>\n<meta property=\"og:locale\" content=\"en_US\" \/>\n<meta property=\"og:type\" content=\"article\" \/>\n<meta property=\"og:title\" content=\"Pr\u00e9sentation du cr\u00e9dit d&#039;imp\u00f4t spectacle vivant le 1er octobre - Site officiel de la f\u00e9d\u00e9ration Grands Formats\" \/>\n<meta property=\"og:description\" content=\"Le jeudi 1er octobre de 15h \u00e0 18h \u00e0 la Ferme du Buisson (Noisiel &#8211; 77) Grands Formats organise dans le cadre de la Rentr\u00e9e Grands Formats 2020 un atelier \u00e0 destination des membres des r\u00e9seaux et f\u00e9d\u00e9ration Grands Formats, Fevis, Futurs Compos\u00e9s et Allum\u00e9s du Jazz, sur le cr\u00e9dit d&#8217;imp\u00f4t spectacle vivant. Le cr\u00e9dit...Continue reading\" \/>\n<meta property=\"og:url\" content=\"https:\/\/www.grandsformats.com\/2020\/09\/presentation-du-credit-dimpot-spectacle-vivant-le-1er-octobre\/\" \/>\n<meta property=\"og:site_name\" content=\"Site officiel de la f\u00e9d\u00e9ration Grands Formats\" \/>\n<meta property=\"article:publisher\" content=\"https:\/\/www.facebook.com\/grandsformats\/\" \/>\n<meta property=\"article:published_time\" content=\"2020-09-25T13:49:13+00:00\" \/>\n<meta property=\"article:modified_time\" content=\"2020-09-25T13:50:18+00:00\" \/>\n<meta property=\"og:image\" content=\"https:\/\/www.grandsformats.com\/wp-content\/uploads\/2020\/04\/Egalite\u0301-femmes-hommes-1920x1080-1.jpg\" \/>\n\t<meta property=\"og:image:width\" content=\"1920\" \/>\n\t<meta property=\"og:image:height\" content=\"1080\" \/>\n\t<meta property=\"og:image:type\" content=\"image\/jpeg\" \/>\n<meta name=\"author\" content=\"Grands Formats\" \/>\n<meta name=\"twitter:card\" content=\"summary_large_image\" \/>\n<meta name=\"twitter:creator\" content=\"@GrandsFormatsGF\" \/>\n<meta name=\"twitter:site\" content=\"@GrandsFormatsGF\" \/>\n<meta name=\"twitter:label1\" content=\"Written by\" \/>\n\t<meta name=\"twitter:data1\" content=\"Grands Formats\" \/>\n\t<meta name=\"twitter:label2\" content=\"Est. reading time\" \/>\n\t<meta name=\"twitter:data2\" content=\"1 minute\" \/>\n<script type=\"application\/ld+json\" class=\"yoast-schema-graph\">{\"@context\":\"https:\/\/schema.org\",\"@graph\":[{\"@type\":\"Article\",\"@id\":\"https:\/\/www.grandsformats.com\/2020\/09\/presentation-du-credit-dimpot-spectacle-vivant-le-1er-octobre\/#article\",\"isPartOf\":{\"@id\":\"https:\/\/www.grandsformats.com\/2020\/09\/presentation-du-credit-dimpot-spectacle-vivant-le-1er-octobre\/\"},\"author\":{\"name\":\"Grands Formats\",\"@id\":\"https:\/\/www.grandsformats.com\/#\/schema\/person\/6ecde7e38a2254b5bc9d620679208ee1\"},\"headline\":\"Pr\u00e9sentation du cr\u00e9dit d&#8217;imp\u00f4t spectacle vivant le 1er octobre\",\"datePublished\":\"2020-09-25T13:49:13+00:00\",\"dateModified\":\"2020-09-25T13:50:18+00:00\",\"mainEntityOfPage\":{\"@id\":\"https:\/\/www.grandsformats.com\/2020\/09\/presentation-du-credit-dimpot-spectacle-vivant-le-1er-octobre\/\"},\"wordCount\":250,\"commentCount\":0,\"publisher\":{\"@id\":\"https:\/\/www.grandsformats.com\/#organization\"},\"image\":{\"@id\":\"https:\/\/www.grandsformats.com\/2020\/09\/presentation-du-credit-dimpot-spectacle-vivant-le-1er-octobre\/#primaryimage\"},\"thumbnailUrl\":\"https:\/\/www.grandsformats.com\/wp-content\/uploads\/2020\/04\/Egalite\u0301-femmes-hommes-1920x1080-1.jpg\",\"articleSection\":[\"Actus de la f\u00e9d\u00e9\",\"Ev\u00e8nements\",\"Ressources\"],\"inLanguage\":\"en-US\",\"potentialAction\":[{\"@type\":\"CommentAction\",\"name\":\"Comment\",\"target\":[\"https:\/\/www.grandsformats.com\/2020\/09\/presentation-du-credit-dimpot-spectacle-vivant-le-1er-octobre\/#respond\"]}]},{\"@type\":\"WebPage\",\"@id\":\"https:\/\/www.grandsformats.com\/2020\/09\/presentation-du-credit-dimpot-spectacle-vivant-le-1er-octobre\/\",\"url\":\"https:\/\/www.grandsformats.com\/2020\/09\/presentation-du-credit-dimpot-spectacle-vivant-le-1er-octobre\/\",\"name\":\"Pr\u00e9sentation du cr\u00e9dit d'imp\u00f4t spectacle vivant le 1er octobre - Site officiel de la f\u00e9d\u00e9ration Grands Formats\",\"isPartOf\":{\"@id\":\"https:\/\/www.grandsformats.com\/#website\"},\"primaryImageOfPage\":{\"@id\":\"https:\/\/www.grandsformats.com\/2020\/09\/presentation-du-credit-dimpot-spectacle-vivant-le-1er-octobre\/#primaryimage\"},\"image\":{\"@id\":\"https:\/\/www.grandsformats.com\/2020\/09\/presentation-du-credit-dimpot-spectacle-vivant-le-1er-octobre\/#primaryimage\"},\"thumbnailUrl\":\"https:\/\/www.grandsformats.com\/wp-content\/uploads\/2020\/04\/Egalite\u0301-femmes-hommes-1920x1080-1.jpg\",\"datePublished\":\"2020-09-25T13:49:13+00:00\",\"dateModified\":\"2020-09-25T13:50:18+00:00\",\"breadcrumb\":{\"@id\":\"https:\/\/www.grandsformats.com\/2020\/09\/presentation-du-credit-dimpot-spectacle-vivant-le-1er-octobre\/#breadcrumb\"},\"inLanguage\":\"en-US\",\"potentialAction\":[{\"@type\":\"ReadAction\",\"target\":[\"https:\/\/www.grandsformats.com\/2020\/09\/presentation-du-credit-dimpot-spectacle-vivant-le-1er-octobre\/\"]}]},{\"@type\":\"ImageObject\",\"inLanguage\":\"en-US\",\"@id\":\"https:\/\/www.grandsformats.com\/2020\/09\/presentation-du-credit-dimpot-spectacle-vivant-le-1er-octobre\/#primaryimage\",\"url\":\"https:\/\/www.grandsformats.com\/wp-content\/uploads\/2020\/04\/Egalite\u0301-femmes-hommes-1920x1080-1.jpg\",\"contentUrl\":\"https:\/\/www.grandsformats.com\/wp-content\/uploads\/2020\/04\/Egalite\u0301-femmes-hommes-1920x1080-1.jpg\",\"width\":1920,\"height\":1080,\"caption\":\"\u00a9 Grands Formats\"},{\"@type\":\"BreadcrumbList\",\"@id\":\"https:\/\/www.grandsformats.com\/2020\/09\/presentation-du-credit-dimpot-spectacle-vivant-le-1er-octobre\/#breadcrumb\",\"itemListElement\":[{\"@type\":\"ListItem\",\"position\":1,\"name\":\"Accueil\",\"item\":\"https:\/\/www.grandsformats.com\/en\/\"},{\"@type\":\"ListItem\",\"position\":2,\"name\":\"Pr\u00e9sentation du cr\u00e9dit d&rsquo;imp\u00f4t spectacle vivant le 1er octobre\"}]},{\"@type\":\"WebSite\",\"@id\":\"https:\/\/www.grandsformats.com\/#website\",\"url\":\"https:\/\/www.grandsformats.com\/\",\"name\":\"Site officiel de la f\u00e9d\u00e9ration Grands Formats\",\"description\":\"F\u00e9d\u00e9ration d&#039;artistes pour la musique en grand !\",\"publisher\":{\"@id\":\"https:\/\/www.grandsformats.com\/#organization\"},\"potentialAction\":[{\"@type\":\"SearchAction\",\"target\":{\"@type\":\"EntryPoint\",\"urlTemplate\":\"https:\/\/www.grandsformats.com\/?s={search_term_string}\"},\"query-input\":{\"@type\":\"PropertyValueSpecification\",\"valueRequired\":true,\"valueName\":\"search_term_string\"}}],\"inLanguage\":\"en-US\"},{\"@type\":\"Organization\",\"@id\":\"https:\/\/www.grandsformats.com\/#organization\",\"name\":\"Grands Formats\",\"url\":\"https:\/\/www.grandsformats.com\/\",\"logo\":{\"@type\":\"ImageObject\",\"inLanguage\":\"en-US\",\"@id\":\"https:\/\/www.grandsformats.com\/#\/schema\/logo\/image\/\",\"url\":\"https:\/\/www.grandsformats.com\/wp-content\/uploads\/2020\/03\/logo-GF-200.png\",\"contentUrl\":\"https:\/\/www.grandsformats.com\/wp-content\/uploads\/2020\/03\/logo-GF-200.png\",\"width\":155,\"height\":200,\"caption\":\"Grands Formats\"},\"image\":{\"@id\":\"https:\/\/www.grandsformats.com\/#\/schema\/logo\/image\/\"},\"sameAs\":[\"https:\/\/www.facebook.com\/grandsformats\/\",\"https:\/\/x.com\/GrandsFormatsGF\",\"https:\/\/www.instagram.com\/grandsformats\/\",\"https:\/\/www.youtube.com\/channel\/UCJ7k9dbqc_DG-nxI3WMPvhw?view_as=subscriberhttps:\/\/www.youtube.com\/channel\/UCJ7k9dbqc_DG-nxI3WMPvhw?view_as=subscriber\"]},{\"@type\":\"Person\",\"@id\":\"https:\/\/www.grandsformats.com\/#\/schema\/person\/6ecde7e38a2254b5bc9d620679208ee1\",\"name\":\"Grands Formats\",\"image\":{\"@type\":\"ImageObject\",\"inLanguage\":\"en-US\",\"@id\":\"https:\/\/www.grandsformats.com\/#\/schema\/person\/image\/\",\"url\":\"https:\/\/secure.gravatar.com\/avatar\/5d06febf5ba4681bd17a251487132861b5339c2d72f789e59decf1c1b05d0078?s=96&d=mm&r=g\",\"contentUrl\":\"https:\/\/secure.gravatar.com\/avatar\/5d06febf5ba4681bd17a251487132861b5339c2d72f789e59decf1c1b05d0078?s=96&d=mm&r=g\",\"caption\":\"Grands Formats\"},\"url\":\"https:\/\/www.grandsformats.com\/en\/author\/margaux\/\"}]}<\/script>\n<!-- \/ Yoast SEO plugin. -->","yoast_head_json":{"title":"Pr\u00e9sentation du cr\u00e9dit d'imp\u00f4t spectacle vivant le 1er octobre - Site officiel de la f\u00e9d\u00e9ration Grands Formats","robots":{"index":"index","follow":"follow","max-snippet":"max-snippet:-1","max-image-preview":"max-image-preview:large","max-video-preview":"max-video-preview:-1"},"canonical":"https:\/\/www.grandsformats.com\/2020\/09\/presentation-du-credit-dimpot-spectacle-vivant-le-1er-octobre\/","og_locale":"en_US","og_type":"article","og_title":"Pr\u00e9sentation du cr\u00e9dit d'imp\u00f4t spectacle vivant le 1er octobre - Site officiel de la f\u00e9d\u00e9ration Grands Formats","og_description":"Le jeudi 1er octobre de 15h \u00e0 18h \u00e0 la Ferme du Buisson (Noisiel &#8211; 77) Grands Formats organise dans le cadre de la Rentr\u00e9e Grands Formats 2020 un atelier \u00e0 destination des membres des r\u00e9seaux et f\u00e9d\u00e9ration Grands Formats, Fevis, Futurs Compos\u00e9s et Allum\u00e9s du Jazz, sur le cr\u00e9dit d&#8217;imp\u00f4t spectacle vivant. Le cr\u00e9dit...Continue reading","og_url":"https:\/\/www.grandsformats.com\/2020\/09\/presentation-du-credit-dimpot-spectacle-vivant-le-1er-octobre\/","og_site_name":"Site officiel de la f\u00e9d\u00e9ration Grands Formats","article_publisher":"https:\/\/www.facebook.com\/grandsformats\/","article_published_time":"2020-09-25T13:49:13+00:00","article_modified_time":"2020-09-25T13:50:18+00:00","og_image":[{"width":1920,"height":1080,"url":"https:\/\/www.grandsformats.com\/wp-content\/uploads\/2020\/04\/Egalite\u0301-femmes-hommes-1920x1080-1.jpg","type":"image\/jpeg"}],"author":"Grands Formats","twitter_card":"summary_large_image","twitter_creator":"@GrandsFormatsGF","twitter_site":"@GrandsFormatsGF","twitter_misc":{"Written by":"Grands Formats","Est. reading time":"1 minute"},"schema":{"@context":"https:\/\/schema.org","@graph":[{"@type":"Article","@id":"https:\/\/www.grandsformats.com\/2020\/09\/presentation-du-credit-dimpot-spectacle-vivant-le-1er-octobre\/#article","isPartOf":{"@id":"https:\/\/www.grandsformats.com\/2020\/09\/presentation-du-credit-dimpot-spectacle-vivant-le-1er-octobre\/"},"author":{"name":"Grands Formats","@id":"https:\/\/www.grandsformats.com\/#\/schema\/person\/6ecde7e38a2254b5bc9d620679208ee1"},"headline":"Pr\u00e9sentation du cr\u00e9dit d&#8217;imp\u00f4t spectacle vivant le 1er octobre","datePublished":"2020-09-25T13:49:13+00:00","dateModified":"2020-09-25T13:50:18+00:00","mainEntityOfPage":{"@id":"https:\/\/www.grandsformats.com\/2020\/09\/presentation-du-credit-dimpot-spectacle-vivant-le-1er-octobre\/"},"wordCount":250,"commentCount":0,"publisher":{"@id":"https:\/\/www.grandsformats.com\/#organization"},"image":{"@id":"https:\/\/www.grandsformats.com\/2020\/09\/presentation-du-credit-dimpot-spectacle-vivant-le-1er-octobre\/#primaryimage"},"thumbnailUrl":"https:\/\/www.grandsformats.com\/wp-content\/uploads\/2020\/04\/Egalite\u0301-femmes-hommes-1920x1080-1.jpg","articleSection":["Actus de la f\u00e9d\u00e9","Ev\u00e8nements","Ressources"],"inLanguage":"en-US","potentialAction":[{"@type":"CommentAction","name":"Comment","target":["https:\/\/www.grandsformats.com\/2020\/09\/presentation-du-credit-dimpot-spectacle-vivant-le-1er-octobre\/#respond"]}]},{"@type":"WebPage","@id":"https:\/\/www.grandsformats.com\/2020\/09\/presentation-du-credit-dimpot-spectacle-vivant-le-1er-octobre\/","url":"https:\/\/www.grandsformats.com\/2020\/09\/presentation-du-credit-dimpot-spectacle-vivant-le-1er-octobre\/","name":"Pr\u00e9sentation du cr\u00e9dit d'imp\u00f4t spectacle vivant le 1er octobre - Site officiel de la f\u00e9d\u00e9ration Grands Formats","isPartOf":{"@id":"https:\/\/www.grandsformats.com\/#website"},"primaryImageOfPage":{"@id":"https:\/\/www.grandsformats.com\/2020\/09\/presentation-du-credit-dimpot-spectacle-vivant-le-1er-octobre\/#primaryimage"},"image":{"@id":"https:\/\/www.grandsformats.com\/2020\/09\/presentation-du-credit-dimpot-spectacle-vivant-le-1er-octobre\/#primaryimage"},"thumbnailUrl":"https:\/\/www.grandsformats.com\/wp-content\/uploads\/2020\/04\/Egalite\u0301-femmes-hommes-1920x1080-1.jpg","datePublished":"2020-09-25T13:49:13+00:00","dateModified":"2020-09-25T13:50:18+00:00","breadcrumb":{"@id":"https:\/\/www.grandsformats.com\/2020\/09\/presentation-du-credit-dimpot-spectacle-vivant-le-1er-octobre\/#breadcrumb"},"inLanguage":"en-US","potentialAction":[{"@type":"ReadAction","target":["https:\/\/www.grandsformats.com\/2020\/09\/presentation-du-credit-dimpot-spectacle-vivant-le-1er-octobre\/"]}]},{"@type":"ImageObject","inLanguage":"en-US","@id":"https:\/\/www.grandsformats.com\/2020\/09\/presentation-du-credit-dimpot-spectacle-vivant-le-1er-octobre\/#primaryimage","url":"https:\/\/www.grandsformats.com\/wp-content\/uploads\/2020\/04\/Egalite\u0301-femmes-hommes-1920x1080-1.jpg","contentUrl":"https:\/\/www.grandsformats.com\/wp-content\/uploads\/2020\/04\/Egalite\u0301-femmes-hommes-1920x1080-1.jpg","width":1920,"height":1080,"caption":"\u00a9 Grands Formats"},{"@type":"BreadcrumbList","@id":"https:\/\/www.grandsformats.com\/2020\/09\/presentation-du-credit-dimpot-spectacle-vivant-le-1er-octobre\/#breadcrumb","itemListElement":[{"@type":"ListItem","position":1,"name":"Accueil","item":"https:\/\/www.grandsformats.com\/en\/"},{"@type":"ListItem","position":2,"name":"Pr\u00e9sentation du cr\u00e9dit d&rsquo;imp\u00f4t spectacle vivant le 1er octobre"}]},{"@type":"WebSite","@id":"https:\/\/www.grandsformats.com\/#website","url":"https:\/\/www.grandsformats.com\/","name":"Site officiel de la f\u00e9d\u00e9ration Grands Formats","description":"F\u00e9d\u00e9ration d&#039;artistes pour la musique en grand !","publisher":{"@id":"https:\/\/www.grandsformats.com\/#organization"},"potentialAction":[{"@type":"SearchAction","target":{"@type":"EntryPoint","urlTemplate":"https:\/\/www.grandsformats.com\/?s={search_term_string}"},"query-input":{"@type":"PropertyValueSpecification","valueRequired":true,"valueName":"search_term_string"}}],"inLanguage":"en-US"},{"@type":"Organization","@id":"https:\/\/www.grandsformats.com\/#organization","name":"Grands Formats","url":"https:\/\/www.grandsformats.com\/","logo":{"@type":"ImageObject","inLanguage":"en-US","@id":"https:\/\/www.grandsformats.com\/#\/schema\/logo\/image\/","url":"https:\/\/www.grandsformats.com\/wp-content\/uploads\/2020\/03\/logo-GF-200.png","contentUrl":"https:\/\/www.grandsformats.com\/wp-content\/uploads\/2020\/03\/logo-GF-200.png","width":155,"height":200,"caption":"Grands Formats"},"image":{"@id":"https:\/\/www.grandsformats.com\/#\/schema\/logo\/image\/"},"sameAs":["https:\/\/www.facebook.com\/grandsformats\/","https:\/\/x.com\/GrandsFormatsGF","https:\/\/www.instagram.com\/grandsformats\/","https:\/\/www.youtube.com\/channel\/UCJ7k9dbqc_DG-nxI3WMPvhw?view_as=subscriberhttps:\/\/www.youtube.com\/channel\/UCJ7k9dbqc_DG-nxI3WMPvhw?view_as=subscriber"]},{"@type":"Person","@id":"https:\/\/www.grandsformats.com\/#\/schema\/person\/6ecde7e38a2254b5bc9d620679208ee1","name":"Grands Formats","image":{"@type":"ImageObject","inLanguage":"en-US","@id":"https:\/\/www.grandsformats.com\/#\/schema\/person\/image\/","url":"https:\/\/secure.gravatar.com\/avatar\/5d06febf5ba4681bd17a251487132861b5339c2d72f789e59decf1c1b05d0078?s=96&d=mm&r=g","contentUrl":"https:\/\/secure.gravatar.com\/avatar\/5d06febf5ba4681bd17a251487132861b5339c2d72f789e59decf1c1b05d0078?s=96&d=mm&r=g","caption":"Grands Formats"},"url":"https:\/\/www.grandsformats.com\/en\/author\/margaux\/"}]}},"_links":{"self":[{"href":"https:\/\/www.grandsformats.com\/en\/wp-json\/wp\/v2\/posts\/14198","targetHints":{"allow":["GET"]}}],"collection":[{"href":"https:\/\/www.grandsformats.com\/en\/wp-json\/wp\/v2\/posts"}],"about":[{"href":"https:\/\/www.grandsformats.com\/en\/wp-json\/wp\/v2\/types\/post"}],"author":[{"embeddable":true,"href":"https:\/\/www.grandsformats.com\/en\/wp-json\/wp\/v2\/users\/2"}],"replies":[{"embeddable":true,"href":"https:\/\/www.grandsformats.com\/en\/wp-json\/wp\/v2\/comments?post=14198"}],"version-history":[{"count":0,"href":"https:\/\/www.grandsformats.com\/en\/wp-json\/wp\/v2\/posts\/14198\/revisions"}],"wp:featuredmedia":[{"embeddable":true,"href":"https:\/\/www.grandsformats.com\/en\/wp-json\/wp\/v2\/media\/11985"}],"wp:attachment":[{"href":"https:\/\/www.grandsformats.com\/en\/wp-json\/wp\/v2\/media?parent=14198"}],"wp:term":[{"taxonomy":"category","embeddable":true,"href":"https:\/\/www.grandsformats.com\/en\/wp-json\/wp\/v2\/categories?post=14198"},{"taxonomy":"post_tag","embeddable":true,"href":"https:\/\/www.grandsformats.com\/en\/wp-json\/wp\/v2\/tags?post=14198"}],"curies":[{"name":"wp","href":"https:\/\/api.w.org\/{rel}","templated":true}]}}