{"id":14141,"date":"2020-09-09T11:41:20","date_gmt":"2020-09-09T09:41:20","guid":{"rendered":"https:\/\/www.grandsformats.com\/?p=14141"},"modified":"2020-09-10T10:29:55","modified_gmt":"2020-09-10T08:29:55","slug":"quelles-politiques-culturelles-face-a-la-crise-sociale-a-venir","status":"publish","type":"post","link":"https:\/\/www.grandsformats.com\/en\/2020\/09\/quelles-politiques-culturelles-face-a-la-crise-sociale-a-venir\/","title":{"rendered":"Quelles politiques culturelles face \u00e0 la crise sociale \u00e0 venir ?"},"content":{"rendered":"<div class=\"\">S&#8217;il est toujours p\u00e9rilleux de se lancer dans un exercice de prospective dans un contexte troubl\u00e9 comme celui que nous subissons, il est peut \u00eatre raisonnable de penser que, sans une r\u00e9orientation radicale de l&#8217;action publique, notre soci\u00e9t\u00e9 sera confront\u00e9e demain \u00e0 un accroissement massif des in\u00e9galit\u00e9s \u00e9conomiques et sociales avec, pour cons\u00e9quence, un renforcement des d\u00e9terminismes sociaux.<br class=\"\" \/><br class=\"\" \/>Dans ce contexte, il est peut \u00eatre souhaitable d&#8217;interroger la place des politiques culturelles et leurs capacit\u00e9s \u00e0 r\u00e9duire l&#8217;emballement des in\u00e9galit\u00e9s que nous subirons \u00e0 court terme.<br class=\"\" \/><br class=\"\" \/>Si le soutien \u00e0 la production des \u0153uvres repr\u00e9sente un axe presque \u00ab naturel \u00bb des politiques publiques, que ce soit pour d\u00e9montrer le bon go\u00fbt du Prince ou plus l\u00e9gitimement pour lutter contre l&#8217;homog\u00e9n\u00e9isation des \u0153uvres induite par les industries culturelles et la marchandisation des oeuvres, il nous semble pertinent d&#8217;interroger l&#8217;\u00e9quilibre entre politique de soutien \u00e0 la cr\u00e9ation, que l&#8217;on pourrait qualifier de politique de l&#8217;offre pour reprendre une terminologie d&#8217;\u00e9conomistes, et les politiques ayants pour objectifs de favoriser la demande d&#8217;oeuvres et de pratiques artistiques au sein de la population.<\/div>\n<div class=\"\"><br class=\"\" \/>Si les donn\u00e9es relatives \u00e0 la sociologie des publics dans le champ du jazz et des musiques improvis\u00e9es manquent cruellement, il est raisonnable de penser que des freins nombreux entravent la capacit\u00e9 d&#8217;acc\u00e8s aux \u0153uvres et\u00a0aux pratiques dans de larges pans de la population.<br class=\"\" \/><br class=\"\" \/>Le frein financier, \u00e9vident. Les freins symboliques, le \u00ab ce n&#8217;est pas pour moi \u00bb si difficile \u00e0 contrer. Les entraves \u00e0 la mobilit\u00e9 qui rendent les \u00e9quipements inaccessibles \u00e0 une partie de la population habitant dans des zones\u00a0rurales ou p\u00e9riurbaines. Le genre, \u00ab la basse, est ce vraiment un instrument pour les filles ? \u00bb, les difficult\u00e9s d&#8217;acc\u00e8s au num\u00e9rique, dont les cons\u00e9quences criantes ont \u00e9t\u00e9 r\u00e9v\u00e9l\u00e9es par les in\u00e9galit\u00e9s d&#8217;acc\u00e8s aux espaces\u00a0num\u00e9riques de travail de l&#8217;\u00e9ducation nationale pendant le confinement.<br class=\"\" \/><br class=\"\" \/>\u00c0 ces freins se cumulent des orientations de politiques publiques qui ne portent pas toujours pour principale ambition l&#8217;acc\u00e8s de tous et toutes aux \u0153uvres et aux pratiques. Des politiques culturelles locales qui favorisent parfois \u00ab l&#8217;attractivit\u00e9 \u00bb et le \u00ab rayonnement \u00bb au d\u00e9triment du souci de l&#8217;int\u00e9r\u00eat g\u00e9n\u00e9ral, un nouveau management public qui structure l&#8217;action publique par le biais d&#8217;agences, affaiblissant les administrations centrales et les services\u00a0\u00a0d\u00e9concentr\u00e9s de l&#8217;Etat, une tendance \u00e0 la diff\u00e9renciation et \u00e0 la d\u00e9centralisation qui n&#8217;est pas toujours accompagn\u00e9e par le transfert des ressources fiscales de l&#8217;\u00e9tat vers les collectivit\u00e9s, les logiques d&#8217;appels \u00e0 projet au d\u00e9triment d&#8217;une action publique s&#8217;inscrivant dans le temps long, la promotion du m\u00e9c\u00e9nat en substitution de l&#8217;intervention publique qui gr\u00e8ve les finances publiques tout en transf\u00e9rant \u00e0 des op\u00e9rateurs priv\u00e9s la d\u00e9finition de l&#8217;int\u00e9r\u00eat g\u00e9n\u00e9ral.<br class=\"\" \/><br class=\"\" \/>En cette p\u00e9riode difficile, il nous semble souhaitable de mettre la question du rapport que la population entretient avec les \u0153uvres et les pratiques au centre de l&#8217;action de l&#8217;Etat et des collectivit\u00e9s dans le champ artistique.<br class=\"\" \/><br class=\"\" \/>S&#8217;est construit ces derni\u00e8res d\u00e9cennies un corpus juridique qui engage la puissance publique et les op\u00e9rateurs soutenus par celle-ci, du pacte des droits \u00e9conomiques, sociaux et culturels adopt\u00e9e par l&#8217;assembl\u00e9e g\u00e9n\u00e9rale de l&#8217;ONU en 1966 \u00e0 la convention de l&#8217;UNESCO de 2005, en passant par les \u00e9l\u00e9ments relatifs aux droits culturels int\u00e9gr\u00e9s dans la loi Notre et la Loi LCAP.<br class=\"\" \/><br class=\"\" \/>L&#8217;approfondissement des interactions entre les op\u00e9rateurs culturels soutenus par la puissance publique et les acteurs des sph\u00e8res \u00e9ducatives et sociales constitue probablement l&#8217;un des principaux leviers \u00e0 mobiliser afin de garantir \u00e0 toutes et tous la participation \u00e0 la vie artistique.<br class=\"\" \/>\u00a0<br class=\"\" \/>R\u00e9duire les d\u00e9terminismes sociaux et leurs cons\u00e9quences en mati\u00e8re d&#8217;in\u00e9galit\u00e9s d&#8217;acc\u00e8s aux \u0153uvres et aux pratiques artistiques constitue, selon nous, une ambition qui devrait \u00eatre au c\u0153ur de l&#8217;action d&#8217;un v\u00e9ritable service\u00a0public de la culture.<br class=\"\" \/><br class=\"\" \/>Ces questions, et bien d&#8217;autres, seront d\u00e9battues \u00e0 l&#8217;occasion du lancement de la <a href=\"https:\/\/www.grandsformats.com\/rentree-grands-formats-2020\/\">Rentr\u00e9e Grands Formats<\/a>, et notamment \u00e0 l\u2019occasion de la <a href=\"https:\/\/www.facebook.com\/events\/1375890616097476?acontext=%7B%22action_history%22%3A[%7B%22surface%22%3A%22page%22%2C%22mechanism%22%3A%22page_admin_bar%22%2C%22extra_data%22%3A%22%7B%5C%22page_id%5C%22%3A273519992664670%7D%22%7D%2C%7B%22surface%22%3A%22events_admin_tool%22%2C%22mechanism%22%3A%22events_admin_tool%22%2C%22extra_data%22%3A%22[]%22%7D]%2C%22has_source%22%3Atrue%7D\">rencontre professionnelle<\/a> &#8220;Renouer avec les publics apr\u00e8s la crise&#8221; du 02 octobre apr\u00e8s-midi \u00e0 la Ferme du Buisson \u00e0 Noisiel, \u00e0 laquelle chacun d\u2019entre vous est invit\u00e9.<br class=\"\" \/><br class=\"\" \/>Pour le <a href=\"https:\/\/www.grandsformats.com\/artist\/capsul-collectif\/\">Capsul Collectif<\/a>,<br class=\"\" \/>\u2028Arnaud Fi\u00e8vre, coordinateur du Capsul Collectif et membre du Conseil d\u2019Administration de Grands Formats<\/div>\n<div>\n<p class=\"p1\"><span class=\"s1 caption\">\u00a9 DR<\/span><\/p>\n<\/div>\n","protected":false},"excerpt":{"rendered":"<p>S&#8217;il est toujours p\u00e9rilleux de se lancer dans un exercice de prospective dans un contexte troubl\u00e9 comme celui que nous subissons, il est peut \u00eatre raisonnable de penser que, sans une r\u00e9orientation radicale de l&#8217;action publique, notre soci\u00e9t\u00e9 sera confront\u00e9e demain \u00e0 un accroissement massif des in\u00e9galit\u00e9s \u00e9conomiques et sociales avec, pour cons\u00e9quence, un renforcement&#8230;<\/p>\n<p><a rel=\"bookmark\" class=\"theme-button-text wvc-button wvc-button-size-xs\" href=\"https:\/\/www.grandsformats.com\/en\/2020\/09\/quelles-politiques-culturelles-face-a-la-crise-sociale-a-venir\/\"><small class=\"wvc-button-background-fill\"><\/small><span>Continue reading<\/span><\/a><\/p>\n","protected":false},"author":2,"featured_media":13937,"comment_status":"open","ping_status":"open","sticky":false,"template":"","format":"standard","meta":{"_acf_changed":false,"footnotes":""},"categories":[722,224],"tags":[],"class_list":["post-14141","post","type-post","status-publish","format-standard","has-post-thumbnail","hentry","category-capsul-collectif","category-tribunes","entry-post-skin-light","entry","clearfix","entry-grid","entry-columns-default","entry-post-module-layout-sidebar-right","thumbnail-color-tone-dark","metro-landscape","entry-post","entry-masonry","entry-post-masonry"],"acf":[],"yoast_head":"<!-- This site is optimized with the Yoast SEO plugin v25.8 - https:\/\/yoast.com\/wordpress\/plugins\/seo\/ -->\n<title>Quelles politiques culturelles face \u00e0 la crise sociale \u00e0 venir ? - Site officiel de la f\u00e9d\u00e9ration Grands Formats<\/title>\n<meta name=\"robots\" content=\"index, follow, max-snippet:-1, max-image-preview:large, max-video-preview:-1\" \/>\n<link rel=\"canonical\" href=\"https:\/\/www.grandsformats.com\/2020\/09\/quelles-politiques-culturelles-face-a-la-crise-sociale-a-venir\/\" \/>\n<meta property=\"og:locale\" content=\"en_US\" \/>\n<meta property=\"og:type\" content=\"article\" \/>\n<meta property=\"og:title\" content=\"Quelles politiques culturelles face \u00e0 la crise sociale \u00e0 venir ? - Site officiel de la f\u00e9d\u00e9ration Grands Formats\" \/>\n<meta property=\"og:description\" content=\"S&#8217;il est toujours p\u00e9rilleux de se lancer dans un exercice de prospective dans un contexte troubl\u00e9 comme celui que nous subissons, il est peut \u00eatre raisonnable de penser que, sans une r\u00e9orientation radicale de l&#8217;action publique, notre soci\u00e9t\u00e9 sera confront\u00e9e demain \u00e0 un accroissement massif des in\u00e9galit\u00e9s \u00e9conomiques et sociales avec, pour cons\u00e9quence, un renforcement...Continue reading\" \/>\n<meta property=\"og:url\" content=\"https:\/\/www.grandsformats.com\/2020\/09\/quelles-politiques-culturelles-face-a-la-crise-sociale-a-venir\/\" \/>\n<meta property=\"og:site_name\" content=\"Site officiel de la f\u00e9d\u00e9ration Grands Formats\" \/>\n<meta property=\"article:publisher\" content=\"https:\/\/www.facebook.com\/grandsformats\/\" \/>\n<meta property=\"article:published_time\" content=\"2020-09-09T09:41:20+00:00\" \/>\n<meta property=\"article:modified_time\" content=\"2020-09-10T08:29:55+00:00\" \/>\n<meta property=\"og:image\" content=\"https:\/\/www.grandsformats.com\/wp-content\/uploads\/2020\/07\/SiteinternetGF.jpg\" \/>\n\t<meta property=\"og:image:width\" content=\"1244\" \/>\n\t<meta property=\"og:image:height\" content=\"700\" \/>\n\t<meta property=\"og:image:type\" content=\"image\/jpeg\" \/>\n<meta name=\"author\" content=\"Grands Formats\" \/>\n<meta name=\"twitter:card\" content=\"summary_large_image\" \/>\n<meta name=\"twitter:creator\" content=\"@GrandsFormatsGF\" \/>\n<meta name=\"twitter:site\" content=\"@GrandsFormatsGF\" \/>\n<meta name=\"twitter:label1\" content=\"Written by\" \/>\n\t<meta name=\"twitter:data1\" content=\"Grands Formats\" \/>\n\t<meta name=\"twitter:label2\" content=\"Est. reading time\" \/>\n\t<meta name=\"twitter:data2\" content=\"4 minutes\" \/>\n<script type=\"application\/ld+json\" class=\"yoast-schema-graph\">{\"@context\":\"https:\/\/schema.org\",\"@graph\":[{\"@type\":\"Article\",\"@id\":\"https:\/\/www.grandsformats.com\/2020\/09\/quelles-politiques-culturelles-face-a-la-crise-sociale-a-venir\/#article\",\"isPartOf\":{\"@id\":\"https:\/\/www.grandsformats.com\/2020\/09\/quelles-politiques-culturelles-face-a-la-crise-sociale-a-venir\/\"},\"author\":{\"name\":\"Grands Formats\",\"@id\":\"https:\/\/www.grandsformats.com\/#\/schema\/person\/6ecde7e38a2254b5bc9d620679208ee1\"},\"headline\":\"Quelles politiques culturelles face \u00e0 la crise sociale \u00e0 venir ?\",\"datePublished\":\"2020-09-09T09:41:20+00:00\",\"dateModified\":\"2020-09-10T08:29:55+00:00\",\"mainEntityOfPage\":{\"@id\":\"https:\/\/www.grandsformats.com\/2020\/09\/quelles-politiques-culturelles-face-a-la-crise-sociale-a-venir\/\"},\"wordCount\":791,\"commentCount\":0,\"publisher\":{\"@id\":\"https:\/\/www.grandsformats.com\/#organization\"},\"image\":{\"@id\":\"https:\/\/www.grandsformats.com\/2020\/09\/quelles-politiques-culturelles-face-a-la-crise-sociale-a-venir\/#primaryimage\"},\"thumbnailUrl\":\"https:\/\/www.grandsformats.com\/wp-content\/uploads\/2020\/07\/SiteinternetGF.jpg\",\"articleSection\":[\"Capsul Collectif\",\"Tribunes\"],\"inLanguage\":\"en-US\",\"potentialAction\":[{\"@type\":\"CommentAction\",\"name\":\"Comment\",\"target\":[\"https:\/\/www.grandsformats.com\/2020\/09\/quelles-politiques-culturelles-face-a-la-crise-sociale-a-venir\/#respond\"]}]},{\"@type\":\"WebPage\",\"@id\":\"https:\/\/www.grandsformats.com\/2020\/09\/quelles-politiques-culturelles-face-a-la-crise-sociale-a-venir\/\",\"url\":\"https:\/\/www.grandsformats.com\/2020\/09\/quelles-politiques-culturelles-face-a-la-crise-sociale-a-venir\/\",\"name\":\"Quelles politiques culturelles face \u00e0 la crise sociale \u00e0 venir ? - Site officiel de la f\u00e9d\u00e9ration Grands Formats\",\"isPartOf\":{\"@id\":\"https:\/\/www.grandsformats.com\/#website\"},\"primaryImageOfPage\":{\"@id\":\"https:\/\/www.grandsformats.com\/2020\/09\/quelles-politiques-culturelles-face-a-la-crise-sociale-a-venir\/#primaryimage\"},\"image\":{\"@id\":\"https:\/\/www.grandsformats.com\/2020\/09\/quelles-politiques-culturelles-face-a-la-crise-sociale-a-venir\/#primaryimage\"},\"thumbnailUrl\":\"https:\/\/www.grandsformats.com\/wp-content\/uploads\/2020\/07\/SiteinternetGF.jpg\",\"datePublished\":\"2020-09-09T09:41:20+00:00\",\"dateModified\":\"2020-09-10T08:29:55+00:00\",\"breadcrumb\":{\"@id\":\"https:\/\/www.grandsformats.com\/2020\/09\/quelles-politiques-culturelles-face-a-la-crise-sociale-a-venir\/#breadcrumb\"},\"inLanguage\":\"en-US\",\"potentialAction\":[{\"@type\":\"ReadAction\",\"target\":[\"https:\/\/www.grandsformats.com\/2020\/09\/quelles-politiques-culturelles-face-a-la-crise-sociale-a-venir\/\"]}]},{\"@type\":\"ImageObject\",\"inLanguage\":\"en-US\",\"@id\":\"https:\/\/www.grandsformats.com\/2020\/09\/quelles-politiques-culturelles-face-a-la-crise-sociale-a-venir\/#primaryimage\",\"url\":\"https:\/\/www.grandsformats.com\/wp-content\/uploads\/2020\/07\/SiteinternetGF.jpg\",\"contentUrl\":\"https:\/\/www.grandsformats.com\/wp-content\/uploads\/2020\/07\/SiteinternetGF.jpg\",\"width\":1244,\"height\":700,\"caption\":\"Jazz sur la Loire - Capsul Collectif\"},{\"@type\":\"BreadcrumbList\",\"@id\":\"https:\/\/www.grandsformats.com\/2020\/09\/quelles-politiques-culturelles-face-a-la-crise-sociale-a-venir\/#breadcrumb\",\"itemListElement\":[{\"@type\":\"ListItem\",\"position\":1,\"name\":\"Accueil\",\"item\":\"https:\/\/www.grandsformats.com\/en\/\"},{\"@type\":\"ListItem\",\"position\":2,\"name\":\"Quelles politiques culturelles face \u00e0 la crise sociale \u00e0 venir ?\"}]},{\"@type\":\"WebSite\",\"@id\":\"https:\/\/www.grandsformats.com\/#website\",\"url\":\"https:\/\/www.grandsformats.com\/\",\"name\":\"Site officiel de la f\u00e9d\u00e9ration Grands Formats\",\"description\":\"F\u00e9d\u00e9ration d&#039;artistes pour la musique en grand !\",\"publisher\":{\"@id\":\"https:\/\/www.grandsformats.com\/#organization\"},\"potentialAction\":[{\"@type\":\"SearchAction\",\"target\":{\"@type\":\"EntryPoint\",\"urlTemplate\":\"https:\/\/www.grandsformats.com\/?s={search_term_string}\"},\"query-input\":{\"@type\":\"PropertyValueSpecification\",\"valueRequired\":true,\"valueName\":\"search_term_string\"}}],\"inLanguage\":\"en-US\"},{\"@type\":\"Organization\",\"@id\":\"https:\/\/www.grandsformats.com\/#organization\",\"name\":\"Grands Formats\",\"url\":\"https:\/\/www.grandsformats.com\/\",\"logo\":{\"@type\":\"ImageObject\",\"inLanguage\":\"en-US\",\"@id\":\"https:\/\/www.grandsformats.com\/#\/schema\/logo\/image\/\",\"url\":\"https:\/\/www.grandsformats.com\/wp-content\/uploads\/2020\/03\/logo-GF-200.png\",\"contentUrl\":\"https:\/\/www.grandsformats.com\/wp-content\/uploads\/2020\/03\/logo-GF-200.png\",\"width\":155,\"height\":200,\"caption\":\"Grands Formats\"},\"image\":{\"@id\":\"https:\/\/www.grandsformats.com\/#\/schema\/logo\/image\/\"},\"sameAs\":[\"https:\/\/www.facebook.com\/grandsformats\/\",\"https:\/\/x.com\/GrandsFormatsGF\",\"https:\/\/www.instagram.com\/grandsformats\/\",\"https:\/\/www.youtube.com\/channel\/UCJ7k9dbqc_DG-nxI3WMPvhw?view_as=subscriberhttps:\/\/www.youtube.com\/channel\/UCJ7k9dbqc_DG-nxI3WMPvhw?view_as=subscriber\"]},{\"@type\":\"Person\",\"@id\":\"https:\/\/www.grandsformats.com\/#\/schema\/person\/6ecde7e38a2254b5bc9d620679208ee1\",\"name\":\"Grands Formats\",\"image\":{\"@type\":\"ImageObject\",\"inLanguage\":\"en-US\",\"@id\":\"https:\/\/www.grandsformats.com\/#\/schema\/person\/image\/\",\"url\":\"https:\/\/secure.gravatar.com\/avatar\/5d06febf5ba4681bd17a251487132861b5339c2d72f789e59decf1c1b05d0078?s=96&d=mm&r=g\",\"contentUrl\":\"https:\/\/secure.gravatar.com\/avatar\/5d06febf5ba4681bd17a251487132861b5339c2d72f789e59decf1c1b05d0078?s=96&d=mm&r=g\",\"caption\":\"Grands Formats\"},\"url\":\"https:\/\/www.grandsformats.com\/en\/author\/margaux\/\"}]}<\/script>\n<!-- \/ Yoast SEO plugin. -->","yoast_head_json":{"title":"Quelles politiques culturelles face \u00e0 la crise sociale \u00e0 venir ? - Site officiel de la f\u00e9d\u00e9ration Grands Formats","robots":{"index":"index","follow":"follow","max-snippet":"max-snippet:-1","max-image-preview":"max-image-preview:large","max-video-preview":"max-video-preview:-1"},"canonical":"https:\/\/www.grandsformats.com\/2020\/09\/quelles-politiques-culturelles-face-a-la-crise-sociale-a-venir\/","og_locale":"en_US","og_type":"article","og_title":"Quelles politiques culturelles face \u00e0 la crise sociale \u00e0 venir ? - Site officiel de la f\u00e9d\u00e9ration Grands Formats","og_description":"S&#8217;il est toujours p\u00e9rilleux de se lancer dans un exercice de prospective dans un contexte troubl\u00e9 comme celui que nous subissons, il est peut \u00eatre raisonnable de penser que, sans une r\u00e9orientation radicale de l&#8217;action publique, notre soci\u00e9t\u00e9 sera confront\u00e9e demain \u00e0 un accroissement massif des in\u00e9galit\u00e9s \u00e9conomiques et sociales avec, pour cons\u00e9quence, un renforcement...Continue reading","og_url":"https:\/\/www.grandsformats.com\/2020\/09\/quelles-politiques-culturelles-face-a-la-crise-sociale-a-venir\/","og_site_name":"Site officiel de la f\u00e9d\u00e9ration Grands Formats","article_publisher":"https:\/\/www.facebook.com\/grandsformats\/","article_published_time":"2020-09-09T09:41:20+00:00","article_modified_time":"2020-09-10T08:29:55+00:00","og_image":[{"width":1244,"height":700,"url":"https:\/\/www.grandsformats.com\/wp-content\/uploads\/2020\/07\/SiteinternetGF.jpg","type":"image\/jpeg"}],"author":"Grands Formats","twitter_card":"summary_large_image","twitter_creator":"@GrandsFormatsGF","twitter_site":"@GrandsFormatsGF","twitter_misc":{"Written by":"Grands Formats","Est. reading time":"4 minutes"},"schema":{"@context":"https:\/\/schema.org","@graph":[{"@type":"Article","@id":"https:\/\/www.grandsformats.com\/2020\/09\/quelles-politiques-culturelles-face-a-la-crise-sociale-a-venir\/#article","isPartOf":{"@id":"https:\/\/www.grandsformats.com\/2020\/09\/quelles-politiques-culturelles-face-a-la-crise-sociale-a-venir\/"},"author":{"name":"Grands Formats","@id":"https:\/\/www.grandsformats.com\/#\/schema\/person\/6ecde7e38a2254b5bc9d620679208ee1"},"headline":"Quelles politiques culturelles face \u00e0 la crise sociale \u00e0 venir ?","datePublished":"2020-09-09T09:41:20+00:00","dateModified":"2020-09-10T08:29:55+00:00","mainEntityOfPage":{"@id":"https:\/\/www.grandsformats.com\/2020\/09\/quelles-politiques-culturelles-face-a-la-crise-sociale-a-venir\/"},"wordCount":791,"commentCount":0,"publisher":{"@id":"https:\/\/www.grandsformats.com\/#organization"},"image":{"@id":"https:\/\/www.grandsformats.com\/2020\/09\/quelles-politiques-culturelles-face-a-la-crise-sociale-a-venir\/#primaryimage"},"thumbnailUrl":"https:\/\/www.grandsformats.com\/wp-content\/uploads\/2020\/07\/SiteinternetGF.jpg","articleSection":["Capsul Collectif","Tribunes"],"inLanguage":"en-US","potentialAction":[{"@type":"CommentAction","name":"Comment","target":["https:\/\/www.grandsformats.com\/2020\/09\/quelles-politiques-culturelles-face-a-la-crise-sociale-a-venir\/#respond"]}]},{"@type":"WebPage","@id":"https:\/\/www.grandsformats.com\/2020\/09\/quelles-politiques-culturelles-face-a-la-crise-sociale-a-venir\/","url":"https:\/\/www.grandsformats.com\/2020\/09\/quelles-politiques-culturelles-face-a-la-crise-sociale-a-venir\/","name":"Quelles politiques culturelles face \u00e0 la crise sociale \u00e0 venir ? - Site officiel de la f\u00e9d\u00e9ration Grands Formats","isPartOf":{"@id":"https:\/\/www.grandsformats.com\/#website"},"primaryImageOfPage":{"@id":"https:\/\/www.grandsformats.com\/2020\/09\/quelles-politiques-culturelles-face-a-la-crise-sociale-a-venir\/#primaryimage"},"image":{"@id":"https:\/\/www.grandsformats.com\/2020\/09\/quelles-politiques-culturelles-face-a-la-crise-sociale-a-venir\/#primaryimage"},"thumbnailUrl":"https:\/\/www.grandsformats.com\/wp-content\/uploads\/2020\/07\/SiteinternetGF.jpg","datePublished":"2020-09-09T09:41:20+00:00","dateModified":"2020-09-10T08:29:55+00:00","breadcrumb":{"@id":"https:\/\/www.grandsformats.com\/2020\/09\/quelles-politiques-culturelles-face-a-la-crise-sociale-a-venir\/#breadcrumb"},"inLanguage":"en-US","potentialAction":[{"@type":"ReadAction","target":["https:\/\/www.grandsformats.com\/2020\/09\/quelles-politiques-culturelles-face-a-la-crise-sociale-a-venir\/"]}]},{"@type":"ImageObject","inLanguage":"en-US","@id":"https:\/\/www.grandsformats.com\/2020\/09\/quelles-politiques-culturelles-face-a-la-crise-sociale-a-venir\/#primaryimage","url":"https:\/\/www.grandsformats.com\/wp-content\/uploads\/2020\/07\/SiteinternetGF.jpg","contentUrl":"https:\/\/www.grandsformats.com\/wp-content\/uploads\/2020\/07\/SiteinternetGF.jpg","width":1244,"height":700,"caption":"Jazz sur la Loire - Capsul Collectif"},{"@type":"BreadcrumbList","@id":"https:\/\/www.grandsformats.com\/2020\/09\/quelles-politiques-culturelles-face-a-la-crise-sociale-a-venir\/#breadcrumb","itemListElement":[{"@type":"ListItem","position":1,"name":"Accueil","item":"https:\/\/www.grandsformats.com\/en\/"},{"@type":"ListItem","position":2,"name":"Quelles politiques culturelles face \u00e0 la crise sociale \u00e0 venir ?"}]},{"@type":"WebSite","@id":"https:\/\/www.grandsformats.com\/#website","url":"https:\/\/www.grandsformats.com\/","name":"Site officiel de la f\u00e9d\u00e9ration Grands Formats","description":"F\u00e9d\u00e9ration d&#039;artistes pour la musique en grand !","publisher":{"@id":"https:\/\/www.grandsformats.com\/#organization"},"potentialAction":[{"@type":"SearchAction","target":{"@type":"EntryPoint","urlTemplate":"https:\/\/www.grandsformats.com\/?s={search_term_string}"},"query-input":{"@type":"PropertyValueSpecification","valueRequired":true,"valueName":"search_term_string"}}],"inLanguage":"en-US"},{"@type":"Organization","@id":"https:\/\/www.grandsformats.com\/#organization","name":"Grands Formats","url":"https:\/\/www.grandsformats.com\/","logo":{"@type":"ImageObject","inLanguage":"en-US","@id":"https:\/\/www.grandsformats.com\/#\/schema\/logo\/image\/","url":"https:\/\/www.grandsformats.com\/wp-content\/uploads\/2020\/03\/logo-GF-200.png","contentUrl":"https:\/\/www.grandsformats.com\/wp-content\/uploads\/2020\/03\/logo-GF-200.png","width":155,"height":200,"caption":"Grands Formats"},"image":{"@id":"https:\/\/www.grandsformats.com\/#\/schema\/logo\/image\/"},"sameAs":["https:\/\/www.facebook.com\/grandsformats\/","https:\/\/x.com\/GrandsFormatsGF","https:\/\/www.instagram.com\/grandsformats\/","https:\/\/www.youtube.com\/channel\/UCJ7k9dbqc_DG-nxI3WMPvhw?view_as=subscriberhttps:\/\/www.youtube.com\/channel\/UCJ7k9dbqc_DG-nxI3WMPvhw?view_as=subscriber"]},{"@type":"Person","@id":"https:\/\/www.grandsformats.com\/#\/schema\/person\/6ecde7e38a2254b5bc9d620679208ee1","name":"Grands Formats","image":{"@type":"ImageObject","inLanguage":"en-US","@id":"https:\/\/www.grandsformats.com\/#\/schema\/person\/image\/","url":"https:\/\/secure.gravatar.com\/avatar\/5d06febf5ba4681bd17a251487132861b5339c2d72f789e59decf1c1b05d0078?s=96&d=mm&r=g","contentUrl":"https:\/\/secure.gravatar.com\/avatar\/5d06febf5ba4681bd17a251487132861b5339c2d72f789e59decf1c1b05d0078?s=96&d=mm&r=g","caption":"Grands Formats"},"url":"https:\/\/www.grandsformats.com\/en\/author\/margaux\/"}]}},"_links":{"self":[{"href":"https:\/\/www.grandsformats.com\/en\/wp-json\/wp\/v2\/posts\/14141","targetHints":{"allow":["GET"]}}],"collection":[{"href":"https:\/\/www.grandsformats.com\/en\/wp-json\/wp\/v2\/posts"}],"about":[{"href":"https:\/\/www.grandsformats.com\/en\/wp-json\/wp\/v2\/types\/post"}],"author":[{"embeddable":true,"href":"https:\/\/www.grandsformats.com\/en\/wp-json\/wp\/v2\/users\/2"}],"replies":[{"embeddable":true,"href":"https:\/\/www.grandsformats.com\/en\/wp-json\/wp\/v2\/comments?post=14141"}],"version-history":[{"count":0,"href":"https:\/\/www.grandsformats.com\/en\/wp-json\/wp\/v2\/posts\/14141\/revisions"}],"wp:featuredmedia":[{"embeddable":true,"href":"https:\/\/www.grandsformats.com\/en\/wp-json\/wp\/v2\/media\/13937"}],"wp:attachment":[{"href":"https:\/\/www.grandsformats.com\/en\/wp-json\/wp\/v2\/media?parent=14141"}],"wp:term":[{"taxonomy":"category","embeddable":true,"href":"https:\/\/www.grandsformats.com\/en\/wp-json\/wp\/v2\/categories?post=14141"},{"taxonomy":"post_tag","embeddable":true,"href":"https:\/\/www.grandsformats.com\/en\/wp-json\/wp\/v2\/tags?post=14141"}],"curies":[{"name":"wp","href":"https:\/\/api.w.org\/{rel}","templated":true}]}}