{"id":14139,"date":"2020-09-10T12:57:08","date_gmt":"2020-09-10T10:57:08","guid":{"rendered":"https:\/\/www.grandsformats.com\/?p=14139"},"modified":"2020-09-10T12:58:28","modified_gmt":"2020-09-10T10:58:28","slug":"etude-consequences-de-la-crise-sanitaire-jazz","status":"publish","type":"post","link":"https:\/\/www.grandsformats.com\/en\/2020\/09\/etude-consequences-de-la-crise-sanitaire-jazz\/","title":{"rendered":"\u00c9tude : cons\u00e9quences de la crise sur les \u00e9quipes artistiques"},"content":{"rendered":"<p class=\"text-build-content\" data-testid=\"A-A7X0IZby\">Grands Formats a men\u00e9 une enqu\u00eate aupr\u00e8s de ses membres avant les cong\u00e9s de l&#8217;\u00e9t\u00e9 afin de rendre compte des cons\u00e9quences de la crise sanitaire li\u00e9e \u00e0 la Covid-19 sur l\u2019activit\u00e9 des \u00e9quipes artistiques du jazz et des musiques improvis\u00e9es.<\/p>\n<p class=\"text-build-content\" data-testid=\"A-A7X0IZby\">L&#8217;\u00e9tude rend compte d&#8217;une situation complexe et mena\u00e7ante pour l&#8217;avenir des musicien\u00b7ne\u00b7s, de la cr\u00e9ation et de l\u2019emploi avec d\u00e9j\u00e0 plus de 656 repr\u00e9sentations annul\u00e9es au 15 juillet 2020, 78 % des sorties de disques annul\u00e9es ou encore 74 cr\u00e9ations annul\u00e9es&#8230;<\/p>\n<p style=\"text-align: left;\" data-testid=\"A-A7X0IZby\"><a href=\"https:\/\/www.grandsformats.com\/wp-content\/uploads\/2020\/09\/COVID-19-Etatdeslieux-livret.pdf\">Lire l&#8217;enqu\u00eate<\/a><\/p>\n<p data-testid=\"A-A7X0IZby\"><span class=\"caption\">\u00a9 Bruce Milpied<\/span><\/p>\n","protected":false},"excerpt":{"rendered":"<p>Grands Formats a men\u00e9 une enqu\u00eate aupr\u00e8s de ses membres avant les cong\u00e9s de l&#8217;\u00e9t\u00e9 afin de rendre compte des cons\u00e9quences de la crise sanitaire li\u00e9e \u00e0 la Covid-19 sur l\u2019activit\u00e9 des \u00e9quipes artistiques du jazz et des musiques improvis\u00e9es. L&#8217;\u00e9tude rend compte d&#8217;une situation complexe et mena\u00e7ante pour l&#8217;avenir des musicien\u00b7ne\u00b7s, de la cr\u00e9ation&#8230;<\/p>\n<p><a rel=\"bookmark\" class=\"theme-button-text wvc-button wvc-button-size-xs\" href=\"https:\/\/www.grandsformats.com\/en\/2020\/09\/etude-consequences-de-la-crise-sanitaire-jazz\/\"><small class=\"wvc-button-background-fill\"><\/small><span>Continue reading<\/span><\/a><\/p>\n","protected":false},"author":2,"featured_media":13375,"comment_status":"open","ping_status":"open","sticky":false,"template":"","format":"standard","meta":{"_acf_changed":false,"footnotes":""},"categories":[90,94],"tags":[],"class_list":["post-14139","post","type-post","status-publish","format-standard","has-post-thumbnail","hentry","category-grands-formats","category-ressources","entry-post-skin-light","entry","clearfix","entry-grid","entry-columns-default","entry-post-module-layout-sidebar-right","thumbnail-color-tone-dark","metro-landscape","entry-post","entry-masonry","entry-post-masonry"],"acf":[],"yoast_head":"<!-- This site is optimized with the Yoast SEO plugin v25.8 - https:\/\/yoast.com\/wordpress\/plugins\/seo\/ -->\n<title>\u00c9tude : cons\u00e9quences de la crise sur les \u00e9quipes artistiques - Site officiel de la f\u00e9d\u00e9ration Grands Formats<\/title>\n<meta name=\"robots\" content=\"index, follow, max-snippet:-1, max-image-preview:large, max-video-preview:-1\" \/>\n<link rel=\"canonical\" href=\"https:\/\/www.grandsformats.com\/2020\/09\/etude-consequences-de-la-crise-sanitaire-jazz\/\" \/>\n<meta property=\"og:locale\" content=\"en_US\" \/>\n<meta property=\"og:type\" content=\"article\" \/>\n<meta property=\"og:title\" content=\"\u00c9tude : cons\u00e9quences de la crise sur les \u00e9quipes artistiques - Site officiel de la f\u00e9d\u00e9ration Grands Formats\" \/>\n<meta property=\"og:description\" content=\"Grands Formats a men\u00e9 une enqu\u00eate aupr\u00e8s de ses membres avant les cong\u00e9s de l&#8217;\u00e9t\u00e9 afin de rendre compte des cons\u00e9quences de la crise sanitaire li\u00e9e \u00e0 la Covid-19 sur l\u2019activit\u00e9 des \u00e9quipes artistiques du jazz et des musiques improvis\u00e9es. L&#8217;\u00e9tude rend compte d&#8217;une situation complexe et mena\u00e7ante pour l&#8217;avenir des musicien\u00b7ne\u00b7s, de la cr\u00e9ation...Continue reading\" \/>\n<meta property=\"og:url\" content=\"https:\/\/www.grandsformats.com\/2020\/09\/etude-consequences-de-la-crise-sanitaire-jazz\/\" \/>\n<meta property=\"og:site_name\" content=\"Site officiel de la f\u00e9d\u00e9ration Grands Formats\" \/>\n<meta property=\"article:publisher\" content=\"https:\/\/www.facebook.com\/grandsformats\/\" \/>\n<meta property=\"article:published_time\" content=\"2020-09-10T10:57:08+00:00\" \/>\n<meta property=\"article:modified_time\" content=\"2020-09-10T10:58:28+00:00\" \/>\n<meta property=\"og:image\" content=\"https:\/\/www.grandsformats.com\/wp-content\/uploads\/2020\/06\/KOA-Atlantique-Jazz-Festival-BMilpied-L1008074-BD.jpg\" \/>\n\t<meta property=\"og:image:width\" content=\"1920\" \/>\n\t<meta property=\"og:image:height\" content=\"1080\" \/>\n\t<meta property=\"og:image:type\" content=\"image\/jpeg\" \/>\n<meta name=\"author\" content=\"Grands Formats\" \/>\n<meta name=\"twitter:card\" content=\"summary_large_image\" \/>\n<meta name=\"twitter:creator\" content=\"@GrandsFormatsGF\" \/>\n<meta name=\"twitter:site\" content=\"@GrandsFormatsGF\" \/>\n<meta name=\"twitter:label1\" content=\"Written by\" \/>\n\t<meta name=\"twitter:data1\" content=\"Grands Formats\" \/>\n<script type=\"application\/ld+json\" class=\"yoast-schema-graph\">{\"@context\":\"https:\/\/schema.org\",\"@graph\":[{\"@type\":\"Article\",\"@id\":\"https:\/\/www.grandsformats.com\/2020\/09\/etude-consequences-de-la-crise-sanitaire-jazz\/#article\",\"isPartOf\":{\"@id\":\"https:\/\/www.grandsformats.com\/2020\/09\/etude-consequences-de-la-crise-sanitaire-jazz\/\"},\"author\":{\"name\":\"Grands Formats\",\"@id\":\"https:\/\/www.grandsformats.com\/#\/schema\/person\/6ecde7e38a2254b5bc9d620679208ee1\"},\"headline\":\"\u00c9tude : cons\u00e9quences de la crise sur les \u00e9quipes artistiques\",\"datePublished\":\"2020-09-10T10:57:08+00:00\",\"dateModified\":\"2020-09-10T10:58:28+00:00\",\"mainEntityOfPage\":{\"@id\":\"https:\/\/www.grandsformats.com\/2020\/09\/etude-consequences-de-la-crise-sanitaire-jazz\/\"},\"wordCount\":112,\"commentCount\":0,\"publisher\":{\"@id\":\"https:\/\/www.grandsformats.com\/#organization\"},\"image\":{\"@id\":\"https:\/\/www.grandsformats.com\/2020\/09\/etude-consequences-de-la-crise-sanitaire-jazz\/#primaryimage\"},\"thumbnailUrl\":\"https:\/\/www.grandsformats.com\/wp-content\/uploads\/2020\/06\/KOA-Atlantique-Jazz-Festival-BMilpied-L1008074-BD.jpg\",\"articleSection\":[\"Actus de la f\u00e9d\u00e9\",\"Ressources\"],\"inLanguage\":\"en-US\",\"potentialAction\":[{\"@type\":\"CommentAction\",\"name\":\"Comment\",\"target\":[\"https:\/\/www.grandsformats.com\/2020\/09\/etude-consequences-de-la-crise-sanitaire-jazz\/#respond\"]}]},{\"@type\":\"WebPage\",\"@id\":\"https:\/\/www.grandsformats.com\/2020\/09\/etude-consequences-de-la-crise-sanitaire-jazz\/\",\"url\":\"https:\/\/www.grandsformats.com\/2020\/09\/etude-consequences-de-la-crise-sanitaire-jazz\/\",\"name\":\"\u00c9tude : cons\u00e9quences de la crise sur les \u00e9quipes artistiques - Site officiel de la f\u00e9d\u00e9ration Grands Formats\",\"isPartOf\":{\"@id\":\"https:\/\/www.grandsformats.com\/#website\"},\"primaryImageOfPage\":{\"@id\":\"https:\/\/www.grandsformats.com\/2020\/09\/etude-consequences-de-la-crise-sanitaire-jazz\/#primaryimage\"},\"image\":{\"@id\":\"https:\/\/www.grandsformats.com\/2020\/09\/etude-consequences-de-la-crise-sanitaire-jazz\/#primaryimage\"},\"thumbnailUrl\":\"https:\/\/www.grandsformats.com\/wp-content\/uploads\/2020\/06\/KOA-Atlantique-Jazz-Festival-BMilpied-L1008074-BD.jpg\",\"datePublished\":\"2020-09-10T10:57:08+00:00\",\"dateModified\":\"2020-09-10T10:58:28+00:00\",\"breadcrumb\":{\"@id\":\"https:\/\/www.grandsformats.com\/2020\/09\/etude-consequences-de-la-crise-sanitaire-jazz\/#breadcrumb\"},\"inLanguage\":\"en-US\",\"potentialAction\":[{\"@type\":\"ReadAction\",\"target\":[\"https:\/\/www.grandsformats.com\/2020\/09\/etude-consequences-de-la-crise-sanitaire-jazz\/\"]}]},{\"@type\":\"ImageObject\",\"inLanguage\":\"en-US\",\"@id\":\"https:\/\/www.grandsformats.com\/2020\/09\/etude-consequences-de-la-crise-sanitaire-jazz\/#primaryimage\",\"url\":\"https:\/\/www.grandsformats.com\/wp-content\/uploads\/2020\/06\/KOA-Atlantique-Jazz-Festival-BMilpied-L1008074-BD.jpg\",\"contentUrl\":\"https:\/\/www.grandsformats.com\/wp-content\/uploads\/2020\/06\/KOA-Atlantique-Jazz-Festival-BMilpied-L1008074-BD.jpg\",\"width\":1920,\"height\":1080,\"caption\":\"Atlantique Jazz Festival from October 10 to 12, 2019, Brest, Grand ensemble KOA, with Alfred Vilayleck, direction and bass, Matthieu Chedeville, saxophone, Armel Courr\u00e9e, saxophone, Jerome Dufour, saxophone, Pascal Bouvier, trombone, Samuel Mastorakis, vibraphone, Daniel Moreau, Julien Gr\u00e9goire, drums, Caroline Sentis, voice. October 11, 2019, The Quartz. Atlantique Jazz Festival du 10 au 12 octobre 2019, Brest, Grand ensemble KOA, avec Alfred Vilayleck, direction et bass, Matthieu Chedeville, saxophone, Armel Courr\u00e9e, saxophone, Jerome Dufour, saxophone, Pascal Bouvier, trombone, Samuel Mastorakis, vibraphone, Daniel Moreau, Julien Gr\u00e9goire, batterie, Caroline Sentis, voix.. Le 11 octobre 2019, Le Quartz.\"},{\"@type\":\"BreadcrumbList\",\"@id\":\"https:\/\/www.grandsformats.com\/2020\/09\/etude-consequences-de-la-crise-sanitaire-jazz\/#breadcrumb\",\"itemListElement\":[{\"@type\":\"ListItem\",\"position\":1,\"name\":\"Accueil\",\"item\":\"https:\/\/www.grandsformats.com\/en\/\"},{\"@type\":\"ListItem\",\"position\":2,\"name\":\"\u00c9tude : cons\u00e9quences de la crise sur les \u00e9quipes artistiques\"}]},{\"@type\":\"WebSite\",\"@id\":\"https:\/\/www.grandsformats.com\/#website\",\"url\":\"https:\/\/www.grandsformats.com\/\",\"name\":\"Site officiel de la f\u00e9d\u00e9ration Grands Formats\",\"description\":\"F\u00e9d\u00e9ration d&#039;artistes pour la musique en grand !\",\"publisher\":{\"@id\":\"https:\/\/www.grandsformats.com\/#organization\"},\"potentialAction\":[{\"@type\":\"SearchAction\",\"target\":{\"@type\":\"EntryPoint\",\"urlTemplate\":\"https:\/\/www.grandsformats.com\/?s={search_term_string}\"},\"query-input\":{\"@type\":\"PropertyValueSpecification\",\"valueRequired\":true,\"valueName\":\"search_term_string\"}}],\"inLanguage\":\"en-US\"},{\"@type\":\"Organization\",\"@id\":\"https:\/\/www.grandsformats.com\/#organization\",\"name\":\"Grands Formats\",\"url\":\"https:\/\/www.grandsformats.com\/\",\"logo\":{\"@type\":\"ImageObject\",\"inLanguage\":\"en-US\",\"@id\":\"https:\/\/www.grandsformats.com\/#\/schema\/logo\/image\/\",\"url\":\"https:\/\/www.grandsformats.com\/wp-content\/uploads\/2020\/03\/logo-GF-200.png\",\"contentUrl\":\"https:\/\/www.grandsformats.com\/wp-content\/uploads\/2020\/03\/logo-GF-200.png\",\"width\":155,\"height\":200,\"caption\":\"Grands Formats\"},\"image\":{\"@id\":\"https:\/\/www.grandsformats.com\/#\/schema\/logo\/image\/\"},\"sameAs\":[\"https:\/\/www.facebook.com\/grandsformats\/\",\"https:\/\/x.com\/GrandsFormatsGF\",\"https:\/\/www.instagram.com\/grandsformats\/\",\"https:\/\/www.youtube.com\/channel\/UCJ7k9dbqc_DG-nxI3WMPvhw?view_as=subscriberhttps:\/\/www.youtube.com\/channel\/UCJ7k9dbqc_DG-nxI3WMPvhw?view_as=subscriber\"]},{\"@type\":\"Person\",\"@id\":\"https:\/\/www.grandsformats.com\/#\/schema\/person\/6ecde7e38a2254b5bc9d620679208ee1\",\"name\":\"Grands Formats\",\"image\":{\"@type\":\"ImageObject\",\"inLanguage\":\"en-US\",\"@id\":\"https:\/\/www.grandsformats.com\/#\/schema\/person\/image\/\",\"url\":\"https:\/\/secure.gravatar.com\/avatar\/5d06febf5ba4681bd17a251487132861b5339c2d72f789e59decf1c1b05d0078?s=96&d=mm&r=g\",\"contentUrl\":\"https:\/\/secure.gravatar.com\/avatar\/5d06febf5ba4681bd17a251487132861b5339c2d72f789e59decf1c1b05d0078?s=96&d=mm&r=g\",\"caption\":\"Grands Formats\"},\"url\":\"https:\/\/www.grandsformats.com\/en\/author\/margaux\/\"}]}<\/script>\n<!-- \/ Yoast SEO plugin. -->","yoast_head_json":{"title":"\u00c9tude : cons\u00e9quences de la crise sur les \u00e9quipes artistiques - Site officiel de la f\u00e9d\u00e9ration Grands Formats","robots":{"index":"index","follow":"follow","max-snippet":"max-snippet:-1","max-image-preview":"max-image-preview:large","max-video-preview":"max-video-preview:-1"},"canonical":"https:\/\/www.grandsformats.com\/2020\/09\/etude-consequences-de-la-crise-sanitaire-jazz\/","og_locale":"en_US","og_type":"article","og_title":"\u00c9tude : cons\u00e9quences de la crise sur les \u00e9quipes artistiques - Site officiel de la f\u00e9d\u00e9ration Grands Formats","og_description":"Grands Formats a men\u00e9 une enqu\u00eate aupr\u00e8s de ses membres avant les cong\u00e9s de l&#8217;\u00e9t\u00e9 afin de rendre compte des cons\u00e9quences de la crise sanitaire li\u00e9e \u00e0 la Covid-19 sur l\u2019activit\u00e9 des \u00e9quipes artistiques du jazz et des musiques improvis\u00e9es. L&#8217;\u00e9tude rend compte d&#8217;une situation complexe et mena\u00e7ante pour l&#8217;avenir des musicien\u00b7ne\u00b7s, de la cr\u00e9ation...Continue reading","og_url":"https:\/\/www.grandsformats.com\/2020\/09\/etude-consequences-de-la-crise-sanitaire-jazz\/","og_site_name":"Site officiel de la f\u00e9d\u00e9ration Grands Formats","article_publisher":"https:\/\/www.facebook.com\/grandsformats\/","article_published_time":"2020-09-10T10:57:08+00:00","article_modified_time":"2020-09-10T10:58:28+00:00","og_image":[{"width":1920,"height":1080,"url":"https:\/\/www.grandsformats.com\/wp-content\/uploads\/2020\/06\/KOA-Atlantique-Jazz-Festival-BMilpied-L1008074-BD.jpg","type":"image\/jpeg"}],"author":"Grands Formats","twitter_card":"summary_large_image","twitter_creator":"@GrandsFormatsGF","twitter_site":"@GrandsFormatsGF","twitter_misc":{"Written by":"Grands Formats"},"schema":{"@context":"https:\/\/schema.org","@graph":[{"@type":"Article","@id":"https:\/\/www.grandsformats.com\/2020\/09\/etude-consequences-de-la-crise-sanitaire-jazz\/#article","isPartOf":{"@id":"https:\/\/www.grandsformats.com\/2020\/09\/etude-consequences-de-la-crise-sanitaire-jazz\/"},"author":{"name":"Grands Formats","@id":"https:\/\/www.grandsformats.com\/#\/schema\/person\/6ecde7e38a2254b5bc9d620679208ee1"},"headline":"\u00c9tude : cons\u00e9quences de la crise sur les \u00e9quipes artistiques","datePublished":"2020-09-10T10:57:08+00:00","dateModified":"2020-09-10T10:58:28+00:00","mainEntityOfPage":{"@id":"https:\/\/www.grandsformats.com\/2020\/09\/etude-consequences-de-la-crise-sanitaire-jazz\/"},"wordCount":112,"commentCount":0,"publisher":{"@id":"https:\/\/www.grandsformats.com\/#organization"},"image":{"@id":"https:\/\/www.grandsformats.com\/2020\/09\/etude-consequences-de-la-crise-sanitaire-jazz\/#primaryimage"},"thumbnailUrl":"https:\/\/www.grandsformats.com\/wp-content\/uploads\/2020\/06\/KOA-Atlantique-Jazz-Festival-BMilpied-L1008074-BD.jpg","articleSection":["Actus de la f\u00e9d\u00e9","Ressources"],"inLanguage":"en-US","potentialAction":[{"@type":"CommentAction","name":"Comment","target":["https:\/\/www.grandsformats.com\/2020\/09\/etude-consequences-de-la-crise-sanitaire-jazz\/#respond"]}]},{"@type":"WebPage","@id":"https:\/\/www.grandsformats.com\/2020\/09\/etude-consequences-de-la-crise-sanitaire-jazz\/","url":"https:\/\/www.grandsformats.com\/2020\/09\/etude-consequences-de-la-crise-sanitaire-jazz\/","name":"\u00c9tude : cons\u00e9quences de la crise sur les \u00e9quipes artistiques - Site officiel de la f\u00e9d\u00e9ration Grands Formats","isPartOf":{"@id":"https:\/\/www.grandsformats.com\/#website"},"primaryImageOfPage":{"@id":"https:\/\/www.grandsformats.com\/2020\/09\/etude-consequences-de-la-crise-sanitaire-jazz\/#primaryimage"},"image":{"@id":"https:\/\/www.grandsformats.com\/2020\/09\/etude-consequences-de-la-crise-sanitaire-jazz\/#primaryimage"},"thumbnailUrl":"https:\/\/www.grandsformats.com\/wp-content\/uploads\/2020\/06\/KOA-Atlantique-Jazz-Festival-BMilpied-L1008074-BD.jpg","datePublished":"2020-09-10T10:57:08+00:00","dateModified":"2020-09-10T10:58:28+00:00","breadcrumb":{"@id":"https:\/\/www.grandsformats.com\/2020\/09\/etude-consequences-de-la-crise-sanitaire-jazz\/#breadcrumb"},"inLanguage":"en-US","potentialAction":[{"@type":"ReadAction","target":["https:\/\/www.grandsformats.com\/2020\/09\/etude-consequences-de-la-crise-sanitaire-jazz\/"]}]},{"@type":"ImageObject","inLanguage":"en-US","@id":"https:\/\/www.grandsformats.com\/2020\/09\/etude-consequences-de-la-crise-sanitaire-jazz\/#primaryimage","url":"https:\/\/www.grandsformats.com\/wp-content\/uploads\/2020\/06\/KOA-Atlantique-Jazz-Festival-BMilpied-L1008074-BD.jpg","contentUrl":"https:\/\/www.grandsformats.com\/wp-content\/uploads\/2020\/06\/KOA-Atlantique-Jazz-Festival-BMilpied-L1008074-BD.jpg","width":1920,"height":1080,"caption":"Atlantique Jazz Festival from October 10 to 12, 2019, Brest, Grand ensemble KOA, with Alfred Vilayleck, direction and bass, Matthieu Chedeville, saxophone, Armel Courr\u00e9e, saxophone, Jerome Dufour, saxophone, Pascal Bouvier, trombone, Samuel Mastorakis, vibraphone, Daniel Moreau, Julien Gr\u00e9goire, drums, Caroline Sentis, voice. October 11, 2019, The Quartz. Atlantique Jazz Festival du 10 au 12 octobre 2019, Brest, Grand ensemble KOA, avec Alfred Vilayleck, direction et bass, Matthieu Chedeville, saxophone, Armel Courr\u00e9e, saxophone, Jerome Dufour, saxophone, Pascal Bouvier, trombone, Samuel Mastorakis, vibraphone, Daniel Moreau, Julien Gr\u00e9goire, batterie, Caroline Sentis, voix.. Le 11 octobre 2019, Le Quartz."},{"@type":"BreadcrumbList","@id":"https:\/\/www.grandsformats.com\/2020\/09\/etude-consequences-de-la-crise-sanitaire-jazz\/#breadcrumb","itemListElement":[{"@type":"ListItem","position":1,"name":"Accueil","item":"https:\/\/www.grandsformats.com\/en\/"},{"@type":"ListItem","position":2,"name":"\u00c9tude : cons\u00e9quences de la crise sur les \u00e9quipes artistiques"}]},{"@type":"WebSite","@id":"https:\/\/www.grandsformats.com\/#website","url":"https:\/\/www.grandsformats.com\/","name":"Site officiel de la f\u00e9d\u00e9ration Grands Formats","description":"F\u00e9d\u00e9ration d&#039;artistes pour la musique en grand !","publisher":{"@id":"https:\/\/www.grandsformats.com\/#organization"},"potentialAction":[{"@type":"SearchAction","target":{"@type":"EntryPoint","urlTemplate":"https:\/\/www.grandsformats.com\/?s={search_term_string}"},"query-input":{"@type":"PropertyValueSpecification","valueRequired":true,"valueName":"search_term_string"}}],"inLanguage":"en-US"},{"@type":"Organization","@id":"https:\/\/www.grandsformats.com\/#organization","name":"Grands Formats","url":"https:\/\/www.grandsformats.com\/","logo":{"@type":"ImageObject","inLanguage":"en-US","@id":"https:\/\/www.grandsformats.com\/#\/schema\/logo\/image\/","url":"https:\/\/www.grandsformats.com\/wp-content\/uploads\/2020\/03\/logo-GF-200.png","contentUrl":"https:\/\/www.grandsformats.com\/wp-content\/uploads\/2020\/03\/logo-GF-200.png","width":155,"height":200,"caption":"Grands Formats"},"image":{"@id":"https:\/\/www.grandsformats.com\/#\/schema\/logo\/image\/"},"sameAs":["https:\/\/www.facebook.com\/grandsformats\/","https:\/\/x.com\/GrandsFormatsGF","https:\/\/www.instagram.com\/grandsformats\/","https:\/\/www.youtube.com\/channel\/UCJ7k9dbqc_DG-nxI3WMPvhw?view_as=subscriberhttps:\/\/www.youtube.com\/channel\/UCJ7k9dbqc_DG-nxI3WMPvhw?view_as=subscriber"]},{"@type":"Person","@id":"https:\/\/www.grandsformats.com\/#\/schema\/person\/6ecde7e38a2254b5bc9d620679208ee1","name":"Grands Formats","image":{"@type":"ImageObject","inLanguage":"en-US","@id":"https:\/\/www.grandsformats.com\/#\/schema\/person\/image\/","url":"https:\/\/secure.gravatar.com\/avatar\/5d06febf5ba4681bd17a251487132861b5339c2d72f789e59decf1c1b05d0078?s=96&d=mm&r=g","contentUrl":"https:\/\/secure.gravatar.com\/avatar\/5d06febf5ba4681bd17a251487132861b5339c2d72f789e59decf1c1b05d0078?s=96&d=mm&r=g","caption":"Grands Formats"},"url":"https:\/\/www.grandsformats.com\/en\/author\/margaux\/"}]}},"_links":{"self":[{"href":"https:\/\/www.grandsformats.com\/en\/wp-json\/wp\/v2\/posts\/14139","targetHints":{"allow":["GET"]}}],"collection":[{"href":"https:\/\/www.grandsformats.com\/en\/wp-json\/wp\/v2\/posts"}],"about":[{"href":"https:\/\/www.grandsformats.com\/en\/wp-json\/wp\/v2\/types\/post"}],"author":[{"embeddable":true,"href":"https:\/\/www.grandsformats.com\/en\/wp-json\/wp\/v2\/users\/2"}],"replies":[{"embeddable":true,"href":"https:\/\/www.grandsformats.com\/en\/wp-json\/wp\/v2\/comments?post=14139"}],"version-history":[{"count":0,"href":"https:\/\/www.grandsformats.com\/en\/wp-json\/wp\/v2\/posts\/14139\/revisions"}],"wp:featuredmedia":[{"embeddable":true,"href":"https:\/\/www.grandsformats.com\/en\/wp-json\/wp\/v2\/media\/13375"}],"wp:attachment":[{"href":"https:\/\/www.grandsformats.com\/en\/wp-json\/wp\/v2\/media?parent=14139"}],"wp:term":[{"taxonomy":"category","embeddable":true,"href":"https:\/\/www.grandsformats.com\/en\/wp-json\/wp\/v2\/categories?post=14139"},{"taxonomy":"post_tag","embeddable":true,"href":"https:\/\/www.grandsformats.com\/en\/wp-json\/wp\/v2\/tags?post=14139"}],"curies":[{"name":"wp","href":"https:\/\/api.w.org\/{rel}","templated":true}]}}