{"id":14135,"date":"2020-09-09T11:20:19","date_gmt":"2020-09-09T09:20:19","guid":{"rendered":"https:\/\/www.grandsformats.com\/?p=14135"},"modified":"2020-09-10T10:29:10","modified_gmt":"2020-09-10T08:29:10","slug":"new-deal-les-16-et-17-novembre-a-paris","status":"publish","type":"post","link":"https:\/\/www.grandsformats.com\/en\/2020\/09\/new-deal-les-16-et-17-novembre-a-paris\/","title":{"rendered":"New Deal les 16 et 17 novembre \u00e0 Paris"},"content":{"rendered":"<p>La 5\u00e8me \u00e9dition de New Deal, rencontres professionnelles de la musique, se tiendra les 16 et 17 novembre \u00e0 la Philharmonie de Paris. \u00c9quipes artistiques et programmateur\u00b7rice\u00b7s se rencontreront \u00e0 l\u2019occasion de speed-meetings, conf\u00e9rences et tables rondes ! Les inscriptions pour les programmateur\u00b7rice\u00b7s sont encore ouvertes, c\u2019est le moment de <a href=\"https:\/\/docs.google.com\/forms\/d\/e\/1FAIpQLSfM7VyqCZhf1KP-sDlDRFBEyAqN54KDQtaC0pmWuacNwgVhVA\/viewform?fbzx=-3445625231416007213\">s\u2019inscrire<\/a>.<\/p>\n<p>Le programme complet sera bient\u00f4t d\u00e9voil\u00e9.<\/p>\n<p><a href=\"https:\/\/human-music.eu\/index.php\/new-deal-accueil\/\">Informations compl\u00e9mentaires<\/a><\/p>\n","protected":false},"excerpt":{"rendered":"<p>La 5\u00e8me \u00e9dition de New Deal, rencontres professionnelles de la musique, se tiendra les 16 et 17 novembre \u00e0 la Philharmonie de Paris. \u00c9quipes artistiques et programmateur\u00b7rice\u00b7s se rencontreront \u00e0 l\u2019occasion de speed-meetings, conf\u00e9rences et tables rondes ! Les inscriptions pour les programmateur\u00b7rice\u00b7s sont encore ouvertes, c\u2019est le moment de s\u2019inscrire. Le programme complet sera&#8230;<\/p>\n<p><a rel=\"bookmark\" class=\"theme-button-text wvc-button wvc-button-size-xs\" href=\"https:\/\/www.grandsformats.com\/en\/2020\/09\/new-deal-les-16-et-17-novembre-a-paris\/\"><small class=\"wvc-button-background-fill\"><\/small><span>Continue reading<\/span><\/a><\/p>\n","protected":false},"author":2,"featured_media":12515,"comment_status":"open","ping_status":"open","sticky":false,"template":"","format":"standard","meta":{"_acf_changed":false,"footnotes":""},"categories":[90,194],"tags":[],"class_list":["post-14135","post","type-post","status-publish","format-standard","has-post-thumbnail","hentry","category-grands-formats","category-evenements","entry-post-skin-light","entry","clearfix","entry-grid","entry-columns-default","entry-post-module-layout-sidebar-right","thumbnail-color-tone-light","entry-post","entry-masonry","entry-post-masonry"],"acf":[],"yoast_head":"<!-- This site is optimized with the Yoast SEO plugin v25.8 - https:\/\/yoast.com\/wordpress\/plugins\/seo\/ -->\n<title>New Deal les 16 et 17 novembre \u00e0 Paris - Site officiel de la f\u00e9d\u00e9ration Grands Formats<\/title>\n<meta name=\"robots\" content=\"index, follow, max-snippet:-1, max-image-preview:large, max-video-preview:-1\" \/>\n<link rel=\"canonical\" href=\"https:\/\/www.grandsformats.com\/en\/2020\/09\/new-deal-les-16-et-17-novembre-a-paris\/\" \/>\n<meta property=\"og:locale\" content=\"en_US\" \/>\n<meta property=\"og:type\" content=\"article\" \/>\n<meta property=\"og:title\" content=\"New Deal les 16 et 17 novembre \u00e0 Paris - Site officiel de la f\u00e9d\u00e9ration Grands Formats\" \/>\n<meta property=\"og:description\" content=\"La 5\u00e8me \u00e9dition de New Deal, rencontres professionnelles de la musique, se tiendra les 16 et 17 novembre \u00e0 la Philharmonie de Paris. \u00c9quipes artistiques et programmateur\u00b7rice\u00b7s se rencontreront \u00e0 l\u2019occasion de speed-meetings, conf\u00e9rences et tables rondes ! Les inscriptions pour les programmateur\u00b7rice\u00b7s sont encore ouvertes, c\u2019est le moment de s\u2019inscrire. Le programme complet sera...Continue reading\" \/>\n<meta property=\"og:url\" content=\"https:\/\/www.grandsformats.com\/en\/2020\/09\/new-deal-les-16-et-17-novembre-a-paris\/\" \/>\n<meta property=\"og:site_name\" content=\"Site officiel de la f\u00e9d\u00e9ration Grands Formats\" \/>\n<meta property=\"article:publisher\" content=\"https:\/\/www.facebook.com\/grandsformats\/\" \/>\n<meta property=\"article:published_time\" content=\"2020-09-09T09:20:19+00:00\" \/>\n<meta property=\"article:modified_time\" content=\"2020-09-10T08:29:10+00:00\" \/>\n<meta property=\"og:image\" content=\"https:\/\/www.grandsformats.com\/wp-content\/uploads\/2020\/04\/NewDeal_logo_noir_carre.jpg\" \/>\n\t<meta property=\"og:image:width\" content=\"1000\" \/>\n\t<meta property=\"og:image:height\" content=\"1000\" \/>\n\t<meta property=\"og:image:type\" content=\"image\/jpeg\" \/>\n<meta name=\"author\" content=\"Grands Formats\" \/>\n<meta name=\"twitter:card\" content=\"summary_large_image\" \/>\n<meta name=\"twitter:creator\" content=\"@GrandsFormatsGF\" \/>\n<meta name=\"twitter:site\" content=\"@GrandsFormatsGF\" \/>\n<meta name=\"twitter:label1\" content=\"Written by\" \/>\n\t<meta name=\"twitter:data1\" content=\"Grands Formats\" \/>\n<script type=\"application\/ld+json\" class=\"yoast-schema-graph\">{\"@context\":\"https:\/\/schema.org\",\"@graph\":[{\"@type\":\"Article\",\"@id\":\"https:\/\/www.grandsformats.com\/en\/2020\/09\/new-deal-les-16-et-17-novembre-a-paris\/#article\",\"isPartOf\":{\"@id\":\"https:\/\/www.grandsformats.com\/en\/2020\/09\/new-deal-les-16-et-17-novembre-a-paris\/\"},\"author\":{\"name\":\"Grands Formats\",\"@id\":\"https:\/\/www.grandsformats.com\/#\/schema\/person\/6ecde7e38a2254b5bc9d620679208ee1\"},\"headline\":\"New Deal les 16 et 17 novembre \u00e0 Paris\",\"datePublished\":\"2020-09-09T09:20:19+00:00\",\"dateModified\":\"2020-09-10T08:29:10+00:00\",\"mainEntityOfPage\":{\"@id\":\"https:\/\/www.grandsformats.com\/en\/2020\/09\/new-deal-les-16-et-17-novembre-a-paris\/\"},\"wordCount\":71,\"commentCount\":0,\"publisher\":{\"@id\":\"https:\/\/www.grandsformats.com\/#organization\"},\"image\":{\"@id\":\"https:\/\/www.grandsformats.com\/en\/2020\/09\/new-deal-les-16-et-17-novembre-a-paris\/#primaryimage\"},\"thumbnailUrl\":\"https:\/\/www.grandsformats.com\/wp-content\/uploads\/2020\/04\/NewDeal_logo_noir_carre.jpg\",\"articleSection\":[\"Actus de la f\u00e9d\u00e9\",\"Ev\u00e8nements\"],\"inLanguage\":\"en-US\",\"potentialAction\":[{\"@type\":\"CommentAction\",\"name\":\"Comment\",\"target\":[\"https:\/\/www.grandsformats.com\/en\/2020\/09\/new-deal-les-16-et-17-novembre-a-paris\/#respond\"]}]},{\"@type\":\"WebPage\",\"@id\":\"https:\/\/www.grandsformats.com\/en\/2020\/09\/new-deal-les-16-et-17-novembre-a-paris\/\",\"url\":\"https:\/\/www.grandsformats.com\/en\/2020\/09\/new-deal-les-16-et-17-novembre-a-paris\/\",\"name\":\"New Deal les 16 et 17 novembre \u00e0 Paris - Site officiel de la f\u00e9d\u00e9ration Grands Formats\",\"isPartOf\":{\"@id\":\"https:\/\/www.grandsformats.com\/#website\"},\"primaryImageOfPage\":{\"@id\":\"https:\/\/www.grandsformats.com\/en\/2020\/09\/new-deal-les-16-et-17-novembre-a-paris\/#primaryimage\"},\"image\":{\"@id\":\"https:\/\/www.grandsformats.com\/en\/2020\/09\/new-deal-les-16-et-17-novembre-a-paris\/#primaryimage\"},\"thumbnailUrl\":\"https:\/\/www.grandsformats.com\/wp-content\/uploads\/2020\/04\/NewDeal_logo_noir_carre.jpg\",\"datePublished\":\"2020-09-09T09:20:19+00:00\",\"dateModified\":\"2020-09-10T08:29:10+00:00\",\"breadcrumb\":{\"@id\":\"https:\/\/www.grandsformats.com\/en\/2020\/09\/new-deal-les-16-et-17-novembre-a-paris\/#breadcrumb\"},\"inLanguage\":\"en-US\",\"potentialAction\":[{\"@type\":\"ReadAction\",\"target\":[\"https:\/\/www.grandsformats.com\/en\/2020\/09\/new-deal-les-16-et-17-novembre-a-paris\/\"]}]},{\"@type\":\"ImageObject\",\"inLanguage\":\"en-US\",\"@id\":\"https:\/\/www.grandsformats.com\/en\/2020\/09\/new-deal-les-16-et-17-novembre-a-paris\/#primaryimage\",\"url\":\"https:\/\/www.grandsformats.com\/wp-content\/uploads\/2020\/04\/NewDeal_logo_noir_carre.jpg\",\"contentUrl\":\"https:\/\/www.grandsformats.com\/wp-content\/uploads\/2020\/04\/NewDeal_logo_noir_carre.jpg\",\"width\":1000,\"height\":1000,\"caption\":\"Logo de New Deal, rencontres professionnelles de la musique\"},{\"@type\":\"BreadcrumbList\",\"@id\":\"https:\/\/www.grandsformats.com\/en\/2020\/09\/new-deal-les-16-et-17-novembre-a-paris\/#breadcrumb\",\"itemListElement\":[{\"@type\":\"ListItem\",\"position\":1,\"name\":\"Accueil\",\"item\":\"https:\/\/www.grandsformats.com\/en\/\"},{\"@type\":\"ListItem\",\"position\":2,\"name\":\"New Deal les 16 et 17 novembre \u00e0 Paris\"}]},{\"@type\":\"WebSite\",\"@id\":\"https:\/\/www.grandsformats.com\/#website\",\"url\":\"https:\/\/www.grandsformats.com\/\",\"name\":\"Site officiel de la f\u00e9d\u00e9ration Grands Formats\",\"description\":\"F\u00e9d\u00e9ration d&#039;artistes pour la musique en grand !\",\"publisher\":{\"@id\":\"https:\/\/www.grandsformats.com\/#organization\"},\"potentialAction\":[{\"@type\":\"SearchAction\",\"target\":{\"@type\":\"EntryPoint\",\"urlTemplate\":\"https:\/\/www.grandsformats.com\/?s={search_term_string}\"},\"query-input\":{\"@type\":\"PropertyValueSpecification\",\"valueRequired\":true,\"valueName\":\"search_term_string\"}}],\"inLanguage\":\"en-US\"},{\"@type\":\"Organization\",\"@id\":\"https:\/\/www.grandsformats.com\/#organization\",\"name\":\"Grands Formats\",\"url\":\"https:\/\/www.grandsformats.com\/\",\"logo\":{\"@type\":\"ImageObject\",\"inLanguage\":\"en-US\",\"@id\":\"https:\/\/www.grandsformats.com\/#\/schema\/logo\/image\/\",\"url\":\"https:\/\/www.grandsformats.com\/wp-content\/uploads\/2020\/03\/logo-GF-200.png\",\"contentUrl\":\"https:\/\/www.grandsformats.com\/wp-content\/uploads\/2020\/03\/logo-GF-200.png\",\"width\":155,\"height\":200,\"caption\":\"Grands Formats\"},\"image\":{\"@id\":\"https:\/\/www.grandsformats.com\/#\/schema\/logo\/image\/\"},\"sameAs\":[\"https:\/\/www.facebook.com\/grandsformats\/\",\"https:\/\/x.com\/GrandsFormatsGF\",\"https:\/\/www.instagram.com\/grandsformats\/\",\"https:\/\/www.youtube.com\/channel\/UCJ7k9dbqc_DG-nxI3WMPvhw?view_as=subscriberhttps:\/\/www.youtube.com\/channel\/UCJ7k9dbqc_DG-nxI3WMPvhw?view_as=subscriber\"]},{\"@type\":\"Person\",\"@id\":\"https:\/\/www.grandsformats.com\/#\/schema\/person\/6ecde7e38a2254b5bc9d620679208ee1\",\"name\":\"Grands Formats\",\"image\":{\"@type\":\"ImageObject\",\"inLanguage\":\"en-US\",\"@id\":\"https:\/\/www.grandsformats.com\/#\/schema\/person\/image\/\",\"url\":\"https:\/\/secure.gravatar.com\/avatar\/5d06febf5ba4681bd17a251487132861b5339c2d72f789e59decf1c1b05d0078?s=96&d=mm&r=g\",\"contentUrl\":\"https:\/\/secure.gravatar.com\/avatar\/5d06febf5ba4681bd17a251487132861b5339c2d72f789e59decf1c1b05d0078?s=96&d=mm&r=g\",\"caption\":\"Grands Formats\"},\"url\":\"https:\/\/www.grandsformats.com\/en\/author\/margaux\/\"}]}<\/script>\n<!-- \/ Yoast SEO plugin. -->","yoast_head_json":{"title":"New Deal les 16 et 17 novembre \u00e0 Paris - Site officiel de la f\u00e9d\u00e9ration Grands Formats","robots":{"index":"index","follow":"follow","max-snippet":"max-snippet:-1","max-image-preview":"max-image-preview:large","max-video-preview":"max-video-preview:-1"},"canonical":"https:\/\/www.grandsformats.com\/en\/2020\/09\/new-deal-les-16-et-17-novembre-a-paris\/","og_locale":"en_US","og_type":"article","og_title":"New Deal les 16 et 17 novembre \u00e0 Paris - Site officiel de la f\u00e9d\u00e9ration Grands Formats","og_description":"La 5\u00e8me \u00e9dition de New Deal, rencontres professionnelles de la musique, se tiendra les 16 et 17 novembre \u00e0 la Philharmonie de Paris. \u00c9quipes artistiques et programmateur\u00b7rice\u00b7s se rencontreront \u00e0 l\u2019occasion de speed-meetings, conf\u00e9rences et tables rondes ! Les inscriptions pour les programmateur\u00b7rice\u00b7s sont encore ouvertes, c\u2019est le moment de s\u2019inscrire. Le programme complet sera...Continue reading","og_url":"https:\/\/www.grandsformats.com\/en\/2020\/09\/new-deal-les-16-et-17-novembre-a-paris\/","og_site_name":"Site officiel de la f\u00e9d\u00e9ration Grands Formats","article_publisher":"https:\/\/www.facebook.com\/grandsformats\/","article_published_time":"2020-09-09T09:20:19+00:00","article_modified_time":"2020-09-10T08:29:10+00:00","og_image":[{"width":1000,"height":1000,"url":"https:\/\/www.grandsformats.com\/wp-content\/uploads\/2020\/04\/NewDeal_logo_noir_carre.jpg","type":"image\/jpeg"}],"author":"Grands Formats","twitter_card":"summary_large_image","twitter_creator":"@GrandsFormatsGF","twitter_site":"@GrandsFormatsGF","twitter_misc":{"Written by":"Grands Formats"},"schema":{"@context":"https:\/\/schema.org","@graph":[{"@type":"Article","@id":"https:\/\/www.grandsformats.com\/en\/2020\/09\/new-deal-les-16-et-17-novembre-a-paris\/#article","isPartOf":{"@id":"https:\/\/www.grandsformats.com\/en\/2020\/09\/new-deal-les-16-et-17-novembre-a-paris\/"},"author":{"name":"Grands Formats","@id":"https:\/\/www.grandsformats.com\/#\/schema\/person\/6ecde7e38a2254b5bc9d620679208ee1"},"headline":"New Deal les 16 et 17 novembre \u00e0 Paris","datePublished":"2020-09-09T09:20:19+00:00","dateModified":"2020-09-10T08:29:10+00:00","mainEntityOfPage":{"@id":"https:\/\/www.grandsformats.com\/en\/2020\/09\/new-deal-les-16-et-17-novembre-a-paris\/"},"wordCount":71,"commentCount":0,"publisher":{"@id":"https:\/\/www.grandsformats.com\/#organization"},"image":{"@id":"https:\/\/www.grandsformats.com\/en\/2020\/09\/new-deal-les-16-et-17-novembre-a-paris\/#primaryimage"},"thumbnailUrl":"https:\/\/www.grandsformats.com\/wp-content\/uploads\/2020\/04\/NewDeal_logo_noir_carre.jpg","articleSection":["Actus de la f\u00e9d\u00e9","Ev\u00e8nements"],"inLanguage":"en-US","potentialAction":[{"@type":"CommentAction","name":"Comment","target":["https:\/\/www.grandsformats.com\/en\/2020\/09\/new-deal-les-16-et-17-novembre-a-paris\/#respond"]}]},{"@type":"WebPage","@id":"https:\/\/www.grandsformats.com\/en\/2020\/09\/new-deal-les-16-et-17-novembre-a-paris\/","url":"https:\/\/www.grandsformats.com\/en\/2020\/09\/new-deal-les-16-et-17-novembre-a-paris\/","name":"New Deal les 16 et 17 novembre \u00e0 Paris - Site officiel de la f\u00e9d\u00e9ration Grands Formats","isPartOf":{"@id":"https:\/\/www.grandsformats.com\/#website"},"primaryImageOfPage":{"@id":"https:\/\/www.grandsformats.com\/en\/2020\/09\/new-deal-les-16-et-17-novembre-a-paris\/#primaryimage"},"image":{"@id":"https:\/\/www.grandsformats.com\/en\/2020\/09\/new-deal-les-16-et-17-novembre-a-paris\/#primaryimage"},"thumbnailUrl":"https:\/\/www.grandsformats.com\/wp-content\/uploads\/2020\/04\/NewDeal_logo_noir_carre.jpg","datePublished":"2020-09-09T09:20:19+00:00","dateModified":"2020-09-10T08:29:10+00:00","breadcrumb":{"@id":"https:\/\/www.grandsformats.com\/en\/2020\/09\/new-deal-les-16-et-17-novembre-a-paris\/#breadcrumb"},"inLanguage":"en-US","potentialAction":[{"@type":"ReadAction","target":["https:\/\/www.grandsformats.com\/en\/2020\/09\/new-deal-les-16-et-17-novembre-a-paris\/"]}]},{"@type":"ImageObject","inLanguage":"en-US","@id":"https:\/\/www.grandsformats.com\/en\/2020\/09\/new-deal-les-16-et-17-novembre-a-paris\/#primaryimage","url":"https:\/\/www.grandsformats.com\/wp-content\/uploads\/2020\/04\/NewDeal_logo_noir_carre.jpg","contentUrl":"https:\/\/www.grandsformats.com\/wp-content\/uploads\/2020\/04\/NewDeal_logo_noir_carre.jpg","width":1000,"height":1000,"caption":"Logo de New Deal, rencontres professionnelles de la musique"},{"@type":"BreadcrumbList","@id":"https:\/\/www.grandsformats.com\/en\/2020\/09\/new-deal-les-16-et-17-novembre-a-paris\/#breadcrumb","itemListElement":[{"@type":"ListItem","position":1,"name":"Accueil","item":"https:\/\/www.grandsformats.com\/en\/"},{"@type":"ListItem","position":2,"name":"New Deal les 16 et 17 novembre \u00e0 Paris"}]},{"@type":"WebSite","@id":"https:\/\/www.grandsformats.com\/#website","url":"https:\/\/www.grandsformats.com\/","name":"Site officiel de la f\u00e9d\u00e9ration Grands Formats","description":"F\u00e9d\u00e9ration d&#039;artistes pour la musique en grand !","publisher":{"@id":"https:\/\/www.grandsformats.com\/#organization"},"potentialAction":[{"@type":"SearchAction","target":{"@type":"EntryPoint","urlTemplate":"https:\/\/www.grandsformats.com\/?s={search_term_string}"},"query-input":{"@type":"PropertyValueSpecification","valueRequired":true,"valueName":"search_term_string"}}],"inLanguage":"en-US"},{"@type":"Organization","@id":"https:\/\/www.grandsformats.com\/#organization","name":"Grands Formats","url":"https:\/\/www.grandsformats.com\/","logo":{"@type":"ImageObject","inLanguage":"en-US","@id":"https:\/\/www.grandsformats.com\/#\/schema\/logo\/image\/","url":"https:\/\/www.grandsformats.com\/wp-content\/uploads\/2020\/03\/logo-GF-200.png","contentUrl":"https:\/\/www.grandsformats.com\/wp-content\/uploads\/2020\/03\/logo-GF-200.png","width":155,"height":200,"caption":"Grands Formats"},"image":{"@id":"https:\/\/www.grandsformats.com\/#\/schema\/logo\/image\/"},"sameAs":["https:\/\/www.facebook.com\/grandsformats\/","https:\/\/x.com\/GrandsFormatsGF","https:\/\/www.instagram.com\/grandsformats\/","https:\/\/www.youtube.com\/channel\/UCJ7k9dbqc_DG-nxI3WMPvhw?view_as=subscriberhttps:\/\/www.youtube.com\/channel\/UCJ7k9dbqc_DG-nxI3WMPvhw?view_as=subscriber"]},{"@type":"Person","@id":"https:\/\/www.grandsformats.com\/#\/schema\/person\/6ecde7e38a2254b5bc9d620679208ee1","name":"Grands Formats","image":{"@type":"ImageObject","inLanguage":"en-US","@id":"https:\/\/www.grandsformats.com\/#\/schema\/person\/image\/","url":"https:\/\/secure.gravatar.com\/avatar\/5d06febf5ba4681bd17a251487132861b5339c2d72f789e59decf1c1b05d0078?s=96&d=mm&r=g","contentUrl":"https:\/\/secure.gravatar.com\/avatar\/5d06febf5ba4681bd17a251487132861b5339c2d72f789e59decf1c1b05d0078?s=96&d=mm&r=g","caption":"Grands Formats"},"url":"https:\/\/www.grandsformats.com\/en\/author\/margaux\/"}]}},"_links":{"self":[{"href":"https:\/\/www.grandsformats.com\/en\/wp-json\/wp\/v2\/posts\/14135","targetHints":{"allow":["GET"]}}],"collection":[{"href":"https:\/\/www.grandsformats.com\/en\/wp-json\/wp\/v2\/posts"}],"about":[{"href":"https:\/\/www.grandsformats.com\/en\/wp-json\/wp\/v2\/types\/post"}],"author":[{"embeddable":true,"href":"https:\/\/www.grandsformats.com\/en\/wp-json\/wp\/v2\/users\/2"}],"replies":[{"embeddable":true,"href":"https:\/\/www.grandsformats.com\/en\/wp-json\/wp\/v2\/comments?post=14135"}],"version-history":[{"count":0,"href":"https:\/\/www.grandsformats.com\/en\/wp-json\/wp\/v2\/posts\/14135\/revisions"}],"wp:featuredmedia":[{"embeddable":true,"href":"https:\/\/www.grandsformats.com\/en\/wp-json\/wp\/v2\/media\/12515"}],"wp:attachment":[{"href":"https:\/\/www.grandsformats.com\/en\/wp-json\/wp\/v2\/media?parent=14135"}],"wp:term":[{"taxonomy":"category","embeddable":true,"href":"https:\/\/www.grandsformats.com\/en\/wp-json\/wp\/v2\/categories?post=14135"},{"taxonomy":"post_tag","embeddable":true,"href":"https:\/\/www.grandsformats.com\/en\/wp-json\/wp\/v2\/tags?post=14135"}],"curies":[{"name":"wp","href":"https:\/\/api.w.org\/{rel}","templated":true}]}}