{"id":14115,"date":"2020-09-09T10:51:36","date_gmt":"2020-09-09T08:51:36","guid":{"rendered":"https:\/\/www.grandsformats.com\/?p=14115"},"modified":"2020-09-09T10:51:36","modified_gmt":"2020-09-09T08:51:36","slug":"aum-grand-ensemble-au-festival-musica","status":"publish","type":"post","link":"https:\/\/www.grandsformats.com\/en\/2020\/09\/aum-grand-ensemble-au-festival-musica\/","title":{"rendered":"Aum Grand Ensemble au festival Musica"},"content":{"rendered":"<h4 class=\"text-build-content\" data-testid=\"2JYN39cyVK\">AUM Grand Ensemble et l&#8217;Ensemble 0 jouent &#8220;Femenine&#8221; de Julius Eastman au festival Musica le 27 septembre<\/h4>\n<p>Commande du Lieu Unique \u00e0 Nantes pour le Festival Variations 2019, une partie de <a href=\"https:\/\/www.grandsformats.com\/artist\/aum-grand-ensemble\/\">AUM Grand Ensemble<\/a> s\u2019associe \u00e0 l\u2019Ensemble 0 pour recr\u00e9er une pi\u00e8ce majeure du compositeur Julius Eastman, dont le travail, fascinant et singulier, entre musique contemporaine r\u00e9p\u00e9titive et disco naissante, est petit \u00e0 petit retrouv\u00e9 et mis en valeur malgr\u00e9 sa mort pr\u00e9matur\u00e9e et anonyme parmi les SDF de New-York.<\/p>\n<p>Vivre la musique au sens fort du terme, en affrontant l\u2019establishment de la culture, ses tabous raciaux et sexuels, telle fut la lutte de Julius Eastman. Selon la l\u00e9gende, lors de la cr\u00e9ation de ce chef d\u2019\u0153uvre de la musique minimaliste \u00e0 New York en 1974, tandis que Femenine \u00e9tait jou\u00e9e dans une salle, une autre \u0153uvre du compositeur dont on a perdu toute trace, sinon son titre, \u00e9tait jou\u00e9e simultan\u00e9ment dans une salle adjacente : Masculine. Une mani\u00e8re \u00e0 la fois simple et radicale pour le compositeur de confronter l\u2019auditoire \u00e0 la binarit\u00e9 des identit\u00e9s de genre, dont il nous reste toujours aujourd\u2019hui \u00e0 explorer les assignations et les reliefs.<\/p>\n","protected":false},"excerpt":{"rendered":"<p>AUM Grand Ensemble et l&#8217;Ensemble 0 jouent &#8220;Femenine&#8221; de Julius Eastman au festival Musica le 27 septembre Commande du Lieu Unique \u00e0 Nantes pour le Festival Variations 2019, une partie de AUM Grand Ensemble s\u2019associe \u00e0 l\u2019Ensemble 0 pour recr\u00e9er une pi\u00e8ce majeure du compositeur Julius Eastman, dont le travail, fascinant et singulier, entre musique&#8230;<\/p>\n<p><a rel=\"bookmark\" class=\"theme-button-text wvc-button wvc-button-size-xs\" href=\"https:\/\/www.grandsformats.com\/en\/2020\/09\/aum-grand-ensemble-au-festival-musica\/\"><small class=\"wvc-button-background-fill\"><\/small><span>Continue reading<\/span><\/a><\/p>\n","protected":false},"author":2,"featured_media":13097,"comment_status":"open","ping_status":"open","sticky":false,"template":"","format":"standard","meta":{"_acf_changed":false,"footnotes":""},"categories":[727],"tags":[],"class_list":["post-14115","post","type-post","status-publish","format-standard","has-post-thumbnail","hentry","category-aum-grand-ensemble","entry-post-skin-light","entry","clearfix","entry-grid","entry-columns-default","entry-post-module-layout-sidebar-right","thumbnail-color-tone-dark","metro-landscape","entry-post","entry-masonry","entry-post-masonry"],"acf":[],"yoast_head":"<!-- This site is optimized with the Yoast SEO plugin v25.8 - https:\/\/yoast.com\/wordpress\/plugins\/seo\/ -->\n<title>Aum Grand Ensemble au festival Musica - Site officiel de la f\u00e9d\u00e9ration Grands Formats<\/title>\n<meta name=\"robots\" content=\"index, follow, max-snippet:-1, max-image-preview:large, max-video-preview:-1\" \/>\n<link rel=\"canonical\" href=\"https:\/\/www.grandsformats.com\/en\/2020\/09\/aum-grand-ensemble-au-festival-musica\/\" \/>\n<meta property=\"og:locale\" content=\"en_US\" \/>\n<meta property=\"og:type\" content=\"article\" \/>\n<meta property=\"og:title\" content=\"Aum Grand Ensemble au festival Musica - Site officiel de la f\u00e9d\u00e9ration Grands Formats\" \/>\n<meta property=\"og:description\" content=\"AUM Grand Ensemble et l&#8217;Ensemble 0 jouent &#8220;Femenine&#8221; de Julius Eastman au festival Musica le 27 septembre Commande du Lieu Unique \u00e0 Nantes pour le Festival Variations 2019, une partie de AUM Grand Ensemble s\u2019associe \u00e0 l\u2019Ensemble 0 pour recr\u00e9er une pi\u00e8ce majeure du compositeur Julius Eastman, dont le travail, fascinant et singulier, entre musique...Continue reading\" \/>\n<meta property=\"og:url\" content=\"https:\/\/www.grandsformats.com\/en\/2020\/09\/aum-grand-ensemble-au-festival-musica\/\" \/>\n<meta property=\"og:site_name\" content=\"Site officiel de la f\u00e9d\u00e9ration Grands Formats\" \/>\n<meta property=\"article:publisher\" content=\"https:\/\/www.facebook.com\/grandsformats\/\" \/>\n<meta property=\"article:published_time\" content=\"2020-09-09T08:51:36+00:00\" \/>\n<meta property=\"og:image\" content=\"https:\/\/www.grandsformats.com\/wp-content\/uploads\/2020\/03\/AUM-Grand-Ensemble-\u00a9-Remi-Angeli-1920x1080-2.jpg\" \/>\n\t<meta property=\"og:image:width\" content=\"1920\" \/>\n\t<meta property=\"og:image:height\" content=\"1080\" \/>\n\t<meta property=\"og:image:type\" content=\"image\/jpeg\" \/>\n<meta name=\"author\" content=\"Grands Formats\" \/>\n<meta name=\"twitter:card\" content=\"summary_large_image\" \/>\n<meta name=\"twitter:creator\" content=\"@GrandsFormatsGF\" \/>\n<meta name=\"twitter:site\" content=\"@GrandsFormatsGF\" \/>\n<meta name=\"twitter:label1\" content=\"Written by\" \/>\n\t<meta name=\"twitter:data1\" content=\"Grands Formats\" \/>\n\t<meta name=\"twitter:label2\" content=\"Est. reading time\" \/>\n\t<meta name=\"twitter:data2\" content=\"1 minute\" \/>\n<script type=\"application\/ld+json\" class=\"yoast-schema-graph\">{\"@context\":\"https:\/\/schema.org\",\"@graph\":[{\"@type\":\"Article\",\"@id\":\"https:\/\/www.grandsformats.com\/en\/2020\/09\/aum-grand-ensemble-au-festival-musica\/#article\",\"isPartOf\":{\"@id\":\"https:\/\/www.grandsformats.com\/en\/2020\/09\/aum-grand-ensemble-au-festival-musica\/\"},\"author\":{\"name\":\"Grands Formats\",\"@id\":\"https:\/\/www.grandsformats.com\/#\/schema\/person\/6ecde7e38a2254b5bc9d620679208ee1\"},\"headline\":\"Aum Grand Ensemble au festival Musica\",\"datePublished\":\"2020-09-09T08:51:36+00:00\",\"mainEntityOfPage\":{\"@id\":\"https:\/\/www.grandsformats.com\/en\/2020\/09\/aum-grand-ensemble-au-festival-musica\/\"},\"wordCount\":204,\"commentCount\":0,\"publisher\":{\"@id\":\"https:\/\/www.grandsformats.com\/#organization\"},\"image\":{\"@id\":\"https:\/\/www.grandsformats.com\/en\/2020\/09\/aum-grand-ensemble-au-festival-musica\/#primaryimage\"},\"thumbnailUrl\":\"https:\/\/www.grandsformats.com\/wp-content\/uploads\/2020\/03\/AUM-Grand-Ensemble-\u00a9-Remi-Angeli-1920x1080-2.jpg\",\"articleSection\":[\"Aum Grand Ensemble\"],\"inLanguage\":\"en-US\",\"potentialAction\":[{\"@type\":\"CommentAction\",\"name\":\"Comment\",\"target\":[\"https:\/\/www.grandsformats.com\/en\/2020\/09\/aum-grand-ensemble-au-festival-musica\/#respond\"]}]},{\"@type\":\"WebPage\",\"@id\":\"https:\/\/www.grandsformats.com\/en\/2020\/09\/aum-grand-ensemble-au-festival-musica\/\",\"url\":\"https:\/\/www.grandsformats.com\/en\/2020\/09\/aum-grand-ensemble-au-festival-musica\/\",\"name\":\"Aum Grand Ensemble au festival Musica - Site officiel de la f\u00e9d\u00e9ration Grands Formats\",\"isPartOf\":{\"@id\":\"https:\/\/www.grandsformats.com\/#website\"},\"primaryImageOfPage\":{\"@id\":\"https:\/\/www.grandsformats.com\/en\/2020\/09\/aum-grand-ensemble-au-festival-musica\/#primaryimage\"},\"image\":{\"@id\":\"https:\/\/www.grandsformats.com\/en\/2020\/09\/aum-grand-ensemble-au-festival-musica\/#primaryimage\"},\"thumbnailUrl\":\"https:\/\/www.grandsformats.com\/wp-content\/uploads\/2020\/03\/AUM-Grand-Ensemble-\u00a9-Remi-Angeli-1920x1080-2.jpg\",\"datePublished\":\"2020-09-09T08:51:36+00:00\",\"breadcrumb\":{\"@id\":\"https:\/\/www.grandsformats.com\/en\/2020\/09\/aum-grand-ensemble-au-festival-musica\/#breadcrumb\"},\"inLanguage\":\"en-US\",\"potentialAction\":[{\"@type\":\"ReadAction\",\"target\":[\"https:\/\/www.grandsformats.com\/en\/2020\/09\/aum-grand-ensemble-au-festival-musica\/\"]}]},{\"@type\":\"ImageObject\",\"inLanguage\":\"en-US\",\"@id\":\"https:\/\/www.grandsformats.com\/en\/2020\/09\/aum-grand-ensemble-au-festival-musica\/#primaryimage\",\"url\":\"https:\/\/www.grandsformats.com\/wp-content\/uploads\/2020\/03\/AUM-Grand-Ensemble-\u00a9-Remi-Angeli-1920x1080-2.jpg\",\"contentUrl\":\"https:\/\/www.grandsformats.com\/wp-content\/uploads\/2020\/03\/AUM-Grand-Ensemble-\u00a9-Remi-Angeli-1920x1080-2.jpg\",\"width\":1920,\"height\":1080,\"caption\":\"AUM Grand Ensemble \u00a9 Remi Angeli\"},{\"@type\":\"BreadcrumbList\",\"@id\":\"https:\/\/www.grandsformats.com\/en\/2020\/09\/aum-grand-ensemble-au-festival-musica\/#breadcrumb\",\"itemListElement\":[{\"@type\":\"ListItem\",\"position\":1,\"name\":\"Accueil\",\"item\":\"https:\/\/www.grandsformats.com\/en\/\"},{\"@type\":\"ListItem\",\"position\":2,\"name\":\"Aum Grand Ensemble au festival Musica\"}]},{\"@type\":\"WebSite\",\"@id\":\"https:\/\/www.grandsformats.com\/#website\",\"url\":\"https:\/\/www.grandsformats.com\/\",\"name\":\"Site officiel de la f\u00e9d\u00e9ration Grands Formats\",\"description\":\"F\u00e9d\u00e9ration d&#039;artistes pour la musique en grand !\",\"publisher\":{\"@id\":\"https:\/\/www.grandsformats.com\/#organization\"},\"potentialAction\":[{\"@type\":\"SearchAction\",\"target\":{\"@type\":\"EntryPoint\",\"urlTemplate\":\"https:\/\/www.grandsformats.com\/?s={search_term_string}\"},\"query-input\":{\"@type\":\"PropertyValueSpecification\",\"valueRequired\":true,\"valueName\":\"search_term_string\"}}],\"inLanguage\":\"en-US\"},{\"@type\":\"Organization\",\"@id\":\"https:\/\/www.grandsformats.com\/#organization\",\"name\":\"Grands Formats\",\"url\":\"https:\/\/www.grandsformats.com\/\",\"logo\":{\"@type\":\"ImageObject\",\"inLanguage\":\"en-US\",\"@id\":\"https:\/\/www.grandsformats.com\/#\/schema\/logo\/image\/\",\"url\":\"https:\/\/www.grandsformats.com\/wp-content\/uploads\/2020\/03\/logo-GF-200.png\",\"contentUrl\":\"https:\/\/www.grandsformats.com\/wp-content\/uploads\/2020\/03\/logo-GF-200.png\",\"width\":155,\"height\":200,\"caption\":\"Grands Formats\"},\"image\":{\"@id\":\"https:\/\/www.grandsformats.com\/#\/schema\/logo\/image\/\"},\"sameAs\":[\"https:\/\/www.facebook.com\/grandsformats\/\",\"https:\/\/x.com\/GrandsFormatsGF\",\"https:\/\/www.instagram.com\/grandsformats\/\",\"https:\/\/www.youtube.com\/channel\/UCJ7k9dbqc_DG-nxI3WMPvhw?view_as=subscriberhttps:\/\/www.youtube.com\/channel\/UCJ7k9dbqc_DG-nxI3WMPvhw?view_as=subscriber\"]},{\"@type\":\"Person\",\"@id\":\"https:\/\/www.grandsformats.com\/#\/schema\/person\/6ecde7e38a2254b5bc9d620679208ee1\",\"name\":\"Grands Formats\",\"image\":{\"@type\":\"ImageObject\",\"inLanguage\":\"en-US\",\"@id\":\"https:\/\/www.grandsformats.com\/#\/schema\/person\/image\/\",\"url\":\"https:\/\/secure.gravatar.com\/avatar\/5d06febf5ba4681bd17a251487132861b5339c2d72f789e59decf1c1b05d0078?s=96&d=mm&r=g\",\"contentUrl\":\"https:\/\/secure.gravatar.com\/avatar\/5d06febf5ba4681bd17a251487132861b5339c2d72f789e59decf1c1b05d0078?s=96&d=mm&r=g\",\"caption\":\"Grands Formats\"},\"url\":\"https:\/\/www.grandsformats.com\/en\/author\/margaux\/\"}]}<\/script>\n<!-- \/ Yoast SEO plugin. -->","yoast_head_json":{"title":"Aum Grand Ensemble au festival Musica - Site officiel de la f\u00e9d\u00e9ration Grands Formats","robots":{"index":"index","follow":"follow","max-snippet":"max-snippet:-1","max-image-preview":"max-image-preview:large","max-video-preview":"max-video-preview:-1"},"canonical":"https:\/\/www.grandsformats.com\/en\/2020\/09\/aum-grand-ensemble-au-festival-musica\/","og_locale":"en_US","og_type":"article","og_title":"Aum Grand Ensemble au festival Musica - Site officiel de la f\u00e9d\u00e9ration Grands Formats","og_description":"AUM Grand Ensemble et l&#8217;Ensemble 0 jouent &#8220;Femenine&#8221; de Julius Eastman au festival Musica le 27 septembre Commande du Lieu Unique \u00e0 Nantes pour le Festival Variations 2019, une partie de AUM Grand Ensemble s\u2019associe \u00e0 l\u2019Ensemble 0 pour recr\u00e9er une pi\u00e8ce majeure du compositeur Julius Eastman, dont le travail, fascinant et singulier, entre musique...Continue reading","og_url":"https:\/\/www.grandsformats.com\/en\/2020\/09\/aum-grand-ensemble-au-festival-musica\/","og_site_name":"Site officiel de la f\u00e9d\u00e9ration Grands Formats","article_publisher":"https:\/\/www.facebook.com\/grandsformats\/","article_published_time":"2020-09-09T08:51:36+00:00","og_image":[{"width":1920,"height":1080,"url":"https:\/\/www.grandsformats.com\/wp-content\/uploads\/2020\/03\/AUM-Grand-Ensemble-\u00a9-Remi-Angeli-1920x1080-2.jpg","type":"image\/jpeg"}],"author":"Grands Formats","twitter_card":"summary_large_image","twitter_creator":"@GrandsFormatsGF","twitter_site":"@GrandsFormatsGF","twitter_misc":{"Written by":"Grands Formats","Est. reading time":"1 minute"},"schema":{"@context":"https:\/\/schema.org","@graph":[{"@type":"Article","@id":"https:\/\/www.grandsformats.com\/en\/2020\/09\/aum-grand-ensemble-au-festival-musica\/#article","isPartOf":{"@id":"https:\/\/www.grandsformats.com\/en\/2020\/09\/aum-grand-ensemble-au-festival-musica\/"},"author":{"name":"Grands Formats","@id":"https:\/\/www.grandsformats.com\/#\/schema\/person\/6ecde7e38a2254b5bc9d620679208ee1"},"headline":"Aum Grand Ensemble au festival Musica","datePublished":"2020-09-09T08:51:36+00:00","mainEntityOfPage":{"@id":"https:\/\/www.grandsformats.com\/en\/2020\/09\/aum-grand-ensemble-au-festival-musica\/"},"wordCount":204,"commentCount":0,"publisher":{"@id":"https:\/\/www.grandsformats.com\/#organization"},"image":{"@id":"https:\/\/www.grandsformats.com\/en\/2020\/09\/aum-grand-ensemble-au-festival-musica\/#primaryimage"},"thumbnailUrl":"https:\/\/www.grandsformats.com\/wp-content\/uploads\/2020\/03\/AUM-Grand-Ensemble-\u00a9-Remi-Angeli-1920x1080-2.jpg","articleSection":["Aum Grand Ensemble"],"inLanguage":"en-US","potentialAction":[{"@type":"CommentAction","name":"Comment","target":["https:\/\/www.grandsformats.com\/en\/2020\/09\/aum-grand-ensemble-au-festival-musica\/#respond"]}]},{"@type":"WebPage","@id":"https:\/\/www.grandsformats.com\/en\/2020\/09\/aum-grand-ensemble-au-festival-musica\/","url":"https:\/\/www.grandsformats.com\/en\/2020\/09\/aum-grand-ensemble-au-festival-musica\/","name":"Aum Grand Ensemble au festival Musica - Site officiel de la f\u00e9d\u00e9ration Grands Formats","isPartOf":{"@id":"https:\/\/www.grandsformats.com\/#website"},"primaryImageOfPage":{"@id":"https:\/\/www.grandsformats.com\/en\/2020\/09\/aum-grand-ensemble-au-festival-musica\/#primaryimage"},"image":{"@id":"https:\/\/www.grandsformats.com\/en\/2020\/09\/aum-grand-ensemble-au-festival-musica\/#primaryimage"},"thumbnailUrl":"https:\/\/www.grandsformats.com\/wp-content\/uploads\/2020\/03\/AUM-Grand-Ensemble-\u00a9-Remi-Angeli-1920x1080-2.jpg","datePublished":"2020-09-09T08:51:36+00:00","breadcrumb":{"@id":"https:\/\/www.grandsformats.com\/en\/2020\/09\/aum-grand-ensemble-au-festival-musica\/#breadcrumb"},"inLanguage":"en-US","potentialAction":[{"@type":"ReadAction","target":["https:\/\/www.grandsformats.com\/en\/2020\/09\/aum-grand-ensemble-au-festival-musica\/"]}]},{"@type":"ImageObject","inLanguage":"en-US","@id":"https:\/\/www.grandsformats.com\/en\/2020\/09\/aum-grand-ensemble-au-festival-musica\/#primaryimage","url":"https:\/\/www.grandsformats.com\/wp-content\/uploads\/2020\/03\/AUM-Grand-Ensemble-\u00a9-Remi-Angeli-1920x1080-2.jpg","contentUrl":"https:\/\/www.grandsformats.com\/wp-content\/uploads\/2020\/03\/AUM-Grand-Ensemble-\u00a9-Remi-Angeli-1920x1080-2.jpg","width":1920,"height":1080,"caption":"AUM Grand Ensemble \u00a9 Remi Angeli"},{"@type":"BreadcrumbList","@id":"https:\/\/www.grandsformats.com\/en\/2020\/09\/aum-grand-ensemble-au-festival-musica\/#breadcrumb","itemListElement":[{"@type":"ListItem","position":1,"name":"Accueil","item":"https:\/\/www.grandsformats.com\/en\/"},{"@type":"ListItem","position":2,"name":"Aum Grand Ensemble au festival Musica"}]},{"@type":"WebSite","@id":"https:\/\/www.grandsformats.com\/#website","url":"https:\/\/www.grandsformats.com\/","name":"Site officiel de la f\u00e9d\u00e9ration Grands Formats","description":"F\u00e9d\u00e9ration d&#039;artistes pour la musique en grand !","publisher":{"@id":"https:\/\/www.grandsformats.com\/#organization"},"potentialAction":[{"@type":"SearchAction","target":{"@type":"EntryPoint","urlTemplate":"https:\/\/www.grandsformats.com\/?s={search_term_string}"},"query-input":{"@type":"PropertyValueSpecification","valueRequired":true,"valueName":"search_term_string"}}],"inLanguage":"en-US"},{"@type":"Organization","@id":"https:\/\/www.grandsformats.com\/#organization","name":"Grands Formats","url":"https:\/\/www.grandsformats.com\/","logo":{"@type":"ImageObject","inLanguage":"en-US","@id":"https:\/\/www.grandsformats.com\/#\/schema\/logo\/image\/","url":"https:\/\/www.grandsformats.com\/wp-content\/uploads\/2020\/03\/logo-GF-200.png","contentUrl":"https:\/\/www.grandsformats.com\/wp-content\/uploads\/2020\/03\/logo-GF-200.png","width":155,"height":200,"caption":"Grands Formats"},"image":{"@id":"https:\/\/www.grandsformats.com\/#\/schema\/logo\/image\/"},"sameAs":["https:\/\/www.facebook.com\/grandsformats\/","https:\/\/x.com\/GrandsFormatsGF","https:\/\/www.instagram.com\/grandsformats\/","https:\/\/www.youtube.com\/channel\/UCJ7k9dbqc_DG-nxI3WMPvhw?view_as=subscriberhttps:\/\/www.youtube.com\/channel\/UCJ7k9dbqc_DG-nxI3WMPvhw?view_as=subscriber"]},{"@type":"Person","@id":"https:\/\/www.grandsformats.com\/#\/schema\/person\/6ecde7e38a2254b5bc9d620679208ee1","name":"Grands Formats","image":{"@type":"ImageObject","inLanguage":"en-US","@id":"https:\/\/www.grandsformats.com\/#\/schema\/person\/image\/","url":"https:\/\/secure.gravatar.com\/avatar\/5d06febf5ba4681bd17a251487132861b5339c2d72f789e59decf1c1b05d0078?s=96&d=mm&r=g","contentUrl":"https:\/\/secure.gravatar.com\/avatar\/5d06febf5ba4681bd17a251487132861b5339c2d72f789e59decf1c1b05d0078?s=96&d=mm&r=g","caption":"Grands Formats"},"url":"https:\/\/www.grandsformats.com\/en\/author\/margaux\/"}]}},"_links":{"self":[{"href":"https:\/\/www.grandsformats.com\/en\/wp-json\/wp\/v2\/posts\/14115","targetHints":{"allow":["GET"]}}],"collection":[{"href":"https:\/\/www.grandsformats.com\/en\/wp-json\/wp\/v2\/posts"}],"about":[{"href":"https:\/\/www.grandsformats.com\/en\/wp-json\/wp\/v2\/types\/post"}],"author":[{"embeddable":true,"href":"https:\/\/www.grandsformats.com\/en\/wp-json\/wp\/v2\/users\/2"}],"replies":[{"embeddable":true,"href":"https:\/\/www.grandsformats.com\/en\/wp-json\/wp\/v2\/comments?post=14115"}],"version-history":[{"count":0,"href":"https:\/\/www.grandsformats.com\/en\/wp-json\/wp\/v2\/posts\/14115\/revisions"}],"wp:featuredmedia":[{"embeddable":true,"href":"https:\/\/www.grandsformats.com\/en\/wp-json\/wp\/v2\/media\/13097"}],"wp:attachment":[{"href":"https:\/\/www.grandsformats.com\/en\/wp-json\/wp\/v2\/media?parent=14115"}],"wp:term":[{"taxonomy":"category","embeddable":true,"href":"https:\/\/www.grandsformats.com\/en\/wp-json\/wp\/v2\/categories?post=14115"},{"taxonomy":"post_tag","embeddable":true,"href":"https:\/\/www.grandsformats.com\/en\/wp-json\/wp\/v2\/tags?post=14115"}],"curies":[{"name":"wp","href":"https:\/\/api.w.org\/{rel}","templated":true}]}}