{"id":14092,"date":"2020-09-09T10:19:53","date_gmt":"2020-09-09T08:19:53","guid":{"rendered":"https:\/\/www.grandsformats.com\/?p=14092"},"modified":"2020-09-09T10:21:16","modified_gmt":"2020-09-09T08:21:16","slug":"lorchestre-national-de-jazz-sort-deux-albums","status":"publish","type":"post","link":"https:\/\/www.grandsformats.com\/en\/2020\/09\/lorchestre-national-de-jazz-sort-deux-albums\/","title":{"rendered":"L&#8217;Orchestre National de Jazz sort deux albums"},"content":{"rendered":"<p>L\u2019<a href=\"https:\/\/www.grandsformats.com\/artist\/orchestre-national-de-jazz\/\">Orchestre National de Jazz<\/a> d\u00e9marre la saison 2020-2021 avec la sortie simultan\u00e9e de ses deux albums &#8220;Dancing in Your Head(s)&#8221; et &#8220;Rituels&#8221;. Fid\u00e8le \u00e0 son d\u00e9sir de donner \u00e0 entendre diverses esth\u00e9tiques, Fr\u00e9d\u00e9ric Maurin pr\u00e9sente \u00e0 travers ces deux r\u00e9pertoires cr\u00e9\u00e9s en 2019, deux facettes tr\u00e8s diff\u00e9rentes de l\u2019orchestre, l\u2019une dans une version live enregistr\u00e9e au Festival Jazzdor Strasbourg-Berlin, l\u2019autre dans une version studio. Les concerts de sortie d\u2019albums auront lieu le 28 octobre au Studio de l\u2019Ermitage pour &#8220;Rituels&#8221; et le 13 novembre \u00e0 La Scala pour &#8220;Dancing in Your Head(s)&#8221;.<\/p>\n<p>L&#8217;Orchestre National de Jazz jouera notamment &#8220;Rituels&#8221; le 2 octobre 2020 aux Passerelles (Pontault-Combault) lors de la <a href=\"https:\/\/www.facebook.com\/events\/2381200865516844?acontext=%7B%22action_history%22%3A[%7B%22surface%22%3A%22page%22%2C%22mechanism%22%3A%22page_admin_bar%22%2C%22extra_data%22%3A%22%7B%5C%22page_id%5C%22%3A273519992664670%7D%22%7D%2C%7B%22surface%22%3A%22events_admin_tool%22%2C%22mechanism%22%3A%22events_admin_tool%22%2C%22extra_data%22%3A%22[]%22%7D]%2C%22has_source%22%3Atrue%7D\">Rentr\u00e9e Grands Formats<\/a>.<\/p>\n<p>Albums sortis le 21 ao\u00fbt \u00a0(ONJ Records &#8211; L\u2019Autre Distribution)<\/p>\n<p><iframe loading=\"lazy\" title=\"RITUELS Teaser\" width=\"1140\" height=\"641\" src=\"https:\/\/www.youtube.com\/embed\/HbiPV17FgII?feature=oembed\" frameborder=\"0\" allow=\"accelerometer; autoplay; encrypted-media; gyroscope; picture-in-picture\" allowfullscreen><\/iframe><\/p>\n<p><a href=\"https:\/\/www.onj.org\/catalogue\/\">Informations compl\u00e9mentaires<\/a><\/p>\n","protected":false},"excerpt":{"rendered":"<p>L\u2019Orchestre National de Jazz d\u00e9marre la saison 2020-2021 avec la sortie simultan\u00e9e de ses deux albums &#8220;Dancing in Your Head(s)&#8221; et &#8220;Rituels&#8221;. Fid\u00e8le \u00e0 son d\u00e9sir de donner \u00e0 entendre diverses esth\u00e9tiques, Fr\u00e9d\u00e9ric Maurin pr\u00e9sente \u00e0 travers ces deux r\u00e9pertoires cr\u00e9\u00e9s en 2019, deux facettes tr\u00e8s diff\u00e9rentes de l\u2019orchestre, l\u2019une dans une version live enregistr\u00e9e&#8230;<\/p>\n<p><a rel=\"bookmark\" class=\"theme-button-text wvc-button wvc-button-size-xs\" href=\"https:\/\/www.grandsformats.com\/en\/2020\/09\/lorchestre-national-de-jazz-sort-deux-albums\/\"><small class=\"wvc-button-background-fill\"><\/small><span>Continue reading<\/span><\/a><\/p>\n","protected":false},"author":2,"featured_media":14093,"comment_status":"open","ping_status":"open","sticky":false,"template":"","format":"standard","meta":{"_acf_changed":false,"footnotes":""},"categories":[603],"tags":[],"class_list":["post-14092","post","type-post","status-publish","format-standard","has-post-thumbnail","hentry","category-orchestre-national-de-jazz","entry-post-skin-light","entry","clearfix","entry-grid","entry-columns-default","entry-post-module-layout-sidebar-right","thumbnail-color-tone-light","metro-landscape","is-youtube","entry-post","entry-masonry","entry-post-masonry"],"acf":[],"yoast_head":"<!-- This site is optimized with the Yoast SEO plugin v25.8 - https:\/\/yoast.com\/wordpress\/plugins\/seo\/ -->\n<title>L&#039;Orchestre National de Jazz sort deux albums - Site officiel de la f\u00e9d\u00e9ration Grands Formats<\/title>\n<meta name=\"robots\" content=\"index, follow, max-snippet:-1, max-image-preview:large, max-video-preview:-1\" \/>\n<link rel=\"canonical\" href=\"https:\/\/www.grandsformats.com\/2020\/09\/lorchestre-national-de-jazz-sort-deux-albums\/\" \/>\n<meta property=\"og:locale\" content=\"en_US\" \/>\n<meta property=\"og:type\" content=\"article\" \/>\n<meta property=\"og:title\" content=\"L&#039;Orchestre National de Jazz sort deux albums - Site officiel de la f\u00e9d\u00e9ration Grands Formats\" \/>\n<meta property=\"og:description\" content=\"L\u2019Orchestre National de Jazz d\u00e9marre la saison 2020-2021 avec la sortie simultan\u00e9e de ses deux albums &#8220;Dancing in Your Head(s)&#8221; et &#8220;Rituels&#8221;. Fid\u00e8le \u00e0 son d\u00e9sir de donner \u00e0 entendre diverses esth\u00e9tiques, Fr\u00e9d\u00e9ric Maurin pr\u00e9sente \u00e0 travers ces deux r\u00e9pertoires cr\u00e9\u00e9s en 2019, deux facettes tr\u00e8s diff\u00e9rentes de l\u2019orchestre, l\u2019une dans une version live enregistr\u00e9e...Continue reading\" \/>\n<meta property=\"og:url\" content=\"https:\/\/www.grandsformats.com\/2020\/09\/lorchestre-national-de-jazz-sort-deux-albums\/\" \/>\n<meta property=\"og:site_name\" content=\"Site officiel de la f\u00e9d\u00e9ration Grands Formats\" \/>\n<meta property=\"article:publisher\" content=\"https:\/\/www.facebook.com\/grandsformats\/\" \/>\n<meta property=\"article:published_time\" content=\"2020-09-09T08:19:53+00:00\" \/>\n<meta property=\"article:modified_time\" content=\"2020-09-09T08:21:16+00:00\" \/>\n<meta property=\"og:image\" content=\"https:\/\/www.grandsformats.com\/wp-content\/uploads\/2020\/09\/Cover_Album_RITUELS-1920x1080-1.jpg\" \/>\n\t<meta property=\"og:image:width\" content=\"1920\" \/>\n\t<meta property=\"og:image:height\" content=\"1080\" \/>\n\t<meta property=\"og:image:type\" content=\"image\/jpeg\" \/>\n<meta name=\"author\" content=\"Grands Formats\" \/>\n<meta name=\"twitter:card\" content=\"summary_large_image\" \/>\n<meta name=\"twitter:creator\" content=\"@GrandsFormatsGF\" \/>\n<meta name=\"twitter:site\" content=\"@GrandsFormatsGF\" \/>\n<meta name=\"twitter:label1\" content=\"Written by\" \/>\n\t<meta name=\"twitter:data1\" content=\"Grands Formats\" \/>\n\t<meta name=\"twitter:label2\" content=\"Est. reading time\" \/>\n\t<meta name=\"twitter:data2\" content=\"1 minute\" \/>\n<script type=\"application\/ld+json\" class=\"yoast-schema-graph\">{\"@context\":\"https:\/\/schema.org\",\"@graph\":[{\"@type\":\"Article\",\"@id\":\"https:\/\/www.grandsformats.com\/2020\/09\/lorchestre-national-de-jazz-sort-deux-albums\/#article\",\"isPartOf\":{\"@id\":\"https:\/\/www.grandsformats.com\/2020\/09\/lorchestre-national-de-jazz-sort-deux-albums\/\"},\"author\":{\"name\":\"Grands Formats\",\"@id\":\"https:\/\/www.grandsformats.com\/#\/schema\/person\/6ecde7e38a2254b5bc9d620679208ee1\"},\"headline\":\"L&#8217;Orchestre National de Jazz sort deux albums\",\"datePublished\":\"2020-09-09T08:19:53+00:00\",\"dateModified\":\"2020-09-09T08:21:16+00:00\",\"mainEntityOfPage\":{\"@id\":\"https:\/\/www.grandsformats.com\/2020\/09\/lorchestre-national-de-jazz-sort-deux-albums\/\"},\"wordCount\":160,\"commentCount\":0,\"publisher\":{\"@id\":\"https:\/\/www.grandsformats.com\/#organization\"},\"image\":{\"@id\":\"https:\/\/www.grandsformats.com\/2020\/09\/lorchestre-national-de-jazz-sort-deux-albums\/#primaryimage\"},\"thumbnailUrl\":\"https:\/\/www.grandsformats.com\/wp-content\/uploads\/2020\/09\/Cover_Album_RITUELS-1920x1080-1.jpg\",\"articleSection\":[\"Orchestre National de Jazz\"],\"inLanguage\":\"en-US\",\"potentialAction\":[{\"@type\":\"CommentAction\",\"name\":\"Comment\",\"target\":[\"https:\/\/www.grandsformats.com\/2020\/09\/lorchestre-national-de-jazz-sort-deux-albums\/#respond\"]}]},{\"@type\":\"WebPage\",\"@id\":\"https:\/\/www.grandsformats.com\/2020\/09\/lorchestre-national-de-jazz-sort-deux-albums\/\",\"url\":\"https:\/\/www.grandsformats.com\/2020\/09\/lorchestre-national-de-jazz-sort-deux-albums\/\",\"name\":\"L'Orchestre National de Jazz sort deux albums - Site officiel de la f\u00e9d\u00e9ration Grands Formats\",\"isPartOf\":{\"@id\":\"https:\/\/www.grandsformats.com\/#website\"},\"primaryImageOfPage\":{\"@id\":\"https:\/\/www.grandsformats.com\/2020\/09\/lorchestre-national-de-jazz-sort-deux-albums\/#primaryimage\"},\"image\":{\"@id\":\"https:\/\/www.grandsformats.com\/2020\/09\/lorchestre-national-de-jazz-sort-deux-albums\/#primaryimage\"},\"thumbnailUrl\":\"https:\/\/www.grandsformats.com\/wp-content\/uploads\/2020\/09\/Cover_Album_RITUELS-1920x1080-1.jpg\",\"datePublished\":\"2020-09-09T08:19:53+00:00\",\"dateModified\":\"2020-09-09T08:21:16+00:00\",\"breadcrumb\":{\"@id\":\"https:\/\/www.grandsformats.com\/2020\/09\/lorchestre-national-de-jazz-sort-deux-albums\/#breadcrumb\"},\"inLanguage\":\"en-US\",\"potentialAction\":[{\"@type\":\"ReadAction\",\"target\":[\"https:\/\/www.grandsformats.com\/2020\/09\/lorchestre-national-de-jazz-sort-deux-albums\/\"]}]},{\"@type\":\"ImageObject\",\"inLanguage\":\"en-US\",\"@id\":\"https:\/\/www.grandsformats.com\/2020\/09\/lorchestre-national-de-jazz-sort-deux-albums\/#primaryimage\",\"url\":\"https:\/\/www.grandsformats.com\/wp-content\/uploads\/2020\/09\/Cover_Album_RITUELS-1920x1080-1.jpg\",\"contentUrl\":\"https:\/\/www.grandsformats.com\/wp-content\/uploads\/2020\/09\/Cover_Album_RITUELS-1920x1080-1.jpg\",\"width\":1920,\"height\":1080,\"caption\":\"Rituels de l'Orchestre National de Jazz\"},{\"@type\":\"BreadcrumbList\",\"@id\":\"https:\/\/www.grandsformats.com\/2020\/09\/lorchestre-national-de-jazz-sort-deux-albums\/#breadcrumb\",\"itemListElement\":[{\"@type\":\"ListItem\",\"position\":1,\"name\":\"Accueil\",\"item\":\"https:\/\/www.grandsformats.com\/en\/\"},{\"@type\":\"ListItem\",\"position\":2,\"name\":\"L&rsquo;Orchestre National de Jazz sort deux albums\"}]},{\"@type\":\"WebSite\",\"@id\":\"https:\/\/www.grandsformats.com\/#website\",\"url\":\"https:\/\/www.grandsformats.com\/\",\"name\":\"Site officiel de la f\u00e9d\u00e9ration Grands Formats\",\"description\":\"F\u00e9d\u00e9ration d&#039;artistes pour la musique en grand !\",\"publisher\":{\"@id\":\"https:\/\/www.grandsformats.com\/#organization\"},\"potentialAction\":[{\"@type\":\"SearchAction\",\"target\":{\"@type\":\"EntryPoint\",\"urlTemplate\":\"https:\/\/www.grandsformats.com\/?s={search_term_string}\"},\"query-input\":{\"@type\":\"PropertyValueSpecification\",\"valueRequired\":true,\"valueName\":\"search_term_string\"}}],\"inLanguage\":\"en-US\"},{\"@type\":\"Organization\",\"@id\":\"https:\/\/www.grandsformats.com\/#organization\",\"name\":\"Grands Formats\",\"url\":\"https:\/\/www.grandsformats.com\/\",\"logo\":{\"@type\":\"ImageObject\",\"inLanguage\":\"en-US\",\"@id\":\"https:\/\/www.grandsformats.com\/#\/schema\/logo\/image\/\",\"url\":\"https:\/\/www.grandsformats.com\/wp-content\/uploads\/2020\/03\/logo-GF-200.png\",\"contentUrl\":\"https:\/\/www.grandsformats.com\/wp-content\/uploads\/2020\/03\/logo-GF-200.png\",\"width\":155,\"height\":200,\"caption\":\"Grands Formats\"},\"image\":{\"@id\":\"https:\/\/www.grandsformats.com\/#\/schema\/logo\/image\/\"},\"sameAs\":[\"https:\/\/www.facebook.com\/grandsformats\/\",\"https:\/\/x.com\/GrandsFormatsGF\",\"https:\/\/www.instagram.com\/grandsformats\/\",\"https:\/\/www.youtube.com\/channel\/UCJ7k9dbqc_DG-nxI3WMPvhw?view_as=subscriberhttps:\/\/www.youtube.com\/channel\/UCJ7k9dbqc_DG-nxI3WMPvhw?view_as=subscriber\"]},{\"@type\":\"Person\",\"@id\":\"https:\/\/www.grandsformats.com\/#\/schema\/person\/6ecde7e38a2254b5bc9d620679208ee1\",\"name\":\"Grands Formats\",\"image\":{\"@type\":\"ImageObject\",\"inLanguage\":\"en-US\",\"@id\":\"https:\/\/www.grandsformats.com\/#\/schema\/person\/image\/\",\"url\":\"https:\/\/secure.gravatar.com\/avatar\/5d06febf5ba4681bd17a251487132861b5339c2d72f789e59decf1c1b05d0078?s=96&d=mm&r=g\",\"contentUrl\":\"https:\/\/secure.gravatar.com\/avatar\/5d06febf5ba4681bd17a251487132861b5339c2d72f789e59decf1c1b05d0078?s=96&d=mm&r=g\",\"caption\":\"Grands Formats\"},\"url\":\"https:\/\/www.grandsformats.com\/en\/author\/margaux\/\"}]}<\/script>\n<!-- \/ Yoast SEO plugin. -->","yoast_head_json":{"title":"L'Orchestre National de Jazz sort deux albums - Site officiel de la f\u00e9d\u00e9ration Grands Formats","robots":{"index":"index","follow":"follow","max-snippet":"max-snippet:-1","max-image-preview":"max-image-preview:large","max-video-preview":"max-video-preview:-1"},"canonical":"https:\/\/www.grandsformats.com\/2020\/09\/lorchestre-national-de-jazz-sort-deux-albums\/","og_locale":"en_US","og_type":"article","og_title":"L'Orchestre National de Jazz sort deux albums - Site officiel de la f\u00e9d\u00e9ration Grands Formats","og_description":"L\u2019Orchestre National de Jazz d\u00e9marre la saison 2020-2021 avec la sortie simultan\u00e9e de ses deux albums &#8220;Dancing in Your Head(s)&#8221; et &#8220;Rituels&#8221;. Fid\u00e8le \u00e0 son d\u00e9sir de donner \u00e0 entendre diverses esth\u00e9tiques, Fr\u00e9d\u00e9ric Maurin pr\u00e9sente \u00e0 travers ces deux r\u00e9pertoires cr\u00e9\u00e9s en 2019, deux facettes tr\u00e8s diff\u00e9rentes de l\u2019orchestre, l\u2019une dans une version live enregistr\u00e9e...Continue reading","og_url":"https:\/\/www.grandsformats.com\/2020\/09\/lorchestre-national-de-jazz-sort-deux-albums\/","og_site_name":"Site officiel de la f\u00e9d\u00e9ration Grands Formats","article_publisher":"https:\/\/www.facebook.com\/grandsformats\/","article_published_time":"2020-09-09T08:19:53+00:00","article_modified_time":"2020-09-09T08:21:16+00:00","og_image":[{"width":1920,"height":1080,"url":"https:\/\/www.grandsformats.com\/wp-content\/uploads\/2020\/09\/Cover_Album_RITUELS-1920x1080-1.jpg","type":"image\/jpeg"}],"author":"Grands Formats","twitter_card":"summary_large_image","twitter_creator":"@GrandsFormatsGF","twitter_site":"@GrandsFormatsGF","twitter_misc":{"Written by":"Grands Formats","Est. reading time":"1 minute"},"schema":{"@context":"https:\/\/schema.org","@graph":[{"@type":"Article","@id":"https:\/\/www.grandsformats.com\/2020\/09\/lorchestre-national-de-jazz-sort-deux-albums\/#article","isPartOf":{"@id":"https:\/\/www.grandsformats.com\/2020\/09\/lorchestre-national-de-jazz-sort-deux-albums\/"},"author":{"name":"Grands Formats","@id":"https:\/\/www.grandsformats.com\/#\/schema\/person\/6ecde7e38a2254b5bc9d620679208ee1"},"headline":"L&#8217;Orchestre National de Jazz sort deux albums","datePublished":"2020-09-09T08:19:53+00:00","dateModified":"2020-09-09T08:21:16+00:00","mainEntityOfPage":{"@id":"https:\/\/www.grandsformats.com\/2020\/09\/lorchestre-national-de-jazz-sort-deux-albums\/"},"wordCount":160,"commentCount":0,"publisher":{"@id":"https:\/\/www.grandsformats.com\/#organization"},"image":{"@id":"https:\/\/www.grandsformats.com\/2020\/09\/lorchestre-national-de-jazz-sort-deux-albums\/#primaryimage"},"thumbnailUrl":"https:\/\/www.grandsformats.com\/wp-content\/uploads\/2020\/09\/Cover_Album_RITUELS-1920x1080-1.jpg","articleSection":["Orchestre National de Jazz"],"inLanguage":"en-US","potentialAction":[{"@type":"CommentAction","name":"Comment","target":["https:\/\/www.grandsformats.com\/2020\/09\/lorchestre-national-de-jazz-sort-deux-albums\/#respond"]}]},{"@type":"WebPage","@id":"https:\/\/www.grandsformats.com\/2020\/09\/lorchestre-national-de-jazz-sort-deux-albums\/","url":"https:\/\/www.grandsformats.com\/2020\/09\/lorchestre-national-de-jazz-sort-deux-albums\/","name":"L'Orchestre National de Jazz sort deux albums - Site officiel de la f\u00e9d\u00e9ration Grands Formats","isPartOf":{"@id":"https:\/\/www.grandsformats.com\/#website"},"primaryImageOfPage":{"@id":"https:\/\/www.grandsformats.com\/2020\/09\/lorchestre-national-de-jazz-sort-deux-albums\/#primaryimage"},"image":{"@id":"https:\/\/www.grandsformats.com\/2020\/09\/lorchestre-national-de-jazz-sort-deux-albums\/#primaryimage"},"thumbnailUrl":"https:\/\/www.grandsformats.com\/wp-content\/uploads\/2020\/09\/Cover_Album_RITUELS-1920x1080-1.jpg","datePublished":"2020-09-09T08:19:53+00:00","dateModified":"2020-09-09T08:21:16+00:00","breadcrumb":{"@id":"https:\/\/www.grandsformats.com\/2020\/09\/lorchestre-national-de-jazz-sort-deux-albums\/#breadcrumb"},"inLanguage":"en-US","potentialAction":[{"@type":"ReadAction","target":["https:\/\/www.grandsformats.com\/2020\/09\/lorchestre-national-de-jazz-sort-deux-albums\/"]}]},{"@type":"ImageObject","inLanguage":"en-US","@id":"https:\/\/www.grandsformats.com\/2020\/09\/lorchestre-national-de-jazz-sort-deux-albums\/#primaryimage","url":"https:\/\/www.grandsformats.com\/wp-content\/uploads\/2020\/09\/Cover_Album_RITUELS-1920x1080-1.jpg","contentUrl":"https:\/\/www.grandsformats.com\/wp-content\/uploads\/2020\/09\/Cover_Album_RITUELS-1920x1080-1.jpg","width":1920,"height":1080,"caption":"Rituels de l'Orchestre National de Jazz"},{"@type":"BreadcrumbList","@id":"https:\/\/www.grandsformats.com\/2020\/09\/lorchestre-national-de-jazz-sort-deux-albums\/#breadcrumb","itemListElement":[{"@type":"ListItem","position":1,"name":"Accueil","item":"https:\/\/www.grandsformats.com\/en\/"},{"@type":"ListItem","position":2,"name":"L&rsquo;Orchestre National de Jazz sort deux albums"}]},{"@type":"WebSite","@id":"https:\/\/www.grandsformats.com\/#website","url":"https:\/\/www.grandsformats.com\/","name":"Site officiel de la f\u00e9d\u00e9ration Grands Formats","description":"F\u00e9d\u00e9ration d&#039;artistes pour la musique en grand !","publisher":{"@id":"https:\/\/www.grandsformats.com\/#organization"},"potentialAction":[{"@type":"SearchAction","target":{"@type":"EntryPoint","urlTemplate":"https:\/\/www.grandsformats.com\/?s={search_term_string}"},"query-input":{"@type":"PropertyValueSpecification","valueRequired":true,"valueName":"search_term_string"}}],"inLanguage":"en-US"},{"@type":"Organization","@id":"https:\/\/www.grandsformats.com\/#organization","name":"Grands Formats","url":"https:\/\/www.grandsformats.com\/","logo":{"@type":"ImageObject","inLanguage":"en-US","@id":"https:\/\/www.grandsformats.com\/#\/schema\/logo\/image\/","url":"https:\/\/www.grandsformats.com\/wp-content\/uploads\/2020\/03\/logo-GF-200.png","contentUrl":"https:\/\/www.grandsformats.com\/wp-content\/uploads\/2020\/03\/logo-GF-200.png","width":155,"height":200,"caption":"Grands Formats"},"image":{"@id":"https:\/\/www.grandsformats.com\/#\/schema\/logo\/image\/"},"sameAs":["https:\/\/www.facebook.com\/grandsformats\/","https:\/\/x.com\/GrandsFormatsGF","https:\/\/www.instagram.com\/grandsformats\/","https:\/\/www.youtube.com\/channel\/UCJ7k9dbqc_DG-nxI3WMPvhw?view_as=subscriberhttps:\/\/www.youtube.com\/channel\/UCJ7k9dbqc_DG-nxI3WMPvhw?view_as=subscriber"]},{"@type":"Person","@id":"https:\/\/www.grandsformats.com\/#\/schema\/person\/6ecde7e38a2254b5bc9d620679208ee1","name":"Grands Formats","image":{"@type":"ImageObject","inLanguage":"en-US","@id":"https:\/\/www.grandsformats.com\/#\/schema\/person\/image\/","url":"https:\/\/secure.gravatar.com\/avatar\/5d06febf5ba4681bd17a251487132861b5339c2d72f789e59decf1c1b05d0078?s=96&d=mm&r=g","contentUrl":"https:\/\/secure.gravatar.com\/avatar\/5d06febf5ba4681bd17a251487132861b5339c2d72f789e59decf1c1b05d0078?s=96&d=mm&r=g","caption":"Grands Formats"},"url":"https:\/\/www.grandsformats.com\/en\/author\/margaux\/"}]}},"_links":{"self":[{"href":"https:\/\/www.grandsformats.com\/en\/wp-json\/wp\/v2\/posts\/14092","targetHints":{"allow":["GET"]}}],"collection":[{"href":"https:\/\/www.grandsformats.com\/en\/wp-json\/wp\/v2\/posts"}],"about":[{"href":"https:\/\/www.grandsformats.com\/en\/wp-json\/wp\/v2\/types\/post"}],"author":[{"embeddable":true,"href":"https:\/\/www.grandsformats.com\/en\/wp-json\/wp\/v2\/users\/2"}],"replies":[{"embeddable":true,"href":"https:\/\/www.grandsformats.com\/en\/wp-json\/wp\/v2\/comments?post=14092"}],"version-history":[{"count":0,"href":"https:\/\/www.grandsformats.com\/en\/wp-json\/wp\/v2\/posts\/14092\/revisions"}],"wp:featuredmedia":[{"embeddable":true,"href":"https:\/\/www.grandsformats.com\/en\/wp-json\/wp\/v2\/media\/14093"}],"wp:attachment":[{"href":"https:\/\/www.grandsformats.com\/en\/wp-json\/wp\/v2\/media?parent=14092"}],"wp:term":[{"taxonomy":"category","embeddable":true,"href":"https:\/\/www.grandsformats.com\/en\/wp-json\/wp\/v2\/categories?post=14092"},{"taxonomy":"post_tag","embeddable":true,"href":"https:\/\/www.grandsformats.com\/en\/wp-json\/wp\/v2\/tags?post=14092"}],"curies":[{"name":"wp","href":"https:\/\/api.w.org\/{rel}","templated":true}]}}