{"id":14086,"date":"2020-09-08T19:01:39","date_gmt":"2020-09-08T17:01:39","guid":{"rendered":"https:\/\/www.grandsformats.com\/?p=14086"},"modified":"2020-09-08T19:01:39","modified_gmt":"2020-09-08T17:01:39","slug":"dal-sasso-big-band-au-festival-jazz-a-la-villette","status":"publish","type":"post","link":"https:\/\/www.grandsformats.com\/en\/2020\/09\/dal-sasso-big-band-au-festival-jazz-a-la-villette\/","title":{"rendered":"Dal Sasso Big Band au festival Jazz \u00e0 la Villette"},"content":{"rendered":"<p class=\"text-build-content\" data-testid=\"AOEu-ugjH_\">Le <a href=\"https:\/\/www.grandsformats.com\/artist\/dal-sasso-big-band\/\">Dal Sasso Big Band<\/a> jouera son r\u00e9pertoire <i>Africa Brass Band<\/i> au festival Jazz \u00e0 la Villette. Un concert aux accents spirituels et engag\u00e9s, avec le mythique Africa\/Brass de John Coltrane (1961) revisit\u00e9 en big band sous la houlette de l\u2019arrangeur Christophe Dal Sasso avec trois saxophonistes solistes.<\/p>\n<p class=\"text-build-content\" data-testid=\"AOEu-ugjH_\">\u00c0 cette occasion, le concert sera enregistr\u00e9 et retransmis le 12 septembre sur <a href=\"https:\/\/www.france.tv\/spectacles-et-culture\/festivals\/toutes-les-videos\/\">Culture Box<\/a>.<\/p>\n<p data-testid=\"AOEu-ugjH_\"><a href=\"https:\/\/www.facebook.com\/events\/3792807167398431\/\">Voir l&#8217;\u00e9v\u00e9nement Facebook<\/a>.<\/p>\n<p><iframe loading=\"lazy\" title=\"John Coltrane - Africa\" width=\"1140\" height=\"641\" src=\"https:\/\/www.youtube.com\/embed\/kFr46jYdaEw?feature=oembed\" frameborder=\"0\" allow=\"accelerometer; autoplay; encrypted-media; gyroscope; picture-in-picture\" allowfullscreen><\/iframe><\/p>\n","protected":false},"excerpt":{"rendered":"<p>Le Dal Sasso Big Band jouera son r\u00e9pertoire Africa Brass Band au festival Jazz \u00e0 la Villette. Un concert aux accents spirituels et engag\u00e9s, avec le mythique Africa\/Brass de John Coltrane (1961) revisit\u00e9 en big band sous la houlette de l\u2019arrangeur Christophe Dal Sasso avec trois saxophonistes solistes. \u00c0 cette occasion, le concert sera enregistr\u00e9&#8230;<\/p>\n<p><a rel=\"bookmark\" class=\"theme-button-text wvc-button wvc-button-size-xs\" href=\"https:\/\/www.grandsformats.com\/en\/2020\/09\/dal-sasso-big-band-au-festival-jazz-a-la-villette\/\"><small class=\"wvc-button-background-fill\"><\/small><span>Continue reading<\/span><\/a><\/p>\n","protected":false},"author":2,"featured_media":14087,"comment_status":"open","ping_status":"open","sticky":false,"template":"","format":"standard","meta":{"_acf_changed":false,"footnotes":""},"categories":[711],"tags":[],"class_list":["post-14086","post","type-post","status-publish","format-standard","has-post-thumbnail","hentry","category-dal-sasso-big-band","entry-post-skin-light","entry","clearfix","entry-grid","entry-columns-default","entry-post-module-layout-sidebar-right","thumbnail-color-tone-dark","metro-landscape","is-youtube","entry-post","entry-masonry","entry-post-masonry"],"acf":[],"yoast_head":"<!-- This site is optimized with the Yoast SEO plugin v25.8 - https:\/\/yoast.com\/wordpress\/plugins\/seo\/ -->\n<title>Dal Sasso Big Band au festival Jazz \u00e0 la Villette - Site officiel de la f\u00e9d\u00e9ration Grands Formats<\/title>\n<meta name=\"robots\" content=\"index, follow, max-snippet:-1, max-image-preview:large, max-video-preview:-1\" \/>\n<link rel=\"canonical\" href=\"https:\/\/www.grandsformats.com\/2020\/09\/dal-sasso-big-band-au-festival-jazz-a-la-villette\/\" \/>\n<meta property=\"og:locale\" content=\"en_US\" \/>\n<meta property=\"og:type\" content=\"article\" \/>\n<meta property=\"og:title\" content=\"Dal Sasso Big Band au festival Jazz \u00e0 la Villette - Site officiel de la f\u00e9d\u00e9ration Grands Formats\" \/>\n<meta property=\"og:description\" content=\"Le Dal Sasso Big Band jouera son r\u00e9pertoire Africa Brass Band au festival Jazz \u00e0 la Villette. Un concert aux accents spirituels et engag\u00e9s, avec le mythique Africa\/Brass de John Coltrane (1961) revisit\u00e9 en big band sous la houlette de l\u2019arrangeur Christophe Dal Sasso avec trois saxophonistes solistes. \u00c0 cette occasion, le concert sera enregistr\u00e9...Continue reading\" \/>\n<meta property=\"og:url\" content=\"https:\/\/www.grandsformats.com\/2020\/09\/dal-sasso-big-band-au-festival-jazz-a-la-villette\/\" \/>\n<meta property=\"og:site_name\" content=\"Site officiel de la f\u00e9d\u00e9ration Grands Formats\" \/>\n<meta property=\"article:publisher\" content=\"https:\/\/www.facebook.com\/grandsformats\/\" \/>\n<meta property=\"article:published_time\" content=\"2020-09-08T17:01:39+00:00\" \/>\n<meta property=\"og:image\" content=\"https:\/\/www.grandsformats.com\/wp-content\/uploads\/2020\/09\/image0.jpeg\" \/>\n\t<meta property=\"og:image:width\" content=\"640\" \/>\n\t<meta property=\"og:image:height\" content=\"360\" \/>\n\t<meta property=\"og:image:type\" content=\"image\/jpeg\" \/>\n<meta name=\"author\" content=\"Grands Formats\" \/>\n<meta name=\"twitter:card\" content=\"summary_large_image\" \/>\n<meta name=\"twitter:creator\" content=\"@GrandsFormatsGF\" \/>\n<meta name=\"twitter:site\" content=\"@GrandsFormatsGF\" \/>\n<meta name=\"twitter:label1\" content=\"Written by\" \/>\n\t<meta name=\"twitter:data1\" content=\"Grands Formats\" \/>\n<script type=\"application\/ld+json\" class=\"yoast-schema-graph\">{\"@context\":\"https:\/\/schema.org\",\"@graph\":[{\"@type\":\"Article\",\"@id\":\"https:\/\/www.grandsformats.com\/2020\/09\/dal-sasso-big-band-au-festival-jazz-a-la-villette\/#article\",\"isPartOf\":{\"@id\":\"https:\/\/www.grandsformats.com\/2020\/09\/dal-sasso-big-band-au-festival-jazz-a-la-villette\/\"},\"author\":{\"name\":\"Grands Formats\",\"@id\":\"https:\/\/www.grandsformats.com\/#\/schema\/person\/6ecde7e38a2254b5bc9d620679208ee1\"},\"headline\":\"Dal Sasso Big Band au festival Jazz \u00e0 la Villette\",\"datePublished\":\"2020-09-08T17:01:39+00:00\",\"mainEntityOfPage\":{\"@id\":\"https:\/\/www.grandsformats.com\/2020\/09\/dal-sasso-big-band-au-festival-jazz-a-la-villette\/\"},\"wordCount\":93,\"commentCount\":0,\"publisher\":{\"@id\":\"https:\/\/www.grandsformats.com\/#organization\"},\"image\":{\"@id\":\"https:\/\/www.grandsformats.com\/2020\/09\/dal-sasso-big-band-au-festival-jazz-a-la-villette\/#primaryimage\"},\"thumbnailUrl\":\"https:\/\/www.grandsformats.com\/wp-content\/uploads\/2020\/09\/image0.jpeg\",\"articleSection\":[\"Dal Sasso Big Band\"],\"inLanguage\":\"en-US\",\"potentialAction\":[{\"@type\":\"CommentAction\",\"name\":\"Comment\",\"target\":[\"https:\/\/www.grandsformats.com\/2020\/09\/dal-sasso-big-band-au-festival-jazz-a-la-villette\/#respond\"]}]},{\"@type\":\"WebPage\",\"@id\":\"https:\/\/www.grandsformats.com\/2020\/09\/dal-sasso-big-band-au-festival-jazz-a-la-villette\/\",\"url\":\"https:\/\/www.grandsformats.com\/2020\/09\/dal-sasso-big-band-au-festival-jazz-a-la-villette\/\",\"name\":\"Dal Sasso Big Band au festival Jazz \u00e0 la Villette - Site officiel de la f\u00e9d\u00e9ration Grands Formats\",\"isPartOf\":{\"@id\":\"https:\/\/www.grandsformats.com\/#website\"},\"primaryImageOfPage\":{\"@id\":\"https:\/\/www.grandsformats.com\/2020\/09\/dal-sasso-big-band-au-festival-jazz-a-la-villette\/#primaryimage\"},\"image\":{\"@id\":\"https:\/\/www.grandsformats.com\/2020\/09\/dal-sasso-big-band-au-festival-jazz-a-la-villette\/#primaryimage\"},\"thumbnailUrl\":\"https:\/\/www.grandsformats.com\/wp-content\/uploads\/2020\/09\/image0.jpeg\",\"datePublished\":\"2020-09-08T17:01:39+00:00\",\"breadcrumb\":{\"@id\":\"https:\/\/www.grandsformats.com\/2020\/09\/dal-sasso-big-band-au-festival-jazz-a-la-villette\/#breadcrumb\"},\"inLanguage\":\"en-US\",\"potentialAction\":[{\"@type\":\"ReadAction\",\"target\":[\"https:\/\/www.grandsformats.com\/2020\/09\/dal-sasso-big-band-au-festival-jazz-a-la-villette\/\"]}]},{\"@type\":\"ImageObject\",\"inLanguage\":\"en-US\",\"@id\":\"https:\/\/www.grandsformats.com\/2020\/09\/dal-sasso-big-band-au-festival-jazz-a-la-villette\/#primaryimage\",\"url\":\"https:\/\/www.grandsformats.com\/wp-content\/uploads\/2020\/09\/image0.jpeg\",\"contentUrl\":\"https:\/\/www.grandsformats.com\/wp-content\/uploads\/2020\/09\/image0.jpeg\",\"width\":640,\"height\":360,\"caption\":\"Dal Sasso Big Band au Festival Jazz \u00e0 la Villette\"},{\"@type\":\"BreadcrumbList\",\"@id\":\"https:\/\/www.grandsformats.com\/2020\/09\/dal-sasso-big-band-au-festival-jazz-a-la-villette\/#breadcrumb\",\"itemListElement\":[{\"@type\":\"ListItem\",\"position\":1,\"name\":\"Accueil\",\"item\":\"https:\/\/www.grandsformats.com\/en\/\"},{\"@type\":\"ListItem\",\"position\":2,\"name\":\"Dal Sasso Big Band au festival Jazz \u00e0 la Villette\"}]},{\"@type\":\"WebSite\",\"@id\":\"https:\/\/www.grandsformats.com\/#website\",\"url\":\"https:\/\/www.grandsformats.com\/\",\"name\":\"Site officiel de la f\u00e9d\u00e9ration Grands Formats\",\"description\":\"F\u00e9d\u00e9ration d&#039;artistes pour la musique en grand !\",\"publisher\":{\"@id\":\"https:\/\/www.grandsformats.com\/#organization\"},\"potentialAction\":[{\"@type\":\"SearchAction\",\"target\":{\"@type\":\"EntryPoint\",\"urlTemplate\":\"https:\/\/www.grandsformats.com\/?s={search_term_string}\"},\"query-input\":{\"@type\":\"PropertyValueSpecification\",\"valueRequired\":true,\"valueName\":\"search_term_string\"}}],\"inLanguage\":\"en-US\"},{\"@type\":\"Organization\",\"@id\":\"https:\/\/www.grandsformats.com\/#organization\",\"name\":\"Grands Formats\",\"url\":\"https:\/\/www.grandsformats.com\/\",\"logo\":{\"@type\":\"ImageObject\",\"inLanguage\":\"en-US\",\"@id\":\"https:\/\/www.grandsformats.com\/#\/schema\/logo\/image\/\",\"url\":\"https:\/\/www.grandsformats.com\/wp-content\/uploads\/2020\/03\/logo-GF-200.png\",\"contentUrl\":\"https:\/\/www.grandsformats.com\/wp-content\/uploads\/2020\/03\/logo-GF-200.png\",\"width\":155,\"height\":200,\"caption\":\"Grands Formats\"},\"image\":{\"@id\":\"https:\/\/www.grandsformats.com\/#\/schema\/logo\/image\/\"},\"sameAs\":[\"https:\/\/www.facebook.com\/grandsformats\/\",\"https:\/\/x.com\/GrandsFormatsGF\",\"https:\/\/www.instagram.com\/grandsformats\/\",\"https:\/\/www.youtube.com\/channel\/UCJ7k9dbqc_DG-nxI3WMPvhw?view_as=subscriberhttps:\/\/www.youtube.com\/channel\/UCJ7k9dbqc_DG-nxI3WMPvhw?view_as=subscriber\"]},{\"@type\":\"Person\",\"@id\":\"https:\/\/www.grandsformats.com\/#\/schema\/person\/6ecde7e38a2254b5bc9d620679208ee1\",\"name\":\"Grands Formats\",\"image\":{\"@type\":\"ImageObject\",\"inLanguage\":\"en-US\",\"@id\":\"https:\/\/www.grandsformats.com\/#\/schema\/person\/image\/\",\"url\":\"https:\/\/secure.gravatar.com\/avatar\/5d06febf5ba4681bd17a251487132861b5339c2d72f789e59decf1c1b05d0078?s=96&d=mm&r=g\",\"contentUrl\":\"https:\/\/secure.gravatar.com\/avatar\/5d06febf5ba4681bd17a251487132861b5339c2d72f789e59decf1c1b05d0078?s=96&d=mm&r=g\",\"caption\":\"Grands Formats\"},\"url\":\"https:\/\/www.grandsformats.com\/en\/author\/margaux\/\"}]}<\/script>\n<!-- \/ Yoast SEO plugin. -->","yoast_head_json":{"title":"Dal Sasso Big Band au festival Jazz \u00e0 la Villette - Site officiel de la f\u00e9d\u00e9ration Grands Formats","robots":{"index":"index","follow":"follow","max-snippet":"max-snippet:-1","max-image-preview":"max-image-preview:large","max-video-preview":"max-video-preview:-1"},"canonical":"https:\/\/www.grandsformats.com\/2020\/09\/dal-sasso-big-band-au-festival-jazz-a-la-villette\/","og_locale":"en_US","og_type":"article","og_title":"Dal Sasso Big Band au festival Jazz \u00e0 la Villette - Site officiel de la f\u00e9d\u00e9ration Grands Formats","og_description":"Le Dal Sasso Big Band jouera son r\u00e9pertoire Africa Brass Band au festival Jazz \u00e0 la Villette. Un concert aux accents spirituels et engag\u00e9s, avec le mythique Africa\/Brass de John Coltrane (1961) revisit\u00e9 en big band sous la houlette de l\u2019arrangeur Christophe Dal Sasso avec trois saxophonistes solistes. \u00c0 cette occasion, le concert sera enregistr\u00e9...Continue reading","og_url":"https:\/\/www.grandsformats.com\/2020\/09\/dal-sasso-big-band-au-festival-jazz-a-la-villette\/","og_site_name":"Site officiel de la f\u00e9d\u00e9ration Grands Formats","article_publisher":"https:\/\/www.facebook.com\/grandsformats\/","article_published_time":"2020-09-08T17:01:39+00:00","og_image":[{"width":640,"height":360,"url":"https:\/\/www.grandsformats.com\/wp-content\/uploads\/2020\/09\/image0.jpeg","type":"image\/jpeg"}],"author":"Grands Formats","twitter_card":"summary_large_image","twitter_creator":"@GrandsFormatsGF","twitter_site":"@GrandsFormatsGF","twitter_misc":{"Written by":"Grands Formats"},"schema":{"@context":"https:\/\/schema.org","@graph":[{"@type":"Article","@id":"https:\/\/www.grandsformats.com\/2020\/09\/dal-sasso-big-band-au-festival-jazz-a-la-villette\/#article","isPartOf":{"@id":"https:\/\/www.grandsformats.com\/2020\/09\/dal-sasso-big-band-au-festival-jazz-a-la-villette\/"},"author":{"name":"Grands Formats","@id":"https:\/\/www.grandsformats.com\/#\/schema\/person\/6ecde7e38a2254b5bc9d620679208ee1"},"headline":"Dal Sasso Big Band au festival Jazz \u00e0 la Villette","datePublished":"2020-09-08T17:01:39+00:00","mainEntityOfPage":{"@id":"https:\/\/www.grandsformats.com\/2020\/09\/dal-sasso-big-band-au-festival-jazz-a-la-villette\/"},"wordCount":93,"commentCount":0,"publisher":{"@id":"https:\/\/www.grandsformats.com\/#organization"},"image":{"@id":"https:\/\/www.grandsformats.com\/2020\/09\/dal-sasso-big-band-au-festival-jazz-a-la-villette\/#primaryimage"},"thumbnailUrl":"https:\/\/www.grandsformats.com\/wp-content\/uploads\/2020\/09\/image0.jpeg","articleSection":["Dal Sasso Big Band"],"inLanguage":"en-US","potentialAction":[{"@type":"CommentAction","name":"Comment","target":["https:\/\/www.grandsformats.com\/2020\/09\/dal-sasso-big-band-au-festival-jazz-a-la-villette\/#respond"]}]},{"@type":"WebPage","@id":"https:\/\/www.grandsformats.com\/2020\/09\/dal-sasso-big-band-au-festival-jazz-a-la-villette\/","url":"https:\/\/www.grandsformats.com\/2020\/09\/dal-sasso-big-band-au-festival-jazz-a-la-villette\/","name":"Dal Sasso Big Band au festival Jazz \u00e0 la Villette - Site officiel de la f\u00e9d\u00e9ration Grands Formats","isPartOf":{"@id":"https:\/\/www.grandsformats.com\/#website"},"primaryImageOfPage":{"@id":"https:\/\/www.grandsformats.com\/2020\/09\/dal-sasso-big-band-au-festival-jazz-a-la-villette\/#primaryimage"},"image":{"@id":"https:\/\/www.grandsformats.com\/2020\/09\/dal-sasso-big-band-au-festival-jazz-a-la-villette\/#primaryimage"},"thumbnailUrl":"https:\/\/www.grandsformats.com\/wp-content\/uploads\/2020\/09\/image0.jpeg","datePublished":"2020-09-08T17:01:39+00:00","breadcrumb":{"@id":"https:\/\/www.grandsformats.com\/2020\/09\/dal-sasso-big-band-au-festival-jazz-a-la-villette\/#breadcrumb"},"inLanguage":"en-US","potentialAction":[{"@type":"ReadAction","target":["https:\/\/www.grandsformats.com\/2020\/09\/dal-sasso-big-band-au-festival-jazz-a-la-villette\/"]}]},{"@type":"ImageObject","inLanguage":"en-US","@id":"https:\/\/www.grandsformats.com\/2020\/09\/dal-sasso-big-band-au-festival-jazz-a-la-villette\/#primaryimage","url":"https:\/\/www.grandsformats.com\/wp-content\/uploads\/2020\/09\/image0.jpeg","contentUrl":"https:\/\/www.grandsformats.com\/wp-content\/uploads\/2020\/09\/image0.jpeg","width":640,"height":360,"caption":"Dal Sasso Big Band au Festival Jazz \u00e0 la Villette"},{"@type":"BreadcrumbList","@id":"https:\/\/www.grandsformats.com\/2020\/09\/dal-sasso-big-band-au-festival-jazz-a-la-villette\/#breadcrumb","itemListElement":[{"@type":"ListItem","position":1,"name":"Accueil","item":"https:\/\/www.grandsformats.com\/en\/"},{"@type":"ListItem","position":2,"name":"Dal Sasso Big Band au festival Jazz \u00e0 la Villette"}]},{"@type":"WebSite","@id":"https:\/\/www.grandsformats.com\/#website","url":"https:\/\/www.grandsformats.com\/","name":"Site officiel de la f\u00e9d\u00e9ration Grands Formats","description":"F\u00e9d\u00e9ration d&#039;artistes pour la musique en grand !","publisher":{"@id":"https:\/\/www.grandsformats.com\/#organization"},"potentialAction":[{"@type":"SearchAction","target":{"@type":"EntryPoint","urlTemplate":"https:\/\/www.grandsformats.com\/?s={search_term_string}"},"query-input":{"@type":"PropertyValueSpecification","valueRequired":true,"valueName":"search_term_string"}}],"inLanguage":"en-US"},{"@type":"Organization","@id":"https:\/\/www.grandsformats.com\/#organization","name":"Grands Formats","url":"https:\/\/www.grandsformats.com\/","logo":{"@type":"ImageObject","inLanguage":"en-US","@id":"https:\/\/www.grandsformats.com\/#\/schema\/logo\/image\/","url":"https:\/\/www.grandsformats.com\/wp-content\/uploads\/2020\/03\/logo-GF-200.png","contentUrl":"https:\/\/www.grandsformats.com\/wp-content\/uploads\/2020\/03\/logo-GF-200.png","width":155,"height":200,"caption":"Grands Formats"},"image":{"@id":"https:\/\/www.grandsformats.com\/#\/schema\/logo\/image\/"},"sameAs":["https:\/\/www.facebook.com\/grandsformats\/","https:\/\/x.com\/GrandsFormatsGF","https:\/\/www.instagram.com\/grandsformats\/","https:\/\/www.youtube.com\/channel\/UCJ7k9dbqc_DG-nxI3WMPvhw?view_as=subscriberhttps:\/\/www.youtube.com\/channel\/UCJ7k9dbqc_DG-nxI3WMPvhw?view_as=subscriber"]},{"@type":"Person","@id":"https:\/\/www.grandsformats.com\/#\/schema\/person\/6ecde7e38a2254b5bc9d620679208ee1","name":"Grands Formats","image":{"@type":"ImageObject","inLanguage":"en-US","@id":"https:\/\/www.grandsformats.com\/#\/schema\/person\/image\/","url":"https:\/\/secure.gravatar.com\/avatar\/5d06febf5ba4681bd17a251487132861b5339c2d72f789e59decf1c1b05d0078?s=96&d=mm&r=g","contentUrl":"https:\/\/secure.gravatar.com\/avatar\/5d06febf5ba4681bd17a251487132861b5339c2d72f789e59decf1c1b05d0078?s=96&d=mm&r=g","caption":"Grands Formats"},"url":"https:\/\/www.grandsformats.com\/en\/author\/margaux\/"}]}},"_links":{"self":[{"href":"https:\/\/www.grandsformats.com\/en\/wp-json\/wp\/v2\/posts\/14086","targetHints":{"allow":["GET"]}}],"collection":[{"href":"https:\/\/www.grandsformats.com\/en\/wp-json\/wp\/v2\/posts"}],"about":[{"href":"https:\/\/www.grandsformats.com\/en\/wp-json\/wp\/v2\/types\/post"}],"author":[{"embeddable":true,"href":"https:\/\/www.grandsformats.com\/en\/wp-json\/wp\/v2\/users\/2"}],"replies":[{"embeddable":true,"href":"https:\/\/www.grandsformats.com\/en\/wp-json\/wp\/v2\/comments?post=14086"}],"version-history":[{"count":0,"href":"https:\/\/www.grandsformats.com\/en\/wp-json\/wp\/v2\/posts\/14086\/revisions"}],"wp:featuredmedia":[{"embeddable":true,"href":"https:\/\/www.grandsformats.com\/en\/wp-json\/wp\/v2\/media\/14087"}],"wp:attachment":[{"href":"https:\/\/www.grandsformats.com\/en\/wp-json\/wp\/v2\/media?parent=14086"}],"wp:term":[{"taxonomy":"category","embeddable":true,"href":"https:\/\/www.grandsformats.com\/en\/wp-json\/wp\/v2\/categories?post=14086"},{"taxonomy":"post_tag","embeddable":true,"href":"https:\/\/www.grandsformats.com\/en\/wp-json\/wp\/v2\/tags?post=14086"}],"curies":[{"name":"wp","href":"https:\/\/api.w.org\/{rel}","templated":true}]}}