{"id":13997,"date":"2020-07-27T14:49:19","date_gmt":"2020-07-27T12:49:19","guid":{"rendered":"https:\/\/www.grandsformats.com\/?p=13997"},"modified":"2020-07-27T15:09:51","modified_gmt":"2020-07-27T13:09:51","slug":"leuropean-jazz-network-annule-en-2020","status":"publish","type":"post","link":"https:\/\/www.grandsformats.com\/en\/2020\/07\/leuropean-jazz-network-annule-en-2020\/","title":{"rendered":"L&#8217;European Jazz Network annul\u00e9 en 2020"},"content":{"rendered":"<p>Les organisateurs de l&#8217;European Jazz Network ont annonc\u00e9 l&#8217;annulation de l&#8217;\u00e9dition 2020. L&#8217;European Jazz Network devait avoir lieu du 10 au 13 septembre \u00e0 Sofia (Bulgarie). La crise mondiale li\u00e9e \u00e0 la Coronavirus et les mesures sanitaires \u00e0 respecter et \u00e0 mettre en oeuvre ne permettent pas de r\u00e9aliser l&#8217;\u00e9v\u00e9nement.<\/p>\n<p>La fondation AtoZ qui organisait l&#8217;accueil de l&#8217;\u00e9dition 2020 en collaboration avec l&#8217;Europe Jazz Network sera prioritaire pour l&#8217;organisation de l&#8217;\u00e9dition 2022.<\/p>\n<p>L&#8217;Assembl\u00e9e G\u00e9n\u00e9rale se tiendra quant \u00e0 elle le 10 septembre 2020 en visioconf\u00e9rence.<\/p>\n<p>Les dates et le lieu de l&#8217;\u00e9dition 2021 seront bient\u00f4t annonc\u00e9s.<\/p>\n<p><a href=\"http:\/\/https%3A%2F%2Fwww.europejazz.net%2Fpress-release%2Fcancellation-european-jazz-conference-2020-sofia\">Plus d&#8217;informations<\/a><\/p>\n","protected":false},"excerpt":{"rendered":"<p>Les organisateurs de l&#8217;European Jazz Network ont annonc\u00e9 l&#8217;annulation de l&#8217;\u00e9dition 2020. L&#8217;European Jazz Network devait avoir lieu du 10 au 13 septembre \u00e0 Sofia (Bulgarie). La crise mondiale li\u00e9e \u00e0 la Coronavirus et les mesures sanitaires \u00e0 respecter et \u00e0 mettre en oeuvre ne permettent pas de r\u00e9aliser l&#8217;\u00e9v\u00e9nement. La fondation AtoZ qui organisait&#8230;<\/p>\n<p><a rel=\"bookmark\" class=\"theme-button-text wvc-button wvc-button-size-xs\" href=\"https:\/\/www.grandsformats.com\/en\/2020\/07\/leuropean-jazz-network-annule-en-2020\/\"><small class=\"wvc-button-background-fill\"><\/small><span>Continue reading<\/span><\/a><\/p>\n","protected":false},"author":2,"featured_media":13998,"comment_status":"open","ping_status":"open","sticky":false,"template":"","format":"standard","meta":{"_acf_changed":false,"footnotes":""},"categories":[194],"tags":[],"class_list":["post-13997","post","type-post","status-publish","format-standard","has-post-thumbnail","hentry","category-evenements","entry-post-skin-light","entry","clearfix","entry-grid","entry-columns-default","entry-post-module-layout-sidebar-right","thumbnail-color-tone-light","metro-landscape","entry-post","entry-masonry","entry-post-masonry"],"acf":[],"yoast_head":"<!-- This site is optimized with the Yoast SEO plugin v25.8 - https:\/\/yoast.com\/wordpress\/plugins\/seo\/ -->\n<title>L&#039;European Jazz Network annul\u00e9 en 2020 - Site officiel de la f\u00e9d\u00e9ration Grands Formats<\/title>\n<meta name=\"robots\" content=\"index, follow, max-snippet:-1, max-image-preview:large, max-video-preview:-1\" \/>\n<link rel=\"canonical\" href=\"https:\/\/www.grandsformats.com\/2020\/07\/leuropean-jazz-network-annule-en-2020\/\" \/>\n<meta property=\"og:locale\" content=\"en_US\" \/>\n<meta property=\"og:type\" content=\"article\" \/>\n<meta property=\"og:title\" content=\"L&#039;European Jazz Network annul\u00e9 en 2020 - Site officiel de la f\u00e9d\u00e9ration Grands Formats\" \/>\n<meta property=\"og:description\" content=\"Les organisateurs de l&#8217;European Jazz Network ont annonc\u00e9 l&#8217;annulation de l&#8217;\u00e9dition 2020. L&#8217;European Jazz Network devait avoir lieu du 10 au 13 septembre \u00e0 Sofia (Bulgarie). La crise mondiale li\u00e9e \u00e0 la Coronavirus et les mesures sanitaires \u00e0 respecter et \u00e0 mettre en oeuvre ne permettent pas de r\u00e9aliser l&#8217;\u00e9v\u00e9nement. La fondation AtoZ qui organisait...Continue reading\" \/>\n<meta property=\"og:url\" content=\"https:\/\/www.grandsformats.com\/2020\/07\/leuropean-jazz-network-annule-en-2020\/\" \/>\n<meta property=\"og:site_name\" content=\"Site officiel de la f\u00e9d\u00e9ration Grands Formats\" \/>\n<meta property=\"article:publisher\" content=\"https:\/\/www.facebook.com\/grandsformats\/\" \/>\n<meta property=\"article:published_time\" content=\"2020-07-27T12:49:19+00:00\" \/>\n<meta property=\"article:modified_time\" content=\"2020-07-27T13:09:51+00:00\" \/>\n<meta property=\"og:image\" content=\"https:\/\/www.grandsformats.com\/wp-content\/uploads\/2020\/07\/Capture-d\u2019e\u0301cran-2020-07-27-a\u0300-14.37.26.png\" \/>\n\t<meta property=\"og:image:width\" content=\"832\" \/>\n\t<meta property=\"og:image:height\" content=\"468\" \/>\n\t<meta property=\"og:image:type\" content=\"image\/png\" \/>\n<meta name=\"author\" content=\"Grands Formats\" \/>\n<meta name=\"twitter:card\" content=\"summary_large_image\" \/>\n<meta name=\"twitter:creator\" content=\"@GrandsFormatsGF\" \/>\n<meta name=\"twitter:site\" content=\"@GrandsFormatsGF\" \/>\n<meta name=\"twitter:label1\" content=\"Written by\" \/>\n\t<meta name=\"twitter:data1\" content=\"Grands Formats\" \/>\n<script type=\"application\/ld+json\" class=\"yoast-schema-graph\">{\"@context\":\"https:\/\/schema.org\",\"@graph\":[{\"@type\":\"Article\",\"@id\":\"https:\/\/www.grandsformats.com\/2020\/07\/leuropean-jazz-network-annule-en-2020\/#article\",\"isPartOf\":{\"@id\":\"https:\/\/www.grandsformats.com\/2020\/07\/leuropean-jazz-network-annule-en-2020\/\"},\"author\":{\"name\":\"Grands Formats\",\"@id\":\"https:\/\/www.grandsformats.com\/#\/schema\/person\/6ecde7e38a2254b5bc9d620679208ee1\"},\"headline\":\"L&#8217;European Jazz Network annul\u00e9 en 2020\",\"datePublished\":\"2020-07-27T12:49:19+00:00\",\"dateModified\":\"2020-07-27T13:09:51+00:00\",\"mainEntityOfPage\":{\"@id\":\"https:\/\/www.grandsformats.com\/2020\/07\/leuropean-jazz-network-annule-en-2020\/\"},\"wordCount\":113,\"commentCount\":0,\"publisher\":{\"@id\":\"https:\/\/www.grandsformats.com\/#organization\"},\"image\":{\"@id\":\"https:\/\/www.grandsformats.com\/2020\/07\/leuropean-jazz-network-annule-en-2020\/#primaryimage\"},\"thumbnailUrl\":\"https:\/\/www.grandsformats.com\/wp-content\/uploads\/2020\/07\/Capture-d\u2019e\u0301cran-2020-07-27-a\u0300-14.37.26.png\",\"articleSection\":[\"Ev\u00e8nements\"],\"inLanguage\":\"en-US\",\"potentialAction\":[{\"@type\":\"CommentAction\",\"name\":\"Comment\",\"target\":[\"https:\/\/www.grandsformats.com\/2020\/07\/leuropean-jazz-network-annule-en-2020\/#respond\"]}]},{\"@type\":\"WebPage\",\"@id\":\"https:\/\/www.grandsformats.com\/2020\/07\/leuropean-jazz-network-annule-en-2020\/\",\"url\":\"https:\/\/www.grandsformats.com\/2020\/07\/leuropean-jazz-network-annule-en-2020\/\",\"name\":\"L'European Jazz Network annul\u00e9 en 2020 - Site officiel de la f\u00e9d\u00e9ration Grands Formats\",\"isPartOf\":{\"@id\":\"https:\/\/www.grandsformats.com\/#website\"},\"primaryImageOfPage\":{\"@id\":\"https:\/\/www.grandsformats.com\/2020\/07\/leuropean-jazz-network-annule-en-2020\/#primaryimage\"},\"image\":{\"@id\":\"https:\/\/www.grandsformats.com\/2020\/07\/leuropean-jazz-network-annule-en-2020\/#primaryimage\"},\"thumbnailUrl\":\"https:\/\/www.grandsformats.com\/wp-content\/uploads\/2020\/07\/Capture-d\u2019e\u0301cran-2020-07-27-a\u0300-14.37.26.png\",\"datePublished\":\"2020-07-27T12:49:19+00:00\",\"dateModified\":\"2020-07-27T13:09:51+00:00\",\"breadcrumb\":{\"@id\":\"https:\/\/www.grandsformats.com\/2020\/07\/leuropean-jazz-network-annule-en-2020\/#breadcrumb\"},\"inLanguage\":\"en-US\",\"potentialAction\":[{\"@type\":\"ReadAction\",\"target\":[\"https:\/\/www.grandsformats.com\/2020\/07\/leuropean-jazz-network-annule-en-2020\/\"]}]},{\"@type\":\"ImageObject\",\"inLanguage\":\"en-US\",\"@id\":\"https:\/\/www.grandsformats.com\/2020\/07\/leuropean-jazz-network-annule-en-2020\/#primaryimage\",\"url\":\"https:\/\/www.grandsformats.com\/wp-content\/uploads\/2020\/07\/Capture-d\u2019e\u0301cran-2020-07-27-a\u0300-14.37.26.png\",\"contentUrl\":\"https:\/\/www.grandsformats.com\/wp-content\/uploads\/2020\/07\/Capture-d\u2019e\u0301cran-2020-07-27-a\u0300-14.37.26.png\",\"width\":832,\"height\":468,\"caption\":\"European Jazz Network 2020 annul\u00e9\"},{\"@type\":\"BreadcrumbList\",\"@id\":\"https:\/\/www.grandsformats.com\/2020\/07\/leuropean-jazz-network-annule-en-2020\/#breadcrumb\",\"itemListElement\":[{\"@type\":\"ListItem\",\"position\":1,\"name\":\"Accueil\",\"item\":\"https:\/\/www.grandsformats.com\/en\/\"},{\"@type\":\"ListItem\",\"position\":2,\"name\":\"L&rsquo;European Jazz Network annul\u00e9 en 2020\"}]},{\"@type\":\"WebSite\",\"@id\":\"https:\/\/www.grandsformats.com\/#website\",\"url\":\"https:\/\/www.grandsformats.com\/\",\"name\":\"Site officiel de la f\u00e9d\u00e9ration Grands Formats\",\"description\":\"F\u00e9d\u00e9ration d&#039;artistes pour la musique en grand !\",\"publisher\":{\"@id\":\"https:\/\/www.grandsformats.com\/#organization\"},\"potentialAction\":[{\"@type\":\"SearchAction\",\"target\":{\"@type\":\"EntryPoint\",\"urlTemplate\":\"https:\/\/www.grandsformats.com\/?s={search_term_string}\"},\"query-input\":{\"@type\":\"PropertyValueSpecification\",\"valueRequired\":true,\"valueName\":\"search_term_string\"}}],\"inLanguage\":\"en-US\"},{\"@type\":\"Organization\",\"@id\":\"https:\/\/www.grandsformats.com\/#organization\",\"name\":\"Grands Formats\",\"url\":\"https:\/\/www.grandsformats.com\/\",\"logo\":{\"@type\":\"ImageObject\",\"inLanguage\":\"en-US\",\"@id\":\"https:\/\/www.grandsformats.com\/#\/schema\/logo\/image\/\",\"url\":\"https:\/\/www.grandsformats.com\/wp-content\/uploads\/2020\/03\/logo-GF-200.png\",\"contentUrl\":\"https:\/\/www.grandsformats.com\/wp-content\/uploads\/2020\/03\/logo-GF-200.png\",\"width\":155,\"height\":200,\"caption\":\"Grands Formats\"},\"image\":{\"@id\":\"https:\/\/www.grandsformats.com\/#\/schema\/logo\/image\/\"},\"sameAs\":[\"https:\/\/www.facebook.com\/grandsformats\/\",\"https:\/\/x.com\/GrandsFormatsGF\",\"https:\/\/www.instagram.com\/grandsformats\/\",\"https:\/\/www.youtube.com\/channel\/UCJ7k9dbqc_DG-nxI3WMPvhw?view_as=subscriberhttps:\/\/www.youtube.com\/channel\/UCJ7k9dbqc_DG-nxI3WMPvhw?view_as=subscriber\"]},{\"@type\":\"Person\",\"@id\":\"https:\/\/www.grandsformats.com\/#\/schema\/person\/6ecde7e38a2254b5bc9d620679208ee1\",\"name\":\"Grands Formats\",\"image\":{\"@type\":\"ImageObject\",\"inLanguage\":\"en-US\",\"@id\":\"https:\/\/www.grandsformats.com\/#\/schema\/person\/image\/\",\"url\":\"https:\/\/secure.gravatar.com\/avatar\/5d06febf5ba4681bd17a251487132861b5339c2d72f789e59decf1c1b05d0078?s=96&d=mm&r=g\",\"contentUrl\":\"https:\/\/secure.gravatar.com\/avatar\/5d06febf5ba4681bd17a251487132861b5339c2d72f789e59decf1c1b05d0078?s=96&d=mm&r=g\",\"caption\":\"Grands Formats\"},\"url\":\"https:\/\/www.grandsformats.com\/en\/author\/margaux\/\"}]}<\/script>\n<!-- \/ Yoast SEO plugin. -->","yoast_head_json":{"title":"L'European Jazz Network annul\u00e9 en 2020 - Site officiel de la f\u00e9d\u00e9ration Grands Formats","robots":{"index":"index","follow":"follow","max-snippet":"max-snippet:-1","max-image-preview":"max-image-preview:large","max-video-preview":"max-video-preview:-1"},"canonical":"https:\/\/www.grandsformats.com\/2020\/07\/leuropean-jazz-network-annule-en-2020\/","og_locale":"en_US","og_type":"article","og_title":"L'European Jazz Network annul\u00e9 en 2020 - Site officiel de la f\u00e9d\u00e9ration Grands Formats","og_description":"Les organisateurs de l&#8217;European Jazz Network ont annonc\u00e9 l&#8217;annulation de l&#8217;\u00e9dition 2020. L&#8217;European Jazz Network devait avoir lieu du 10 au 13 septembre \u00e0 Sofia (Bulgarie). La crise mondiale li\u00e9e \u00e0 la Coronavirus et les mesures sanitaires \u00e0 respecter et \u00e0 mettre en oeuvre ne permettent pas de r\u00e9aliser l&#8217;\u00e9v\u00e9nement. La fondation AtoZ qui organisait...Continue reading","og_url":"https:\/\/www.grandsformats.com\/2020\/07\/leuropean-jazz-network-annule-en-2020\/","og_site_name":"Site officiel de la f\u00e9d\u00e9ration Grands Formats","article_publisher":"https:\/\/www.facebook.com\/grandsformats\/","article_published_time":"2020-07-27T12:49:19+00:00","article_modified_time":"2020-07-27T13:09:51+00:00","og_image":[{"width":832,"height":468,"url":"https:\/\/www.grandsformats.com\/wp-content\/uploads\/2020\/07\/Capture-d\u2019e\u0301cran-2020-07-27-a\u0300-14.37.26.png","type":"image\/png"}],"author":"Grands Formats","twitter_card":"summary_large_image","twitter_creator":"@GrandsFormatsGF","twitter_site":"@GrandsFormatsGF","twitter_misc":{"Written by":"Grands Formats"},"schema":{"@context":"https:\/\/schema.org","@graph":[{"@type":"Article","@id":"https:\/\/www.grandsformats.com\/2020\/07\/leuropean-jazz-network-annule-en-2020\/#article","isPartOf":{"@id":"https:\/\/www.grandsformats.com\/2020\/07\/leuropean-jazz-network-annule-en-2020\/"},"author":{"name":"Grands Formats","@id":"https:\/\/www.grandsformats.com\/#\/schema\/person\/6ecde7e38a2254b5bc9d620679208ee1"},"headline":"L&#8217;European Jazz Network annul\u00e9 en 2020","datePublished":"2020-07-27T12:49:19+00:00","dateModified":"2020-07-27T13:09:51+00:00","mainEntityOfPage":{"@id":"https:\/\/www.grandsformats.com\/2020\/07\/leuropean-jazz-network-annule-en-2020\/"},"wordCount":113,"commentCount":0,"publisher":{"@id":"https:\/\/www.grandsformats.com\/#organization"},"image":{"@id":"https:\/\/www.grandsformats.com\/2020\/07\/leuropean-jazz-network-annule-en-2020\/#primaryimage"},"thumbnailUrl":"https:\/\/www.grandsformats.com\/wp-content\/uploads\/2020\/07\/Capture-d\u2019e\u0301cran-2020-07-27-a\u0300-14.37.26.png","articleSection":["Ev\u00e8nements"],"inLanguage":"en-US","potentialAction":[{"@type":"CommentAction","name":"Comment","target":["https:\/\/www.grandsformats.com\/2020\/07\/leuropean-jazz-network-annule-en-2020\/#respond"]}]},{"@type":"WebPage","@id":"https:\/\/www.grandsformats.com\/2020\/07\/leuropean-jazz-network-annule-en-2020\/","url":"https:\/\/www.grandsformats.com\/2020\/07\/leuropean-jazz-network-annule-en-2020\/","name":"L'European Jazz Network annul\u00e9 en 2020 - Site officiel de la f\u00e9d\u00e9ration Grands Formats","isPartOf":{"@id":"https:\/\/www.grandsformats.com\/#website"},"primaryImageOfPage":{"@id":"https:\/\/www.grandsformats.com\/2020\/07\/leuropean-jazz-network-annule-en-2020\/#primaryimage"},"image":{"@id":"https:\/\/www.grandsformats.com\/2020\/07\/leuropean-jazz-network-annule-en-2020\/#primaryimage"},"thumbnailUrl":"https:\/\/www.grandsformats.com\/wp-content\/uploads\/2020\/07\/Capture-d\u2019e\u0301cran-2020-07-27-a\u0300-14.37.26.png","datePublished":"2020-07-27T12:49:19+00:00","dateModified":"2020-07-27T13:09:51+00:00","breadcrumb":{"@id":"https:\/\/www.grandsformats.com\/2020\/07\/leuropean-jazz-network-annule-en-2020\/#breadcrumb"},"inLanguage":"en-US","potentialAction":[{"@type":"ReadAction","target":["https:\/\/www.grandsformats.com\/2020\/07\/leuropean-jazz-network-annule-en-2020\/"]}]},{"@type":"ImageObject","inLanguage":"en-US","@id":"https:\/\/www.grandsformats.com\/2020\/07\/leuropean-jazz-network-annule-en-2020\/#primaryimage","url":"https:\/\/www.grandsformats.com\/wp-content\/uploads\/2020\/07\/Capture-d\u2019e\u0301cran-2020-07-27-a\u0300-14.37.26.png","contentUrl":"https:\/\/www.grandsformats.com\/wp-content\/uploads\/2020\/07\/Capture-d\u2019e\u0301cran-2020-07-27-a\u0300-14.37.26.png","width":832,"height":468,"caption":"European Jazz Network 2020 annul\u00e9"},{"@type":"BreadcrumbList","@id":"https:\/\/www.grandsformats.com\/2020\/07\/leuropean-jazz-network-annule-en-2020\/#breadcrumb","itemListElement":[{"@type":"ListItem","position":1,"name":"Accueil","item":"https:\/\/www.grandsformats.com\/en\/"},{"@type":"ListItem","position":2,"name":"L&rsquo;European Jazz Network annul\u00e9 en 2020"}]},{"@type":"WebSite","@id":"https:\/\/www.grandsformats.com\/#website","url":"https:\/\/www.grandsformats.com\/","name":"Site officiel de la f\u00e9d\u00e9ration Grands Formats","description":"F\u00e9d\u00e9ration d&#039;artistes pour la musique en grand !","publisher":{"@id":"https:\/\/www.grandsformats.com\/#organization"},"potentialAction":[{"@type":"SearchAction","target":{"@type":"EntryPoint","urlTemplate":"https:\/\/www.grandsformats.com\/?s={search_term_string}"},"query-input":{"@type":"PropertyValueSpecification","valueRequired":true,"valueName":"search_term_string"}}],"inLanguage":"en-US"},{"@type":"Organization","@id":"https:\/\/www.grandsformats.com\/#organization","name":"Grands Formats","url":"https:\/\/www.grandsformats.com\/","logo":{"@type":"ImageObject","inLanguage":"en-US","@id":"https:\/\/www.grandsformats.com\/#\/schema\/logo\/image\/","url":"https:\/\/www.grandsformats.com\/wp-content\/uploads\/2020\/03\/logo-GF-200.png","contentUrl":"https:\/\/www.grandsformats.com\/wp-content\/uploads\/2020\/03\/logo-GF-200.png","width":155,"height":200,"caption":"Grands Formats"},"image":{"@id":"https:\/\/www.grandsformats.com\/#\/schema\/logo\/image\/"},"sameAs":["https:\/\/www.facebook.com\/grandsformats\/","https:\/\/x.com\/GrandsFormatsGF","https:\/\/www.instagram.com\/grandsformats\/","https:\/\/www.youtube.com\/channel\/UCJ7k9dbqc_DG-nxI3WMPvhw?view_as=subscriberhttps:\/\/www.youtube.com\/channel\/UCJ7k9dbqc_DG-nxI3WMPvhw?view_as=subscriber"]},{"@type":"Person","@id":"https:\/\/www.grandsformats.com\/#\/schema\/person\/6ecde7e38a2254b5bc9d620679208ee1","name":"Grands Formats","image":{"@type":"ImageObject","inLanguage":"en-US","@id":"https:\/\/www.grandsformats.com\/#\/schema\/person\/image\/","url":"https:\/\/secure.gravatar.com\/avatar\/5d06febf5ba4681bd17a251487132861b5339c2d72f789e59decf1c1b05d0078?s=96&d=mm&r=g","contentUrl":"https:\/\/secure.gravatar.com\/avatar\/5d06febf5ba4681bd17a251487132861b5339c2d72f789e59decf1c1b05d0078?s=96&d=mm&r=g","caption":"Grands Formats"},"url":"https:\/\/www.grandsformats.com\/en\/author\/margaux\/"}]}},"_links":{"self":[{"href":"https:\/\/www.grandsformats.com\/en\/wp-json\/wp\/v2\/posts\/13997","targetHints":{"allow":["GET"]}}],"collection":[{"href":"https:\/\/www.grandsformats.com\/en\/wp-json\/wp\/v2\/posts"}],"about":[{"href":"https:\/\/www.grandsformats.com\/en\/wp-json\/wp\/v2\/types\/post"}],"author":[{"embeddable":true,"href":"https:\/\/www.grandsformats.com\/en\/wp-json\/wp\/v2\/users\/2"}],"replies":[{"embeddable":true,"href":"https:\/\/www.grandsformats.com\/en\/wp-json\/wp\/v2\/comments?post=13997"}],"version-history":[{"count":0,"href":"https:\/\/www.grandsformats.com\/en\/wp-json\/wp\/v2\/posts\/13997\/revisions"}],"wp:featuredmedia":[{"embeddable":true,"href":"https:\/\/www.grandsformats.com\/en\/wp-json\/wp\/v2\/media\/13998"}],"wp:attachment":[{"href":"https:\/\/www.grandsformats.com\/en\/wp-json\/wp\/v2\/media?parent=13997"}],"wp:term":[{"taxonomy":"category","embeddable":true,"href":"https:\/\/www.grandsformats.com\/en\/wp-json\/wp\/v2\/categories?post=13997"},{"taxonomy":"post_tag","embeddable":true,"href":"https:\/\/www.grandsformats.com\/en\/wp-json\/wp\/v2\/tags?post=13997"}],"curies":[{"name":"wp","href":"https:\/\/api.w.org\/{rel}","templated":true}]}}