{"id":13946,"date":"2020-07-08T13:52:52","date_gmt":"2020-07-08T11:52:52","guid":{"rendered":"https:\/\/www.grandsformats.com\/?p=13946"},"modified":"2020-07-08T14:51:02","modified_gmt":"2020-07-08T12:51:02","slug":"nomination-de-roselyne-bachelot-en-tant-que-ministre-de-la-culture","status":"publish","type":"post","link":"https:\/\/www.grandsformats.com\/en\/2020\/07\/nomination-de-roselyne-bachelot-en-tant-que-ministre-de-la-culture\/","title":{"rendered":"Nomination de Roselyne Bachelot en tant que ministre de la Culture"},"content":{"rendered":"<p class=\"text-build-content\" data-testid=\"IlyG7Ej7J\"><strong>Suite au remaniement du gouvernement ce lundi 6 juillet, la f\u00e9d\u00e9ration Grands Formats prend acte de la nomination de Roselyne Bachelot en tant que ministre de la Culture et lui souhaite une bonne installation dans ses fonctions.<\/strong><\/p>\n<p class=\"text-build-content\" data-testid=\"IlyG7Ej7J\">Cette nomination intervient en pleine crise sanitaire, au moment o\u00f9 les musicien\u00b7ne\u00b7s repr\u00e9sent\u00e9\u00b7e\u00b7s par notre f\u00e9d\u00e9ration s\u2019appr\u00eatent \u00e0 vivre un \u00e9t\u00e9 marqu\u00e9 par une annulation presque totale de leurs concerts.<\/p>\n<p class=\"text-build-content\" data-testid=\"IlyG7Ej7J\">Ce sont aussi les compagnies qui les emploient, souvent fond\u00e9es par les musicien\u00b7ne\u00b7s eux-m\u00eames, qui doivent faire face \u00e0 un certain nombre de difficult\u00e9s : qu\u2019en sera-t-il du soutien de l\u2019Etat, des collectivit\u00e9s territoriales et des autres partenaires pour les ann\u00e9es 2021 et 2022, alors que la plupart des n\u00e9gociations de diffusion sont \u00e0 l\u2019arr\u00eat, que les reports massifs de concerts provoquent des embouteillages de programmation ? Comment \u00eatre s\u00fbr de pouvoir maintenir les emplois permanents, difficilement cr\u00e9\u00e9s, difficilement p\u00e9rennis\u00e9s, au sein des compagnies ? On se souvient, il y a quelques ann\u00e9es, de l\u2019arr\u00eat du dispositif des emplois tremplins en Ile-de-France puis plus largement de l\u2019arr\u00eat des emplois aid\u00e9s (CUI, CAE) au niveau national qui avaient fragilis\u00e9 les mod\u00e8les \u00e9conomiques de nos compagnies artistiques qui englobent l\u2019int\u00e9gralit\u00e9 des m\u00e9tiers de la musique : cr\u00e9ation, diffusion, production phonographique et \u00e9ducation artistique et culturelle, formation aussi parfois&#8230;<\/p>\n<p class=\"text-build-content\" data-testid=\"IlyG7Ej7J\">\u00c0 court et moyen terme, des mesures ont \u00e9t\u00e9 prises pour les artistes, il faut le saluer, puisque le principe d&#8217;une &#8220;ann\u00e9e blanche&#8221; pour les intermittent\u00b7e\u00b7s semble \u00eatre act\u00e9. Il reste que nous avons tous besoin d&#8217;en conna\u00eetre rapidement les modalit\u00e9s pratiques qui se font attendre. Nous sommes \u00e9galement impatients de savoir \u00e0 quel moment la reprise sera r\u00e9ellement effective. Nous pouvons noter au passage que les compositeur\u00b7rice\u00b7s, les auteur\u00b7e\u00b7s, et les interpr\u00e8tes, subiront dans les prochains mois le contrecoup des manques de perception li\u00e9s \u00e0 cette crise.<\/p>\n<p class=\"text-build-content\" data-testid=\"IlyG7Ej7J\">Enfin n\u2019oublions pas qu\u2019en dehors du travail relatif \u00e0 la relance du secteur, qui sera \u00e9norme, des sujets majeurs attendent notre nouvelle ministre sur des th\u00e8mes qui pr\u00e9occupent notre f\u00e9d\u00e9ration : la future loi sur l\u2019audiovisuel, et l\u2019esp\u00e9rance de voir enfin les plateformes de streaming participer au financement de la cr\u00e9ation, ou encore la poursuite du montage du nouveau Centre National de la Musique dont le Conseil Professionnel n\u2019a toujours pas \u00e9t\u00e9 cr\u00e9\u00e9.<\/p>\n<p class=\"text-build-content\" data-testid=\"IlyG7Ej7J\"><i><strong>Alexandre Herer, vice-pr\u00e9sident de la f\u00e9d\u00e9ration Grands Formats, fondateur du collectif Onze Heures Onze et musicien \u00a0<\/strong><\/i><\/p>\n<p data-testid=\"IlyG7Ej7J\"><span class=\"caption\" style=\"font-size: 10pt;\">Alexandre Herer \u00a9 Ste\u0301phanie Knibbe<\/span><\/p>\n","protected":false},"excerpt":{"rendered":"<p>Suite au remaniement du gouvernement ce lundi 6 juillet, la f\u00e9d\u00e9ration Grands Formats prend acte de la nomination de Roselyne Bachelot en tant que ministre de la Culture et lui souhaite une bonne installation dans ses fonctions. Cette nomination intervient en pleine crise sanitaire, au moment o\u00f9 les musicien\u00b7ne\u00b7s repr\u00e9sent\u00e9\u00b7e\u00b7s par notre f\u00e9d\u00e9ration s\u2019appr\u00eatent \u00e0&#8230;<\/p>\n<p><a rel=\"bookmark\" class=\"theme-button-text wvc-button wvc-button-size-xs\" href=\"https:\/\/www.grandsformats.com\/en\/2020\/07\/nomination-de-roselyne-bachelot-en-tant-que-ministre-de-la-culture\/\"><small class=\"wvc-button-background-fill\"><\/small><span>Continue reading<\/span><\/a><\/p>\n","protected":false},"author":2,"featured_media":12986,"comment_status":"open","ping_status":"open","sticky":false,"template":"","format":"standard","meta":{"_acf_changed":false,"footnotes":""},"categories":[90,224],"tags":[],"class_list":["post-13946","post","type-post","status-publish","format-standard","has-post-thumbnail","hentry","category-grands-formats","category-tribunes","entry-post-skin-light","entry","clearfix","entry-grid","entry-columns-default","entry-post-module-layout-sidebar-right","thumbnail-color-tone-light","metro-landscape","entry-post","entry-masonry","entry-post-masonry"],"acf":[],"yoast_head":"<!-- This site is optimized with the Yoast SEO plugin v25.8 - https:\/\/yoast.com\/wordpress\/plugins\/seo\/ -->\n<title>Nomination de Roselyne Bachelot en tant que ministre de la Culture - Site officiel de la f\u00e9d\u00e9ration Grands Formats<\/title>\n<meta name=\"robots\" content=\"index, follow, max-snippet:-1, max-image-preview:large, max-video-preview:-1\" \/>\n<link rel=\"canonical\" href=\"https:\/\/www.grandsformats.com\/2020\/07\/nomination-de-roselyne-bachelot-en-tant-que-ministre-de-la-culture\/\" \/>\n<meta property=\"og:locale\" content=\"en_US\" \/>\n<meta property=\"og:type\" content=\"article\" \/>\n<meta property=\"og:title\" content=\"Nomination de Roselyne Bachelot en tant que ministre de la Culture - Site officiel de la f\u00e9d\u00e9ration Grands Formats\" \/>\n<meta property=\"og:description\" content=\"Suite au remaniement du gouvernement ce lundi 6 juillet, la f\u00e9d\u00e9ration Grands Formats prend acte de la nomination de Roselyne Bachelot en tant que ministre de la Culture et lui souhaite une bonne installation dans ses fonctions. Cette nomination intervient en pleine crise sanitaire, au moment o\u00f9 les musicien\u00b7ne\u00b7s repr\u00e9sent\u00e9\u00b7e\u00b7s par notre f\u00e9d\u00e9ration s\u2019appr\u00eatent \u00e0...Continue reading\" \/>\n<meta property=\"og:url\" content=\"https:\/\/www.grandsformats.com\/2020\/07\/nomination-de-roselyne-bachelot-en-tant-que-ministre-de-la-culture\/\" \/>\n<meta property=\"og:site_name\" content=\"Site officiel de la f\u00e9d\u00e9ration Grands Formats\" \/>\n<meta property=\"article:publisher\" content=\"https:\/\/www.facebook.com\/grandsformats\/\" \/>\n<meta property=\"article:published_time\" content=\"2020-07-08T11:52:52+00:00\" \/>\n<meta property=\"article:modified_time\" content=\"2020-07-08T12:51:02+00:00\" \/>\n<meta property=\"og:image\" content=\"https:\/\/www.grandsformats.com\/wp-content\/uploads\/2020\/05\/Alexandre-Herer-2019-\u00a9-Ste\u0301phanie-Knibbe-1920x1080-2.jpg\" \/>\n\t<meta property=\"og:image:width\" content=\"1699\" \/>\n\t<meta property=\"og:image:height\" content=\"956\" \/>\n\t<meta property=\"og:image:type\" content=\"image\/jpeg\" \/>\n<meta name=\"author\" content=\"Grands Formats\" \/>\n<meta name=\"twitter:card\" content=\"summary_large_image\" \/>\n<meta name=\"twitter:creator\" content=\"@GrandsFormatsGF\" \/>\n<meta name=\"twitter:site\" content=\"@GrandsFormatsGF\" \/>\n<meta name=\"twitter:label1\" content=\"Written by\" \/>\n\t<meta name=\"twitter:data1\" content=\"Grands Formats\" \/>\n\t<meta name=\"twitter:label2\" content=\"Est. reading time\" \/>\n\t<meta name=\"twitter:data2\" content=\"2 minutes\" \/>\n<script type=\"application\/ld+json\" class=\"yoast-schema-graph\">{\"@context\":\"https:\/\/schema.org\",\"@graph\":[{\"@type\":\"Article\",\"@id\":\"https:\/\/www.grandsformats.com\/2020\/07\/nomination-de-roselyne-bachelot-en-tant-que-ministre-de-la-culture\/#article\",\"isPartOf\":{\"@id\":\"https:\/\/www.grandsformats.com\/2020\/07\/nomination-de-roselyne-bachelot-en-tant-que-ministre-de-la-culture\/\"},\"author\":{\"name\":\"Grands Formats\",\"@id\":\"https:\/\/www.grandsformats.com\/#\/schema\/person\/6ecde7e38a2254b5bc9d620679208ee1\"},\"headline\":\"Nomination de Roselyne Bachelot en tant que ministre de la Culture\",\"datePublished\":\"2020-07-08T11:52:52+00:00\",\"dateModified\":\"2020-07-08T12:51:02+00:00\",\"mainEntityOfPage\":{\"@id\":\"https:\/\/www.grandsformats.com\/2020\/07\/nomination-de-roselyne-bachelot-en-tant-que-ministre-de-la-culture\/\"},\"wordCount\":457,\"commentCount\":0,\"publisher\":{\"@id\":\"https:\/\/www.grandsformats.com\/#organization\"},\"image\":{\"@id\":\"https:\/\/www.grandsformats.com\/2020\/07\/nomination-de-roselyne-bachelot-en-tant-que-ministre-de-la-culture\/#primaryimage\"},\"thumbnailUrl\":\"https:\/\/www.grandsformats.com\/wp-content\/uploads\/2020\/05\/Alexandre-Herer-2019-\u00a9-Ste\u0301phanie-Knibbe-1920x1080-2.jpg\",\"articleSection\":[\"Actus de la f\u00e9d\u00e9\",\"Tribunes\"],\"inLanguage\":\"en-US\",\"potentialAction\":[{\"@type\":\"CommentAction\",\"name\":\"Comment\",\"target\":[\"https:\/\/www.grandsformats.com\/2020\/07\/nomination-de-roselyne-bachelot-en-tant-que-ministre-de-la-culture\/#respond\"]}]},{\"@type\":\"WebPage\",\"@id\":\"https:\/\/www.grandsformats.com\/2020\/07\/nomination-de-roselyne-bachelot-en-tant-que-ministre-de-la-culture\/\",\"url\":\"https:\/\/www.grandsformats.com\/2020\/07\/nomination-de-roselyne-bachelot-en-tant-que-ministre-de-la-culture\/\",\"name\":\"Nomination de Roselyne Bachelot en tant que ministre de la Culture - Site officiel de la f\u00e9d\u00e9ration Grands Formats\",\"isPartOf\":{\"@id\":\"https:\/\/www.grandsformats.com\/#website\"},\"primaryImageOfPage\":{\"@id\":\"https:\/\/www.grandsformats.com\/2020\/07\/nomination-de-roselyne-bachelot-en-tant-que-ministre-de-la-culture\/#primaryimage\"},\"image\":{\"@id\":\"https:\/\/www.grandsformats.com\/2020\/07\/nomination-de-roselyne-bachelot-en-tant-que-ministre-de-la-culture\/#primaryimage\"},\"thumbnailUrl\":\"https:\/\/www.grandsformats.com\/wp-content\/uploads\/2020\/05\/Alexandre-Herer-2019-\u00a9-Ste\u0301phanie-Knibbe-1920x1080-2.jpg\",\"datePublished\":\"2020-07-08T11:52:52+00:00\",\"dateModified\":\"2020-07-08T12:51:02+00:00\",\"breadcrumb\":{\"@id\":\"https:\/\/www.grandsformats.com\/2020\/07\/nomination-de-roselyne-bachelot-en-tant-que-ministre-de-la-culture\/#breadcrumb\"},\"inLanguage\":\"en-US\",\"potentialAction\":[{\"@type\":\"ReadAction\",\"target\":[\"https:\/\/www.grandsformats.com\/2020\/07\/nomination-de-roselyne-bachelot-en-tant-que-ministre-de-la-culture\/\"]}]},{\"@type\":\"ImageObject\",\"inLanguage\":\"en-US\",\"@id\":\"https:\/\/www.grandsformats.com\/2020\/07\/nomination-de-roselyne-bachelot-en-tant-que-ministre-de-la-culture\/#primaryimage\",\"url\":\"https:\/\/www.grandsformats.com\/wp-content\/uploads\/2020\/05\/Alexandre-Herer-2019-\u00a9-Ste\u0301phanie-Knibbe-1920x1080-2.jpg\",\"contentUrl\":\"https:\/\/www.grandsformats.com\/wp-content\/uploads\/2020\/05\/Alexandre-Herer-2019-\u00a9-Ste\u0301phanie-Knibbe-1920x1080-2.jpg\",\"width\":1699,\"height\":956,\"caption\":\"Alexandre Herer \u00a9 Ste\u0301phanie Knibbe\"},{\"@type\":\"BreadcrumbList\",\"@id\":\"https:\/\/www.grandsformats.com\/2020\/07\/nomination-de-roselyne-bachelot-en-tant-que-ministre-de-la-culture\/#breadcrumb\",\"itemListElement\":[{\"@type\":\"ListItem\",\"position\":1,\"name\":\"Accueil\",\"item\":\"https:\/\/www.grandsformats.com\/en\/\"},{\"@type\":\"ListItem\",\"position\":2,\"name\":\"Nomination de Roselyne Bachelot en tant que ministre de la Culture\"}]},{\"@type\":\"WebSite\",\"@id\":\"https:\/\/www.grandsformats.com\/#website\",\"url\":\"https:\/\/www.grandsformats.com\/\",\"name\":\"Site officiel de la f\u00e9d\u00e9ration Grands Formats\",\"description\":\"F\u00e9d\u00e9ration d&#039;artistes pour la musique en grand !\",\"publisher\":{\"@id\":\"https:\/\/www.grandsformats.com\/#organization\"},\"potentialAction\":[{\"@type\":\"SearchAction\",\"target\":{\"@type\":\"EntryPoint\",\"urlTemplate\":\"https:\/\/www.grandsformats.com\/?s={search_term_string}\"},\"query-input\":{\"@type\":\"PropertyValueSpecification\",\"valueRequired\":true,\"valueName\":\"search_term_string\"}}],\"inLanguage\":\"en-US\"},{\"@type\":\"Organization\",\"@id\":\"https:\/\/www.grandsformats.com\/#organization\",\"name\":\"Grands Formats\",\"url\":\"https:\/\/www.grandsformats.com\/\",\"logo\":{\"@type\":\"ImageObject\",\"inLanguage\":\"en-US\",\"@id\":\"https:\/\/www.grandsformats.com\/#\/schema\/logo\/image\/\",\"url\":\"https:\/\/www.grandsformats.com\/wp-content\/uploads\/2020\/03\/logo-GF-200.png\",\"contentUrl\":\"https:\/\/www.grandsformats.com\/wp-content\/uploads\/2020\/03\/logo-GF-200.png\",\"width\":155,\"height\":200,\"caption\":\"Grands Formats\"},\"image\":{\"@id\":\"https:\/\/www.grandsformats.com\/#\/schema\/logo\/image\/\"},\"sameAs\":[\"https:\/\/www.facebook.com\/grandsformats\/\",\"https:\/\/x.com\/GrandsFormatsGF\",\"https:\/\/www.instagram.com\/grandsformats\/\",\"https:\/\/www.youtube.com\/channel\/UCJ7k9dbqc_DG-nxI3WMPvhw?view_as=subscriberhttps:\/\/www.youtube.com\/channel\/UCJ7k9dbqc_DG-nxI3WMPvhw?view_as=subscriber\"]},{\"@type\":\"Person\",\"@id\":\"https:\/\/www.grandsformats.com\/#\/schema\/person\/6ecde7e38a2254b5bc9d620679208ee1\",\"name\":\"Grands Formats\",\"image\":{\"@type\":\"ImageObject\",\"inLanguage\":\"en-US\",\"@id\":\"https:\/\/www.grandsformats.com\/#\/schema\/person\/image\/\",\"url\":\"https:\/\/secure.gravatar.com\/avatar\/5d06febf5ba4681bd17a251487132861b5339c2d72f789e59decf1c1b05d0078?s=96&d=mm&r=g\",\"contentUrl\":\"https:\/\/secure.gravatar.com\/avatar\/5d06febf5ba4681bd17a251487132861b5339c2d72f789e59decf1c1b05d0078?s=96&d=mm&r=g\",\"caption\":\"Grands Formats\"},\"url\":\"https:\/\/www.grandsformats.com\/en\/author\/margaux\/\"}]}<\/script>\n<!-- \/ Yoast SEO plugin. -->","yoast_head_json":{"title":"Nomination de Roselyne Bachelot en tant que ministre de la Culture - Site officiel de la f\u00e9d\u00e9ration Grands Formats","robots":{"index":"index","follow":"follow","max-snippet":"max-snippet:-1","max-image-preview":"max-image-preview:large","max-video-preview":"max-video-preview:-1"},"canonical":"https:\/\/www.grandsformats.com\/2020\/07\/nomination-de-roselyne-bachelot-en-tant-que-ministre-de-la-culture\/","og_locale":"en_US","og_type":"article","og_title":"Nomination de Roselyne Bachelot en tant que ministre de la Culture - Site officiel de la f\u00e9d\u00e9ration Grands Formats","og_description":"Suite au remaniement du gouvernement ce lundi 6 juillet, la f\u00e9d\u00e9ration Grands Formats prend acte de la nomination de Roselyne Bachelot en tant que ministre de la Culture et lui souhaite une bonne installation dans ses fonctions. Cette nomination intervient en pleine crise sanitaire, au moment o\u00f9 les musicien\u00b7ne\u00b7s repr\u00e9sent\u00e9\u00b7e\u00b7s par notre f\u00e9d\u00e9ration s\u2019appr\u00eatent \u00e0...Continue reading","og_url":"https:\/\/www.grandsformats.com\/2020\/07\/nomination-de-roselyne-bachelot-en-tant-que-ministre-de-la-culture\/","og_site_name":"Site officiel de la f\u00e9d\u00e9ration Grands Formats","article_publisher":"https:\/\/www.facebook.com\/grandsformats\/","article_published_time":"2020-07-08T11:52:52+00:00","article_modified_time":"2020-07-08T12:51:02+00:00","og_image":[{"width":1699,"height":956,"url":"https:\/\/www.grandsformats.com\/wp-content\/uploads\/2020\/05\/Alexandre-Herer-2019-\u00a9-Ste\u0301phanie-Knibbe-1920x1080-2.jpg","type":"image\/jpeg"}],"author":"Grands Formats","twitter_card":"summary_large_image","twitter_creator":"@GrandsFormatsGF","twitter_site":"@GrandsFormatsGF","twitter_misc":{"Written by":"Grands Formats","Est. reading time":"2 minutes"},"schema":{"@context":"https:\/\/schema.org","@graph":[{"@type":"Article","@id":"https:\/\/www.grandsformats.com\/2020\/07\/nomination-de-roselyne-bachelot-en-tant-que-ministre-de-la-culture\/#article","isPartOf":{"@id":"https:\/\/www.grandsformats.com\/2020\/07\/nomination-de-roselyne-bachelot-en-tant-que-ministre-de-la-culture\/"},"author":{"name":"Grands Formats","@id":"https:\/\/www.grandsformats.com\/#\/schema\/person\/6ecde7e38a2254b5bc9d620679208ee1"},"headline":"Nomination de Roselyne Bachelot en tant que ministre de la Culture","datePublished":"2020-07-08T11:52:52+00:00","dateModified":"2020-07-08T12:51:02+00:00","mainEntityOfPage":{"@id":"https:\/\/www.grandsformats.com\/2020\/07\/nomination-de-roselyne-bachelot-en-tant-que-ministre-de-la-culture\/"},"wordCount":457,"commentCount":0,"publisher":{"@id":"https:\/\/www.grandsformats.com\/#organization"},"image":{"@id":"https:\/\/www.grandsformats.com\/2020\/07\/nomination-de-roselyne-bachelot-en-tant-que-ministre-de-la-culture\/#primaryimage"},"thumbnailUrl":"https:\/\/www.grandsformats.com\/wp-content\/uploads\/2020\/05\/Alexandre-Herer-2019-\u00a9-Ste\u0301phanie-Knibbe-1920x1080-2.jpg","articleSection":["Actus de la f\u00e9d\u00e9","Tribunes"],"inLanguage":"en-US","potentialAction":[{"@type":"CommentAction","name":"Comment","target":["https:\/\/www.grandsformats.com\/2020\/07\/nomination-de-roselyne-bachelot-en-tant-que-ministre-de-la-culture\/#respond"]}]},{"@type":"WebPage","@id":"https:\/\/www.grandsformats.com\/2020\/07\/nomination-de-roselyne-bachelot-en-tant-que-ministre-de-la-culture\/","url":"https:\/\/www.grandsformats.com\/2020\/07\/nomination-de-roselyne-bachelot-en-tant-que-ministre-de-la-culture\/","name":"Nomination de Roselyne Bachelot en tant que ministre de la Culture - Site officiel de la f\u00e9d\u00e9ration Grands Formats","isPartOf":{"@id":"https:\/\/www.grandsformats.com\/#website"},"primaryImageOfPage":{"@id":"https:\/\/www.grandsformats.com\/2020\/07\/nomination-de-roselyne-bachelot-en-tant-que-ministre-de-la-culture\/#primaryimage"},"image":{"@id":"https:\/\/www.grandsformats.com\/2020\/07\/nomination-de-roselyne-bachelot-en-tant-que-ministre-de-la-culture\/#primaryimage"},"thumbnailUrl":"https:\/\/www.grandsformats.com\/wp-content\/uploads\/2020\/05\/Alexandre-Herer-2019-\u00a9-Ste\u0301phanie-Knibbe-1920x1080-2.jpg","datePublished":"2020-07-08T11:52:52+00:00","dateModified":"2020-07-08T12:51:02+00:00","breadcrumb":{"@id":"https:\/\/www.grandsformats.com\/2020\/07\/nomination-de-roselyne-bachelot-en-tant-que-ministre-de-la-culture\/#breadcrumb"},"inLanguage":"en-US","potentialAction":[{"@type":"ReadAction","target":["https:\/\/www.grandsformats.com\/2020\/07\/nomination-de-roselyne-bachelot-en-tant-que-ministre-de-la-culture\/"]}]},{"@type":"ImageObject","inLanguage":"en-US","@id":"https:\/\/www.grandsformats.com\/2020\/07\/nomination-de-roselyne-bachelot-en-tant-que-ministre-de-la-culture\/#primaryimage","url":"https:\/\/www.grandsformats.com\/wp-content\/uploads\/2020\/05\/Alexandre-Herer-2019-\u00a9-Ste\u0301phanie-Knibbe-1920x1080-2.jpg","contentUrl":"https:\/\/www.grandsformats.com\/wp-content\/uploads\/2020\/05\/Alexandre-Herer-2019-\u00a9-Ste\u0301phanie-Knibbe-1920x1080-2.jpg","width":1699,"height":956,"caption":"Alexandre Herer \u00a9 Ste\u0301phanie Knibbe"},{"@type":"BreadcrumbList","@id":"https:\/\/www.grandsformats.com\/2020\/07\/nomination-de-roselyne-bachelot-en-tant-que-ministre-de-la-culture\/#breadcrumb","itemListElement":[{"@type":"ListItem","position":1,"name":"Accueil","item":"https:\/\/www.grandsformats.com\/en\/"},{"@type":"ListItem","position":2,"name":"Nomination de Roselyne Bachelot en tant que ministre de la Culture"}]},{"@type":"WebSite","@id":"https:\/\/www.grandsformats.com\/#website","url":"https:\/\/www.grandsformats.com\/","name":"Site officiel de la f\u00e9d\u00e9ration Grands Formats","description":"F\u00e9d\u00e9ration d&#039;artistes pour la musique en grand !","publisher":{"@id":"https:\/\/www.grandsformats.com\/#organization"},"potentialAction":[{"@type":"SearchAction","target":{"@type":"EntryPoint","urlTemplate":"https:\/\/www.grandsformats.com\/?s={search_term_string}"},"query-input":{"@type":"PropertyValueSpecification","valueRequired":true,"valueName":"search_term_string"}}],"inLanguage":"en-US"},{"@type":"Organization","@id":"https:\/\/www.grandsformats.com\/#organization","name":"Grands Formats","url":"https:\/\/www.grandsformats.com\/","logo":{"@type":"ImageObject","inLanguage":"en-US","@id":"https:\/\/www.grandsformats.com\/#\/schema\/logo\/image\/","url":"https:\/\/www.grandsformats.com\/wp-content\/uploads\/2020\/03\/logo-GF-200.png","contentUrl":"https:\/\/www.grandsformats.com\/wp-content\/uploads\/2020\/03\/logo-GF-200.png","width":155,"height":200,"caption":"Grands Formats"},"image":{"@id":"https:\/\/www.grandsformats.com\/#\/schema\/logo\/image\/"},"sameAs":["https:\/\/www.facebook.com\/grandsformats\/","https:\/\/x.com\/GrandsFormatsGF","https:\/\/www.instagram.com\/grandsformats\/","https:\/\/www.youtube.com\/channel\/UCJ7k9dbqc_DG-nxI3WMPvhw?view_as=subscriberhttps:\/\/www.youtube.com\/channel\/UCJ7k9dbqc_DG-nxI3WMPvhw?view_as=subscriber"]},{"@type":"Person","@id":"https:\/\/www.grandsformats.com\/#\/schema\/person\/6ecde7e38a2254b5bc9d620679208ee1","name":"Grands Formats","image":{"@type":"ImageObject","inLanguage":"en-US","@id":"https:\/\/www.grandsformats.com\/#\/schema\/person\/image\/","url":"https:\/\/secure.gravatar.com\/avatar\/5d06febf5ba4681bd17a251487132861b5339c2d72f789e59decf1c1b05d0078?s=96&d=mm&r=g","contentUrl":"https:\/\/secure.gravatar.com\/avatar\/5d06febf5ba4681bd17a251487132861b5339c2d72f789e59decf1c1b05d0078?s=96&d=mm&r=g","caption":"Grands Formats"},"url":"https:\/\/www.grandsformats.com\/en\/author\/margaux\/"}]}},"_links":{"self":[{"href":"https:\/\/www.grandsformats.com\/en\/wp-json\/wp\/v2\/posts\/13946","targetHints":{"allow":["GET"]}}],"collection":[{"href":"https:\/\/www.grandsformats.com\/en\/wp-json\/wp\/v2\/posts"}],"about":[{"href":"https:\/\/www.grandsformats.com\/en\/wp-json\/wp\/v2\/types\/post"}],"author":[{"embeddable":true,"href":"https:\/\/www.grandsformats.com\/en\/wp-json\/wp\/v2\/users\/2"}],"replies":[{"embeddable":true,"href":"https:\/\/www.grandsformats.com\/en\/wp-json\/wp\/v2\/comments?post=13946"}],"version-history":[{"count":0,"href":"https:\/\/www.grandsformats.com\/en\/wp-json\/wp\/v2\/posts\/13946\/revisions"}],"wp:featuredmedia":[{"embeddable":true,"href":"https:\/\/www.grandsformats.com\/en\/wp-json\/wp\/v2\/media\/12986"}],"wp:attachment":[{"href":"https:\/\/www.grandsformats.com\/en\/wp-json\/wp\/v2\/media?parent=13946"}],"wp:term":[{"taxonomy":"category","embeddable":true,"href":"https:\/\/www.grandsformats.com\/en\/wp-json\/wp\/v2\/categories?post=13946"},{"taxonomy":"post_tag","embeddable":true,"href":"https:\/\/www.grandsformats.com\/en\/wp-json\/wp\/v2\/tags?post=13946"}],"curies":[{"name":"wp","href":"https:\/\/api.w.org\/{rel}","templated":true}]}}