{"id":13936,"date":"2020-07-07T13:28:25","date_gmt":"2020-07-07T11:28:25","guid":{"rendered":"https:\/\/www.grandsformats.com\/?p=13936"},"modified":"2020-07-07T13:28:25","modified_gmt":"2020-07-07T11:28:25","slug":"le-capsul-collectif-renforce-ses-dispositifs-de-mediation","status":"publish","type":"post","link":"https:\/\/www.grandsformats.com\/en\/2020\/07\/le-capsul-collectif-renforce-ses-dispositifs-de-mediation\/","title":{"rendered":"Le Capsul Collectif renforce ses dispositifs de m\u00e9diation"},"content":{"rendered":"<p>Le <a href=\"https:\/\/www.grandsformats.com\/artist\/capsul-collectif\/\">Capsul Collectif<\/a> porte, depuis 2017, un programme permanent de sensibilisation, ayant pour ambition de contrer des in\u00e9galit\u00e9s d&#8217;acc\u00e8s aux oeuvres et aux pratiques artistiques que subissent des habitants des quartiers populaires et les usagers de structures sociales. Ce programme se mat\u00e9rialise par la programmation de concerts, de conf\u00e9rences, d&#8217;ateliers de pratiques artistiques.<\/p>\n<p>Constatant que la crise sanitaire actuelle ne pouvait que renforcer ces in\u00e9galit\u00e9s, les artistes du Capsul Collectif se sont engag\u00e9s, d\u00e8s la p\u00e9riode de confinement, dans un programme port\u00e9 par Cultures du C\u0153ur, ayant pour ambition de mettre en relation les usagers de la structure Cultures du Coeur avec des artistes du spectacle vivant, par l&#8217;interm\u00e9diaire du m\u00e9dium t\u00e9l\u00e9phonique.<\/p>\n<p>Les conditions sanitaires permettant d&#8217;organiser des \u00e9v\u00e9nements dans des formats plus classiques, le Capsul Collectif et ses partenaires renforcent le programme de m\u00e9diation pr\u00e9vu cet \u00e9t\u00e9. Ce programme est constitu\u00e9 de deux actions &#8220;Jazz sur la Loire&#8221; et deux formats &#8220;Jazz au Jardin&#8221;. Ils renforcent ce programme par la mise en oeuvre d&#8217;une quinzaine de repr\u00e9sentation suppl\u00e9mentaires et d&#8217;une troisi\u00e8me \u00e9dition de <strong>Jazz sur la Loire<\/strong>.<\/p>\n<p>Ce programme re\u00e7oit le soutien de la Drac Centre, de la R\u00e9gion Centre val de Loire et de la Ville de Tours.<\/p>\n","protected":false},"excerpt":{"rendered":"<p>Le Capsul Collectif porte, depuis 2017, un programme permanent de sensibilisation, ayant pour ambition de contrer des in\u00e9galit\u00e9s d&#8217;acc\u00e8s aux oeuvres et aux pratiques artistiques que subissent des habitants des quartiers populaires et les usagers de structures sociales. Ce programme se mat\u00e9rialise par la programmation de concerts, de conf\u00e9rences, d&#8217;ateliers de pratiques artistiques. Constatant que&#8230;<\/p>\n<p><a rel=\"bookmark\" class=\"theme-button-text wvc-button wvc-button-size-xs\" href=\"https:\/\/www.grandsformats.com\/en\/2020\/07\/le-capsul-collectif-renforce-ses-dispositifs-de-mediation\/\"><small class=\"wvc-button-background-fill\"><\/small><span>Continue reading<\/span><\/a><\/p>\n","protected":false},"author":2,"featured_media":13937,"comment_status":"open","ping_status":"open","sticky":false,"template":"","format":"standard","meta":{"_acf_changed":false,"footnotes":""},"categories":[95,722],"tags":[],"class_list":["post-13936","post","type-post","status-publish","format-standard","has-post-thumbnail","hentry","category-membres","category-capsul-collectif","entry-post-skin-light","entry","clearfix","entry-grid","entry-columns-default","entry-post-module-layout-sidebar-right","thumbnail-color-tone-dark","metro-landscape","entry-post","entry-masonry","entry-post-masonry"],"acf":[],"yoast_head":"<!-- This site is optimized with the Yoast SEO plugin v25.8 - https:\/\/yoast.com\/wordpress\/plugins\/seo\/ -->\n<title>Le Capsul Collectif renforce ses dispositifs de m\u00e9diation - Site officiel de la f\u00e9d\u00e9ration Grands Formats<\/title>\n<meta name=\"robots\" content=\"index, follow, max-snippet:-1, max-image-preview:large, max-video-preview:-1\" \/>\n<link rel=\"canonical\" href=\"https:\/\/www.grandsformats.com\/2020\/07\/le-capsul-collectif-renforce-ses-dispositifs-de-mediation\/\" \/>\n<meta property=\"og:locale\" content=\"en_US\" \/>\n<meta property=\"og:type\" content=\"article\" \/>\n<meta property=\"og:title\" content=\"Le Capsul Collectif renforce ses dispositifs de m\u00e9diation - Site officiel de la f\u00e9d\u00e9ration Grands Formats\" \/>\n<meta property=\"og:description\" content=\"Le Capsul Collectif porte, depuis 2017, un programme permanent de sensibilisation, ayant pour ambition de contrer des in\u00e9galit\u00e9s d&#8217;acc\u00e8s aux oeuvres et aux pratiques artistiques que subissent des habitants des quartiers populaires et les usagers de structures sociales. Ce programme se mat\u00e9rialise par la programmation de concerts, de conf\u00e9rences, d&#8217;ateliers de pratiques artistiques. Constatant que...Continue reading\" \/>\n<meta property=\"og:url\" content=\"https:\/\/www.grandsformats.com\/2020\/07\/le-capsul-collectif-renforce-ses-dispositifs-de-mediation\/\" \/>\n<meta property=\"og:site_name\" content=\"Site officiel de la f\u00e9d\u00e9ration Grands Formats\" \/>\n<meta property=\"article:publisher\" content=\"https:\/\/www.facebook.com\/grandsformats\/\" \/>\n<meta property=\"article:published_time\" content=\"2020-07-07T11:28:25+00:00\" \/>\n<meta property=\"og:image\" content=\"https:\/\/www.grandsformats.com\/wp-content\/uploads\/2020\/07\/SiteinternetGF.jpg\" \/>\n\t<meta property=\"og:image:width\" content=\"1244\" \/>\n\t<meta property=\"og:image:height\" content=\"700\" \/>\n\t<meta property=\"og:image:type\" content=\"image\/jpeg\" \/>\n<meta name=\"author\" content=\"Grands Formats\" \/>\n<meta name=\"twitter:card\" content=\"summary_large_image\" \/>\n<meta name=\"twitter:creator\" content=\"@GrandsFormatsGF\" \/>\n<meta name=\"twitter:site\" content=\"@GrandsFormatsGF\" \/>\n<meta name=\"twitter:label1\" content=\"Written by\" \/>\n\t<meta name=\"twitter:data1\" content=\"Grands Formats\" \/>\n\t<meta name=\"twitter:label2\" content=\"Est. reading time\" \/>\n\t<meta name=\"twitter:data2\" content=\"1 minute\" \/>\n<script type=\"application\/ld+json\" class=\"yoast-schema-graph\">{\"@context\":\"https:\/\/schema.org\",\"@graph\":[{\"@type\":\"Article\",\"@id\":\"https:\/\/www.grandsformats.com\/2020\/07\/le-capsul-collectif-renforce-ses-dispositifs-de-mediation\/#article\",\"isPartOf\":{\"@id\":\"https:\/\/www.grandsformats.com\/2020\/07\/le-capsul-collectif-renforce-ses-dispositifs-de-mediation\/\"},\"author\":{\"name\":\"Grands Formats\",\"@id\":\"https:\/\/www.grandsformats.com\/#\/schema\/person\/6ecde7e38a2254b5bc9d620679208ee1\"},\"headline\":\"Le Capsul Collectif renforce ses dispositifs de m\u00e9diation\",\"datePublished\":\"2020-07-07T11:28:25+00:00\",\"mainEntityOfPage\":{\"@id\":\"https:\/\/www.grandsformats.com\/2020\/07\/le-capsul-collectif-renforce-ses-dispositifs-de-mediation\/\"},\"wordCount\":237,\"commentCount\":0,\"publisher\":{\"@id\":\"https:\/\/www.grandsformats.com\/#organization\"},\"image\":{\"@id\":\"https:\/\/www.grandsformats.com\/2020\/07\/le-capsul-collectif-renforce-ses-dispositifs-de-mediation\/#primaryimage\"},\"thumbnailUrl\":\"https:\/\/www.grandsformats.com\/wp-content\/uploads\/2020\/07\/SiteinternetGF.jpg\",\"articleSection\":[\"Actus des membres\",\"Capsul Collectif\"],\"inLanguage\":\"en-US\",\"potentialAction\":[{\"@type\":\"CommentAction\",\"name\":\"Comment\",\"target\":[\"https:\/\/www.grandsformats.com\/2020\/07\/le-capsul-collectif-renforce-ses-dispositifs-de-mediation\/#respond\"]}]},{\"@type\":\"WebPage\",\"@id\":\"https:\/\/www.grandsformats.com\/2020\/07\/le-capsul-collectif-renforce-ses-dispositifs-de-mediation\/\",\"url\":\"https:\/\/www.grandsformats.com\/2020\/07\/le-capsul-collectif-renforce-ses-dispositifs-de-mediation\/\",\"name\":\"Le Capsul Collectif renforce ses dispositifs de m\u00e9diation - Site officiel de la f\u00e9d\u00e9ration Grands Formats\",\"isPartOf\":{\"@id\":\"https:\/\/www.grandsformats.com\/#website\"},\"primaryImageOfPage\":{\"@id\":\"https:\/\/www.grandsformats.com\/2020\/07\/le-capsul-collectif-renforce-ses-dispositifs-de-mediation\/#primaryimage\"},\"image\":{\"@id\":\"https:\/\/www.grandsformats.com\/2020\/07\/le-capsul-collectif-renforce-ses-dispositifs-de-mediation\/#primaryimage\"},\"thumbnailUrl\":\"https:\/\/www.grandsformats.com\/wp-content\/uploads\/2020\/07\/SiteinternetGF.jpg\",\"datePublished\":\"2020-07-07T11:28:25+00:00\",\"breadcrumb\":{\"@id\":\"https:\/\/www.grandsformats.com\/2020\/07\/le-capsul-collectif-renforce-ses-dispositifs-de-mediation\/#breadcrumb\"},\"inLanguage\":\"en-US\",\"potentialAction\":[{\"@type\":\"ReadAction\",\"target\":[\"https:\/\/www.grandsformats.com\/2020\/07\/le-capsul-collectif-renforce-ses-dispositifs-de-mediation\/\"]}]},{\"@type\":\"ImageObject\",\"inLanguage\":\"en-US\",\"@id\":\"https:\/\/www.grandsformats.com\/2020\/07\/le-capsul-collectif-renforce-ses-dispositifs-de-mediation\/#primaryimage\",\"url\":\"https:\/\/www.grandsformats.com\/wp-content\/uploads\/2020\/07\/SiteinternetGF.jpg\",\"contentUrl\":\"https:\/\/www.grandsformats.com\/wp-content\/uploads\/2020\/07\/SiteinternetGF.jpg\",\"width\":1244,\"height\":700,\"caption\":\"Jazz sur la Loire - Capsul Collectif\"},{\"@type\":\"BreadcrumbList\",\"@id\":\"https:\/\/www.grandsformats.com\/2020\/07\/le-capsul-collectif-renforce-ses-dispositifs-de-mediation\/#breadcrumb\",\"itemListElement\":[{\"@type\":\"ListItem\",\"position\":1,\"name\":\"Accueil\",\"item\":\"https:\/\/www.grandsformats.com\/en\/\"},{\"@type\":\"ListItem\",\"position\":2,\"name\":\"Le Capsul Collectif renforce ses dispositifs de m\u00e9diation\"}]},{\"@type\":\"WebSite\",\"@id\":\"https:\/\/www.grandsformats.com\/#website\",\"url\":\"https:\/\/www.grandsformats.com\/\",\"name\":\"Site officiel de la f\u00e9d\u00e9ration Grands Formats\",\"description\":\"F\u00e9d\u00e9ration d&#039;artistes pour la musique en grand !\",\"publisher\":{\"@id\":\"https:\/\/www.grandsformats.com\/#organization\"},\"potentialAction\":[{\"@type\":\"SearchAction\",\"target\":{\"@type\":\"EntryPoint\",\"urlTemplate\":\"https:\/\/www.grandsformats.com\/?s={search_term_string}\"},\"query-input\":{\"@type\":\"PropertyValueSpecification\",\"valueRequired\":true,\"valueName\":\"search_term_string\"}}],\"inLanguage\":\"en-US\"},{\"@type\":\"Organization\",\"@id\":\"https:\/\/www.grandsformats.com\/#organization\",\"name\":\"Grands Formats\",\"url\":\"https:\/\/www.grandsformats.com\/\",\"logo\":{\"@type\":\"ImageObject\",\"inLanguage\":\"en-US\",\"@id\":\"https:\/\/www.grandsformats.com\/#\/schema\/logo\/image\/\",\"url\":\"https:\/\/www.grandsformats.com\/wp-content\/uploads\/2020\/03\/logo-GF-200.png\",\"contentUrl\":\"https:\/\/www.grandsformats.com\/wp-content\/uploads\/2020\/03\/logo-GF-200.png\",\"width\":155,\"height\":200,\"caption\":\"Grands Formats\"},\"image\":{\"@id\":\"https:\/\/www.grandsformats.com\/#\/schema\/logo\/image\/\"},\"sameAs\":[\"https:\/\/www.facebook.com\/grandsformats\/\",\"https:\/\/x.com\/GrandsFormatsGF\",\"https:\/\/www.instagram.com\/grandsformats\/\",\"https:\/\/www.youtube.com\/channel\/UCJ7k9dbqc_DG-nxI3WMPvhw?view_as=subscriberhttps:\/\/www.youtube.com\/channel\/UCJ7k9dbqc_DG-nxI3WMPvhw?view_as=subscriber\"]},{\"@type\":\"Person\",\"@id\":\"https:\/\/www.grandsformats.com\/#\/schema\/person\/6ecde7e38a2254b5bc9d620679208ee1\",\"name\":\"Grands Formats\",\"image\":{\"@type\":\"ImageObject\",\"inLanguage\":\"en-US\",\"@id\":\"https:\/\/www.grandsformats.com\/#\/schema\/person\/image\/\",\"url\":\"https:\/\/secure.gravatar.com\/avatar\/5d06febf5ba4681bd17a251487132861b5339c2d72f789e59decf1c1b05d0078?s=96&d=mm&r=g\",\"contentUrl\":\"https:\/\/secure.gravatar.com\/avatar\/5d06febf5ba4681bd17a251487132861b5339c2d72f789e59decf1c1b05d0078?s=96&d=mm&r=g\",\"caption\":\"Grands Formats\"},\"url\":\"https:\/\/www.grandsformats.com\/en\/author\/margaux\/\"}]}<\/script>\n<!-- \/ Yoast SEO plugin. -->","yoast_head_json":{"title":"Le Capsul Collectif renforce ses dispositifs de m\u00e9diation - Site officiel de la f\u00e9d\u00e9ration Grands Formats","robots":{"index":"index","follow":"follow","max-snippet":"max-snippet:-1","max-image-preview":"max-image-preview:large","max-video-preview":"max-video-preview:-1"},"canonical":"https:\/\/www.grandsformats.com\/2020\/07\/le-capsul-collectif-renforce-ses-dispositifs-de-mediation\/","og_locale":"en_US","og_type":"article","og_title":"Le Capsul Collectif renforce ses dispositifs de m\u00e9diation - Site officiel de la f\u00e9d\u00e9ration Grands Formats","og_description":"Le Capsul Collectif porte, depuis 2017, un programme permanent de sensibilisation, ayant pour ambition de contrer des in\u00e9galit\u00e9s d&#8217;acc\u00e8s aux oeuvres et aux pratiques artistiques que subissent des habitants des quartiers populaires et les usagers de structures sociales. Ce programme se mat\u00e9rialise par la programmation de concerts, de conf\u00e9rences, d&#8217;ateliers de pratiques artistiques. Constatant que...Continue reading","og_url":"https:\/\/www.grandsformats.com\/2020\/07\/le-capsul-collectif-renforce-ses-dispositifs-de-mediation\/","og_site_name":"Site officiel de la f\u00e9d\u00e9ration Grands Formats","article_publisher":"https:\/\/www.facebook.com\/grandsformats\/","article_published_time":"2020-07-07T11:28:25+00:00","og_image":[{"width":1244,"height":700,"url":"https:\/\/www.grandsformats.com\/wp-content\/uploads\/2020\/07\/SiteinternetGF.jpg","type":"image\/jpeg"}],"author":"Grands Formats","twitter_card":"summary_large_image","twitter_creator":"@GrandsFormatsGF","twitter_site":"@GrandsFormatsGF","twitter_misc":{"Written by":"Grands Formats","Est. reading time":"1 minute"},"schema":{"@context":"https:\/\/schema.org","@graph":[{"@type":"Article","@id":"https:\/\/www.grandsformats.com\/2020\/07\/le-capsul-collectif-renforce-ses-dispositifs-de-mediation\/#article","isPartOf":{"@id":"https:\/\/www.grandsformats.com\/2020\/07\/le-capsul-collectif-renforce-ses-dispositifs-de-mediation\/"},"author":{"name":"Grands Formats","@id":"https:\/\/www.grandsformats.com\/#\/schema\/person\/6ecde7e38a2254b5bc9d620679208ee1"},"headline":"Le Capsul Collectif renforce ses dispositifs de m\u00e9diation","datePublished":"2020-07-07T11:28:25+00:00","mainEntityOfPage":{"@id":"https:\/\/www.grandsformats.com\/2020\/07\/le-capsul-collectif-renforce-ses-dispositifs-de-mediation\/"},"wordCount":237,"commentCount":0,"publisher":{"@id":"https:\/\/www.grandsformats.com\/#organization"},"image":{"@id":"https:\/\/www.grandsformats.com\/2020\/07\/le-capsul-collectif-renforce-ses-dispositifs-de-mediation\/#primaryimage"},"thumbnailUrl":"https:\/\/www.grandsformats.com\/wp-content\/uploads\/2020\/07\/SiteinternetGF.jpg","articleSection":["Actus des membres","Capsul Collectif"],"inLanguage":"en-US","potentialAction":[{"@type":"CommentAction","name":"Comment","target":["https:\/\/www.grandsformats.com\/2020\/07\/le-capsul-collectif-renforce-ses-dispositifs-de-mediation\/#respond"]}]},{"@type":"WebPage","@id":"https:\/\/www.grandsformats.com\/2020\/07\/le-capsul-collectif-renforce-ses-dispositifs-de-mediation\/","url":"https:\/\/www.grandsformats.com\/2020\/07\/le-capsul-collectif-renforce-ses-dispositifs-de-mediation\/","name":"Le Capsul Collectif renforce ses dispositifs de m\u00e9diation - Site officiel de la f\u00e9d\u00e9ration Grands Formats","isPartOf":{"@id":"https:\/\/www.grandsformats.com\/#website"},"primaryImageOfPage":{"@id":"https:\/\/www.grandsformats.com\/2020\/07\/le-capsul-collectif-renforce-ses-dispositifs-de-mediation\/#primaryimage"},"image":{"@id":"https:\/\/www.grandsformats.com\/2020\/07\/le-capsul-collectif-renforce-ses-dispositifs-de-mediation\/#primaryimage"},"thumbnailUrl":"https:\/\/www.grandsformats.com\/wp-content\/uploads\/2020\/07\/SiteinternetGF.jpg","datePublished":"2020-07-07T11:28:25+00:00","breadcrumb":{"@id":"https:\/\/www.grandsformats.com\/2020\/07\/le-capsul-collectif-renforce-ses-dispositifs-de-mediation\/#breadcrumb"},"inLanguage":"en-US","potentialAction":[{"@type":"ReadAction","target":["https:\/\/www.grandsformats.com\/2020\/07\/le-capsul-collectif-renforce-ses-dispositifs-de-mediation\/"]}]},{"@type":"ImageObject","inLanguage":"en-US","@id":"https:\/\/www.grandsformats.com\/2020\/07\/le-capsul-collectif-renforce-ses-dispositifs-de-mediation\/#primaryimage","url":"https:\/\/www.grandsformats.com\/wp-content\/uploads\/2020\/07\/SiteinternetGF.jpg","contentUrl":"https:\/\/www.grandsformats.com\/wp-content\/uploads\/2020\/07\/SiteinternetGF.jpg","width":1244,"height":700,"caption":"Jazz sur la Loire - Capsul Collectif"},{"@type":"BreadcrumbList","@id":"https:\/\/www.grandsformats.com\/2020\/07\/le-capsul-collectif-renforce-ses-dispositifs-de-mediation\/#breadcrumb","itemListElement":[{"@type":"ListItem","position":1,"name":"Accueil","item":"https:\/\/www.grandsformats.com\/en\/"},{"@type":"ListItem","position":2,"name":"Le Capsul Collectif renforce ses dispositifs de m\u00e9diation"}]},{"@type":"WebSite","@id":"https:\/\/www.grandsformats.com\/#website","url":"https:\/\/www.grandsformats.com\/","name":"Site officiel de la f\u00e9d\u00e9ration Grands Formats","description":"F\u00e9d\u00e9ration d&#039;artistes pour la musique en grand !","publisher":{"@id":"https:\/\/www.grandsformats.com\/#organization"},"potentialAction":[{"@type":"SearchAction","target":{"@type":"EntryPoint","urlTemplate":"https:\/\/www.grandsformats.com\/?s={search_term_string}"},"query-input":{"@type":"PropertyValueSpecification","valueRequired":true,"valueName":"search_term_string"}}],"inLanguage":"en-US"},{"@type":"Organization","@id":"https:\/\/www.grandsformats.com\/#organization","name":"Grands Formats","url":"https:\/\/www.grandsformats.com\/","logo":{"@type":"ImageObject","inLanguage":"en-US","@id":"https:\/\/www.grandsformats.com\/#\/schema\/logo\/image\/","url":"https:\/\/www.grandsformats.com\/wp-content\/uploads\/2020\/03\/logo-GF-200.png","contentUrl":"https:\/\/www.grandsformats.com\/wp-content\/uploads\/2020\/03\/logo-GF-200.png","width":155,"height":200,"caption":"Grands Formats"},"image":{"@id":"https:\/\/www.grandsformats.com\/#\/schema\/logo\/image\/"},"sameAs":["https:\/\/www.facebook.com\/grandsformats\/","https:\/\/x.com\/GrandsFormatsGF","https:\/\/www.instagram.com\/grandsformats\/","https:\/\/www.youtube.com\/channel\/UCJ7k9dbqc_DG-nxI3WMPvhw?view_as=subscriberhttps:\/\/www.youtube.com\/channel\/UCJ7k9dbqc_DG-nxI3WMPvhw?view_as=subscriber"]},{"@type":"Person","@id":"https:\/\/www.grandsformats.com\/#\/schema\/person\/6ecde7e38a2254b5bc9d620679208ee1","name":"Grands Formats","image":{"@type":"ImageObject","inLanguage":"en-US","@id":"https:\/\/www.grandsformats.com\/#\/schema\/person\/image\/","url":"https:\/\/secure.gravatar.com\/avatar\/5d06febf5ba4681bd17a251487132861b5339c2d72f789e59decf1c1b05d0078?s=96&d=mm&r=g","contentUrl":"https:\/\/secure.gravatar.com\/avatar\/5d06febf5ba4681bd17a251487132861b5339c2d72f789e59decf1c1b05d0078?s=96&d=mm&r=g","caption":"Grands Formats"},"url":"https:\/\/www.grandsformats.com\/en\/author\/margaux\/"}]}},"_links":{"self":[{"href":"https:\/\/www.grandsformats.com\/en\/wp-json\/wp\/v2\/posts\/13936","targetHints":{"allow":["GET"]}}],"collection":[{"href":"https:\/\/www.grandsformats.com\/en\/wp-json\/wp\/v2\/posts"}],"about":[{"href":"https:\/\/www.grandsformats.com\/en\/wp-json\/wp\/v2\/types\/post"}],"author":[{"embeddable":true,"href":"https:\/\/www.grandsformats.com\/en\/wp-json\/wp\/v2\/users\/2"}],"replies":[{"embeddable":true,"href":"https:\/\/www.grandsformats.com\/en\/wp-json\/wp\/v2\/comments?post=13936"}],"version-history":[{"count":0,"href":"https:\/\/www.grandsformats.com\/en\/wp-json\/wp\/v2\/posts\/13936\/revisions"}],"wp:featuredmedia":[{"embeddable":true,"href":"https:\/\/www.grandsformats.com\/en\/wp-json\/wp\/v2\/media\/13937"}],"wp:attachment":[{"href":"https:\/\/www.grandsformats.com\/en\/wp-json\/wp\/v2\/media?parent=13936"}],"wp:term":[{"taxonomy":"category","embeddable":true,"href":"https:\/\/www.grandsformats.com\/en\/wp-json\/wp\/v2\/categories?post=13936"},{"taxonomy":"post_tag","embeddable":true,"href":"https:\/\/www.grandsformats.com\/en\/wp-json\/wp\/v2\/tags?post=13936"}],"curies":[{"name":"wp","href":"https:\/\/api.w.org\/{rel}","templated":true}]}}