{"id":13911,"date":"2020-07-03T10:41:34","date_gmt":"2020-07-03T08:41:34","guid":{"rendered":"https:\/\/www.grandsformats.com\/?p=13911"},"modified":"2020-07-06T14:17:58","modified_gmt":"2020-07-06T12:17:58","slug":"grands-formats-soutient-lappel-pour-une-ecologie-de-la-musique-vivante","status":"publish","type":"post","link":"https:\/\/www.grandsformats.com\/en\/2020\/07\/grands-formats-soutient-lappel-pour-une-ecologie-de-la-musique-vivante\/","title":{"rendered":"Grands Formats soutient l&#8217;appel &#8220;pour une \u00e9cologie de la musique vivante&#8221;"},"content":{"rendered":"<div class=\"wpb-content-wrapper\"><p>[vc_row][vc_column][vc_column_text]<\/p>\n<div class=\"wvc-text-block wvc-clearfix wvc-element wvc-mobile-text-align-\">\n<div class=\"wbp_wrapper\">\n<h3>Encourager les pratiques \u00e9cologiques et responsables<\/h3>\n<p>A l\u2019initiative d\u2019un groupe de musicien\u00b7ne\u00b7s, des artistes, producteur\u00b7trice\u00b7s et professionnel\u00b7le\u00b7s du jazz et des musiques improvis\u00e9es se sont r\u00e9unis au printemps 2020 pour interpeller le secteur sur ses pratiques, ses modes de production et encourager un changement audacieux et vertueux afin de rendre nos pratiques professionnelles plus responsables et plus \u00e9cologiques.<\/p>\n<p>Nous relayons ici leur appel, accompagn\u00e9 d\u2019une s\u00e9rie de propositions concr\u00e8tes constituant une base pour des \u00e9changes \u00e0 venir avec l\u2019ensemble des acteur\u00b7trice\u00b7s qui souhaiteraient s\u2019engager dans cette d\u00e9marche, chacun \u00e0 sa mani\u00e8re et selon ses capacit\u00e9s.<\/p>\n<p>En relayant cet appel et en y apportant sa signature, la f\u00e9d\u00e9ration Grands Formats s\u2019engage \u00e0 se lancer dans ce vaste chantier avec l\u2019envie de participer \u00e0 la sensibilisation des acteur\u00b7trice\u00b7s du secteur et d\u2019\u00eatre force de proposition quant au d\u00e9veloppement de pratiques et modes de production plus responsables et respectueux de notre environnement.\n<\/p><\/div>\n<\/div>\n<p>[\/vc_column_text][\/vc_column][\/vc_row][vc_row][vc_column][vc_button title=&#8221;Le communiqu\u00e9&#8221; size=&#8221;md&#8221; align=&#8221;left&#8221; font_weight=&#8221;400&#8243; link=&#8221;url:https%3A%2F%2Fwww.grandsformats.com%2Fwp-content%2Fuploads%2F2020%2F06%2FPour-une-ecologie-de-la-musique-vivante-16062020-1.pdf||target:%20_blank|&#8221;][vc_button title=&#8221;Les propositions pratiques&#8221; size=&#8221;md&#8221; align=&#8221;left&#8221; font_weight=&#8221;400&#8243; link=&#8221;url:https%3A%2F%2Fwww.grandsformats.com%2Fwp-content%2Fuploads%2F2020%2F06%2FMise-en-pratique-Ecologie-160602020.pdf||target:%20_blank|&#8221;][vc_button title=&#8221;Signez le communiqu\u00e9&#8221; size=&#8221;md&#8221; align=&#8221;left&#8221; font_weight=&#8221;400&#8243; link=&#8221;url:https%3A%2F%2Fwww.grandsformats.com%2Fappel-pour-une-ecologie-de-la-musique-vivante%2F||target:%20_blank|&#8221;][\/vc_column][\/vc_row]<\/p>\n<\/div>","protected":false},"excerpt":{"rendered":"<p>[vc_row][vc_column][vc_column_text] Encourager les pratiques \u00e9cologiques et responsables A l\u2019initiative d\u2019un groupe de musicien\u00b7ne\u00b7s, des artistes, producteur\u00b7trice\u00b7s et professionnel\u00b7le\u00b7s du jazz et des musiques improvis\u00e9es se sont r\u00e9unis au printemps 2020 pour interpeller le secteur sur ses pratiques, ses modes de production et encourager un changement audacieux et vertueux afin de rendre nos pratiques professionnelles plus&#8230;<\/p>\n<p><a rel=\"bookmark\" class=\"theme-button-text wvc-button wvc-button-size-xs\" href=\"https:\/\/www.grandsformats.com\/en\/2020\/07\/grands-formats-soutient-lappel-pour-une-ecologie-de-la-musique-vivante\/\"><small class=\"wvc-button-background-fill\"><\/small><span>Continue reading<\/span><\/a><\/p>\n","protected":false},"author":2,"featured_media":13598,"comment_status":"open","ping_status":"open","sticky":false,"template":"","format":"standard","meta":{"_acf_changed":false,"footnotes":""},"categories":[90,94],"tags":[],"class_list":["post-13911","post","type-post","status-publish","format-standard","has-post-thumbnail","hentry","category-grands-formats","category-ressources","entry-post-skin-light","entry","clearfix","entry-grid","entry-columns-default","entry-post-module-layout-sidebar-right","thumbnail-color-tone-dark","metro-landscape","entry-post","entry-masonry","entry-post-masonry"],"acf":[],"yoast_head":"<!-- This site is optimized with the Yoast SEO plugin v25.8 - https:\/\/yoast.com\/wordpress\/plugins\/seo\/ -->\n<title>Grands Formats soutient l&#039;appel &quot;pour une \u00e9cologie de la musique vivante&quot; - Site officiel de la f\u00e9d\u00e9ration Grands Formats<\/title>\n<meta name=\"robots\" content=\"index, follow, max-snippet:-1, max-image-preview:large, max-video-preview:-1\" \/>\n<link rel=\"canonical\" href=\"https:\/\/www.grandsformats.com\/2020\/07\/grands-formats-soutient-lappel-pour-une-ecologie-de-la-musique-vivante\/\" \/>\n<meta property=\"og:locale\" content=\"en_US\" \/>\n<meta property=\"og:type\" content=\"article\" \/>\n<meta property=\"og:title\" content=\"Grands Formats soutient l&#039;appel &quot;pour une \u00e9cologie de la musique vivante&quot; - Site officiel de la f\u00e9d\u00e9ration Grands Formats\" \/>\n<meta property=\"og:description\" content=\"[vc_row][vc_column][vc_column_text] Encourager les pratiques \u00e9cologiques et responsables A l\u2019initiative d\u2019un groupe de musicien\u00b7ne\u00b7s, des artistes, producteur\u00b7trice\u00b7s et professionnel\u00b7le\u00b7s du jazz et des musiques improvis\u00e9es se sont r\u00e9unis au printemps 2020 pour interpeller le secteur sur ses pratiques, ses modes de production et encourager un changement audacieux et vertueux afin de rendre nos pratiques professionnelles plus...Continue reading\" \/>\n<meta property=\"og:url\" content=\"https:\/\/www.grandsformats.com\/2020\/07\/grands-formats-soutient-lappel-pour-une-ecologie-de-la-musique-vivante\/\" \/>\n<meta property=\"og:site_name\" content=\"Site officiel de la f\u00e9d\u00e9ration Grands Formats\" \/>\n<meta property=\"article:publisher\" content=\"https:\/\/www.facebook.com\/grandsformats\/\" \/>\n<meta property=\"article:published_time\" content=\"2020-07-03T08:41:34+00:00\" \/>\n<meta property=\"article:modified_time\" content=\"2020-07-06T12:17:58+00:00\" \/>\n<meta property=\"og:image\" content=\"https:\/\/www.grandsformats.com\/wp-content\/uploads\/2020\/06\/feuille-verte-1920x1080-1.jpg\" \/>\n\t<meta property=\"og:image:width\" content=\"1920\" \/>\n\t<meta property=\"og:image:height\" content=\"1080\" \/>\n\t<meta property=\"og:image:type\" content=\"image\/jpeg\" \/>\n<meta name=\"author\" content=\"Grands Formats\" \/>\n<meta name=\"twitter:card\" content=\"summary_large_image\" \/>\n<meta name=\"twitter:creator\" content=\"@GrandsFormatsGF\" \/>\n<meta name=\"twitter:site\" content=\"@GrandsFormatsGF\" \/>\n<meta name=\"twitter:label1\" content=\"Written by\" \/>\n\t<meta name=\"twitter:data1\" content=\"Grands Formats\" \/>\n\t<meta name=\"twitter:label2\" content=\"Est. reading time\" \/>\n\t<meta name=\"twitter:data2\" content=\"1 minute\" \/>\n<script type=\"application\/ld+json\" class=\"yoast-schema-graph\">{\"@context\":\"https:\/\/schema.org\",\"@graph\":[{\"@type\":\"Article\",\"@id\":\"https:\/\/www.grandsformats.com\/2020\/07\/grands-formats-soutient-lappel-pour-une-ecologie-de-la-musique-vivante\/#article\",\"isPartOf\":{\"@id\":\"https:\/\/www.grandsformats.com\/2020\/07\/grands-formats-soutient-lappel-pour-une-ecologie-de-la-musique-vivante\/\"},\"author\":{\"name\":\"Grands Formats\",\"@id\":\"https:\/\/www.grandsformats.com\/#\/schema\/person\/6ecde7e38a2254b5bc9d620679208ee1\"},\"headline\":\"Grands Formats soutient l&#8217;appel &#8220;pour une \u00e9cologie de la musique vivante&#8221;\",\"datePublished\":\"2020-07-03T08:41:34+00:00\",\"dateModified\":\"2020-07-06T12:17:58+00:00\",\"mainEntityOfPage\":{\"@id\":\"https:\/\/www.grandsformats.com\/2020\/07\/grands-formats-soutient-lappel-pour-une-ecologie-de-la-musique-vivante\/\"},\"wordCount\":286,\"commentCount\":0,\"publisher\":{\"@id\":\"https:\/\/www.grandsformats.com\/#organization\"},\"image\":{\"@id\":\"https:\/\/www.grandsformats.com\/2020\/07\/grands-formats-soutient-lappel-pour-une-ecologie-de-la-musique-vivante\/#primaryimage\"},\"thumbnailUrl\":\"https:\/\/www.grandsformats.com\/wp-content\/uploads\/2020\/06\/feuille-verte-1920x1080-1.jpg\",\"articleSection\":[\"Actus de la f\u00e9d\u00e9\",\"Ressources\"],\"inLanguage\":\"en-US\",\"potentialAction\":[{\"@type\":\"CommentAction\",\"name\":\"Comment\",\"target\":[\"https:\/\/www.grandsformats.com\/2020\/07\/grands-formats-soutient-lappel-pour-une-ecologie-de-la-musique-vivante\/#respond\"]}]},{\"@type\":\"WebPage\",\"@id\":\"https:\/\/www.grandsformats.com\/2020\/07\/grands-formats-soutient-lappel-pour-une-ecologie-de-la-musique-vivante\/\",\"url\":\"https:\/\/www.grandsformats.com\/2020\/07\/grands-formats-soutient-lappel-pour-une-ecologie-de-la-musique-vivante\/\",\"name\":\"Grands Formats soutient l'appel \\\"pour une \u00e9cologie de la musique vivante\\\" - Site officiel de la f\u00e9d\u00e9ration Grands Formats\",\"isPartOf\":{\"@id\":\"https:\/\/www.grandsformats.com\/#website\"},\"primaryImageOfPage\":{\"@id\":\"https:\/\/www.grandsformats.com\/2020\/07\/grands-formats-soutient-lappel-pour-une-ecologie-de-la-musique-vivante\/#primaryimage\"},\"image\":{\"@id\":\"https:\/\/www.grandsformats.com\/2020\/07\/grands-formats-soutient-lappel-pour-une-ecologie-de-la-musique-vivante\/#primaryimage\"},\"thumbnailUrl\":\"https:\/\/www.grandsformats.com\/wp-content\/uploads\/2020\/06\/feuille-verte-1920x1080-1.jpg\",\"datePublished\":\"2020-07-03T08:41:34+00:00\",\"dateModified\":\"2020-07-06T12:17:58+00:00\",\"breadcrumb\":{\"@id\":\"https:\/\/www.grandsformats.com\/2020\/07\/grands-formats-soutient-lappel-pour-une-ecologie-de-la-musique-vivante\/#breadcrumb\"},\"inLanguage\":\"en-US\",\"potentialAction\":[{\"@type\":\"ReadAction\",\"target\":[\"https:\/\/www.grandsformats.com\/2020\/07\/grands-formats-soutient-lappel-pour-une-ecologie-de-la-musique-vivante\/\"]}]},{\"@type\":\"ImageObject\",\"inLanguage\":\"en-US\",\"@id\":\"https:\/\/www.grandsformats.com\/2020\/07\/grands-formats-soutient-lappel-pour-une-ecologie-de-la-musique-vivante\/#primaryimage\",\"url\":\"https:\/\/www.grandsformats.com\/wp-content\/uploads\/2020\/06\/feuille-verte-1920x1080-1.jpg\",\"contentUrl\":\"https:\/\/www.grandsformats.com\/wp-content\/uploads\/2020\/06\/feuille-verte-1920x1080-1.jpg\",\"width\":1920,\"height\":1080,\"caption\":\"\u00a9 DR\"},{\"@type\":\"BreadcrumbList\",\"@id\":\"https:\/\/www.grandsformats.com\/2020\/07\/grands-formats-soutient-lappel-pour-une-ecologie-de-la-musique-vivante\/#breadcrumb\",\"itemListElement\":[{\"@type\":\"ListItem\",\"position\":1,\"name\":\"Accueil\",\"item\":\"https:\/\/www.grandsformats.com\/en\/\"},{\"@type\":\"ListItem\",\"position\":2,\"name\":\"Grands Formats soutient l&rsquo;appel \u00ab\u00a0pour une \u00e9cologie de la musique vivante\u00a0\u00bb\"}]},{\"@type\":\"WebSite\",\"@id\":\"https:\/\/www.grandsformats.com\/#website\",\"url\":\"https:\/\/www.grandsformats.com\/\",\"name\":\"Site officiel de la f\u00e9d\u00e9ration Grands Formats\",\"description\":\"F\u00e9d\u00e9ration d&#039;artistes pour la musique en grand !\",\"publisher\":{\"@id\":\"https:\/\/www.grandsformats.com\/#organization\"},\"potentialAction\":[{\"@type\":\"SearchAction\",\"target\":{\"@type\":\"EntryPoint\",\"urlTemplate\":\"https:\/\/www.grandsformats.com\/?s={search_term_string}\"},\"query-input\":{\"@type\":\"PropertyValueSpecification\",\"valueRequired\":true,\"valueName\":\"search_term_string\"}}],\"inLanguage\":\"en-US\"},{\"@type\":\"Organization\",\"@id\":\"https:\/\/www.grandsformats.com\/#organization\",\"name\":\"Grands Formats\",\"url\":\"https:\/\/www.grandsformats.com\/\",\"logo\":{\"@type\":\"ImageObject\",\"inLanguage\":\"en-US\",\"@id\":\"https:\/\/www.grandsformats.com\/#\/schema\/logo\/image\/\",\"url\":\"https:\/\/www.grandsformats.com\/wp-content\/uploads\/2020\/03\/logo-GF-200.png\",\"contentUrl\":\"https:\/\/www.grandsformats.com\/wp-content\/uploads\/2020\/03\/logo-GF-200.png\",\"width\":155,\"height\":200,\"caption\":\"Grands Formats\"},\"image\":{\"@id\":\"https:\/\/www.grandsformats.com\/#\/schema\/logo\/image\/\"},\"sameAs\":[\"https:\/\/www.facebook.com\/grandsformats\/\",\"https:\/\/x.com\/GrandsFormatsGF\",\"https:\/\/www.instagram.com\/grandsformats\/\",\"https:\/\/www.youtube.com\/channel\/UCJ7k9dbqc_DG-nxI3WMPvhw?view_as=subscriberhttps:\/\/www.youtube.com\/channel\/UCJ7k9dbqc_DG-nxI3WMPvhw?view_as=subscriber\"]},{\"@type\":\"Person\",\"@id\":\"https:\/\/www.grandsformats.com\/#\/schema\/person\/6ecde7e38a2254b5bc9d620679208ee1\",\"name\":\"Grands Formats\",\"image\":{\"@type\":\"ImageObject\",\"inLanguage\":\"en-US\",\"@id\":\"https:\/\/www.grandsformats.com\/#\/schema\/person\/image\/\",\"url\":\"https:\/\/secure.gravatar.com\/avatar\/5d06febf5ba4681bd17a251487132861b5339c2d72f789e59decf1c1b05d0078?s=96&d=mm&r=g\",\"contentUrl\":\"https:\/\/secure.gravatar.com\/avatar\/5d06febf5ba4681bd17a251487132861b5339c2d72f789e59decf1c1b05d0078?s=96&d=mm&r=g\",\"caption\":\"Grands Formats\"},\"url\":\"https:\/\/www.grandsformats.com\/en\/author\/margaux\/\"}]}<\/script>\n<!-- \/ Yoast SEO plugin. -->","yoast_head_json":{"title":"Grands Formats soutient l'appel \"pour une \u00e9cologie de la musique vivante\" - Site officiel de la f\u00e9d\u00e9ration Grands Formats","robots":{"index":"index","follow":"follow","max-snippet":"max-snippet:-1","max-image-preview":"max-image-preview:large","max-video-preview":"max-video-preview:-1"},"canonical":"https:\/\/www.grandsformats.com\/2020\/07\/grands-formats-soutient-lappel-pour-une-ecologie-de-la-musique-vivante\/","og_locale":"en_US","og_type":"article","og_title":"Grands Formats soutient l'appel \"pour une \u00e9cologie de la musique vivante\" - Site officiel de la f\u00e9d\u00e9ration Grands Formats","og_description":"[vc_row][vc_column][vc_column_text] Encourager les pratiques \u00e9cologiques et responsables A l\u2019initiative d\u2019un groupe de musicien\u00b7ne\u00b7s, des artistes, producteur\u00b7trice\u00b7s et professionnel\u00b7le\u00b7s du jazz et des musiques improvis\u00e9es se sont r\u00e9unis au printemps 2020 pour interpeller le secteur sur ses pratiques, ses modes de production et encourager un changement audacieux et vertueux afin de rendre nos pratiques professionnelles plus...Continue reading","og_url":"https:\/\/www.grandsformats.com\/2020\/07\/grands-formats-soutient-lappel-pour-une-ecologie-de-la-musique-vivante\/","og_site_name":"Site officiel de la f\u00e9d\u00e9ration Grands Formats","article_publisher":"https:\/\/www.facebook.com\/grandsformats\/","article_published_time":"2020-07-03T08:41:34+00:00","article_modified_time":"2020-07-06T12:17:58+00:00","og_image":[{"width":1920,"height":1080,"url":"https:\/\/www.grandsformats.com\/wp-content\/uploads\/2020\/06\/feuille-verte-1920x1080-1.jpg","type":"image\/jpeg"}],"author":"Grands Formats","twitter_card":"summary_large_image","twitter_creator":"@GrandsFormatsGF","twitter_site":"@GrandsFormatsGF","twitter_misc":{"Written by":"Grands Formats","Est. reading time":"1 minute"},"schema":{"@context":"https:\/\/schema.org","@graph":[{"@type":"Article","@id":"https:\/\/www.grandsformats.com\/2020\/07\/grands-formats-soutient-lappel-pour-une-ecologie-de-la-musique-vivante\/#article","isPartOf":{"@id":"https:\/\/www.grandsformats.com\/2020\/07\/grands-formats-soutient-lappel-pour-une-ecologie-de-la-musique-vivante\/"},"author":{"name":"Grands Formats","@id":"https:\/\/www.grandsformats.com\/#\/schema\/person\/6ecde7e38a2254b5bc9d620679208ee1"},"headline":"Grands Formats soutient l&#8217;appel &#8220;pour une \u00e9cologie de la musique vivante&#8221;","datePublished":"2020-07-03T08:41:34+00:00","dateModified":"2020-07-06T12:17:58+00:00","mainEntityOfPage":{"@id":"https:\/\/www.grandsformats.com\/2020\/07\/grands-formats-soutient-lappel-pour-une-ecologie-de-la-musique-vivante\/"},"wordCount":286,"commentCount":0,"publisher":{"@id":"https:\/\/www.grandsformats.com\/#organization"},"image":{"@id":"https:\/\/www.grandsformats.com\/2020\/07\/grands-formats-soutient-lappel-pour-une-ecologie-de-la-musique-vivante\/#primaryimage"},"thumbnailUrl":"https:\/\/www.grandsformats.com\/wp-content\/uploads\/2020\/06\/feuille-verte-1920x1080-1.jpg","articleSection":["Actus de la f\u00e9d\u00e9","Ressources"],"inLanguage":"en-US","potentialAction":[{"@type":"CommentAction","name":"Comment","target":["https:\/\/www.grandsformats.com\/2020\/07\/grands-formats-soutient-lappel-pour-une-ecologie-de-la-musique-vivante\/#respond"]}]},{"@type":"WebPage","@id":"https:\/\/www.grandsformats.com\/2020\/07\/grands-formats-soutient-lappel-pour-une-ecologie-de-la-musique-vivante\/","url":"https:\/\/www.grandsformats.com\/2020\/07\/grands-formats-soutient-lappel-pour-une-ecologie-de-la-musique-vivante\/","name":"Grands Formats soutient l'appel \"pour une \u00e9cologie de la musique vivante\" - Site officiel de la f\u00e9d\u00e9ration Grands Formats","isPartOf":{"@id":"https:\/\/www.grandsformats.com\/#website"},"primaryImageOfPage":{"@id":"https:\/\/www.grandsformats.com\/2020\/07\/grands-formats-soutient-lappel-pour-une-ecologie-de-la-musique-vivante\/#primaryimage"},"image":{"@id":"https:\/\/www.grandsformats.com\/2020\/07\/grands-formats-soutient-lappel-pour-une-ecologie-de-la-musique-vivante\/#primaryimage"},"thumbnailUrl":"https:\/\/www.grandsformats.com\/wp-content\/uploads\/2020\/06\/feuille-verte-1920x1080-1.jpg","datePublished":"2020-07-03T08:41:34+00:00","dateModified":"2020-07-06T12:17:58+00:00","breadcrumb":{"@id":"https:\/\/www.grandsformats.com\/2020\/07\/grands-formats-soutient-lappel-pour-une-ecologie-de-la-musique-vivante\/#breadcrumb"},"inLanguage":"en-US","potentialAction":[{"@type":"ReadAction","target":["https:\/\/www.grandsformats.com\/2020\/07\/grands-formats-soutient-lappel-pour-une-ecologie-de-la-musique-vivante\/"]}]},{"@type":"ImageObject","inLanguage":"en-US","@id":"https:\/\/www.grandsformats.com\/2020\/07\/grands-formats-soutient-lappel-pour-une-ecologie-de-la-musique-vivante\/#primaryimage","url":"https:\/\/www.grandsformats.com\/wp-content\/uploads\/2020\/06\/feuille-verte-1920x1080-1.jpg","contentUrl":"https:\/\/www.grandsformats.com\/wp-content\/uploads\/2020\/06\/feuille-verte-1920x1080-1.jpg","width":1920,"height":1080,"caption":"\u00a9 DR"},{"@type":"BreadcrumbList","@id":"https:\/\/www.grandsformats.com\/2020\/07\/grands-formats-soutient-lappel-pour-une-ecologie-de-la-musique-vivante\/#breadcrumb","itemListElement":[{"@type":"ListItem","position":1,"name":"Accueil","item":"https:\/\/www.grandsformats.com\/en\/"},{"@type":"ListItem","position":2,"name":"Grands Formats soutient l&rsquo;appel \u00ab\u00a0pour une \u00e9cologie de la musique vivante\u00a0\u00bb"}]},{"@type":"WebSite","@id":"https:\/\/www.grandsformats.com\/#website","url":"https:\/\/www.grandsformats.com\/","name":"Site officiel de la f\u00e9d\u00e9ration Grands Formats","description":"F\u00e9d\u00e9ration d&#039;artistes pour la musique en grand !","publisher":{"@id":"https:\/\/www.grandsformats.com\/#organization"},"potentialAction":[{"@type":"SearchAction","target":{"@type":"EntryPoint","urlTemplate":"https:\/\/www.grandsformats.com\/?s={search_term_string}"},"query-input":{"@type":"PropertyValueSpecification","valueRequired":true,"valueName":"search_term_string"}}],"inLanguage":"en-US"},{"@type":"Organization","@id":"https:\/\/www.grandsformats.com\/#organization","name":"Grands Formats","url":"https:\/\/www.grandsformats.com\/","logo":{"@type":"ImageObject","inLanguage":"en-US","@id":"https:\/\/www.grandsformats.com\/#\/schema\/logo\/image\/","url":"https:\/\/www.grandsformats.com\/wp-content\/uploads\/2020\/03\/logo-GF-200.png","contentUrl":"https:\/\/www.grandsformats.com\/wp-content\/uploads\/2020\/03\/logo-GF-200.png","width":155,"height":200,"caption":"Grands Formats"},"image":{"@id":"https:\/\/www.grandsformats.com\/#\/schema\/logo\/image\/"},"sameAs":["https:\/\/www.facebook.com\/grandsformats\/","https:\/\/x.com\/GrandsFormatsGF","https:\/\/www.instagram.com\/grandsformats\/","https:\/\/www.youtube.com\/channel\/UCJ7k9dbqc_DG-nxI3WMPvhw?view_as=subscriberhttps:\/\/www.youtube.com\/channel\/UCJ7k9dbqc_DG-nxI3WMPvhw?view_as=subscriber"]},{"@type":"Person","@id":"https:\/\/www.grandsformats.com\/#\/schema\/person\/6ecde7e38a2254b5bc9d620679208ee1","name":"Grands Formats","image":{"@type":"ImageObject","inLanguage":"en-US","@id":"https:\/\/www.grandsformats.com\/#\/schema\/person\/image\/","url":"https:\/\/secure.gravatar.com\/avatar\/5d06febf5ba4681bd17a251487132861b5339c2d72f789e59decf1c1b05d0078?s=96&d=mm&r=g","contentUrl":"https:\/\/secure.gravatar.com\/avatar\/5d06febf5ba4681bd17a251487132861b5339c2d72f789e59decf1c1b05d0078?s=96&d=mm&r=g","caption":"Grands Formats"},"url":"https:\/\/www.grandsformats.com\/en\/author\/margaux\/"}]}},"_links":{"self":[{"href":"https:\/\/www.grandsformats.com\/en\/wp-json\/wp\/v2\/posts\/13911","targetHints":{"allow":["GET"]}}],"collection":[{"href":"https:\/\/www.grandsformats.com\/en\/wp-json\/wp\/v2\/posts"}],"about":[{"href":"https:\/\/www.grandsformats.com\/en\/wp-json\/wp\/v2\/types\/post"}],"author":[{"embeddable":true,"href":"https:\/\/www.grandsformats.com\/en\/wp-json\/wp\/v2\/users\/2"}],"replies":[{"embeddable":true,"href":"https:\/\/www.grandsformats.com\/en\/wp-json\/wp\/v2\/comments?post=13911"}],"version-history":[{"count":0,"href":"https:\/\/www.grandsformats.com\/en\/wp-json\/wp\/v2\/posts\/13911\/revisions"}],"wp:featuredmedia":[{"embeddable":true,"href":"https:\/\/www.grandsformats.com\/en\/wp-json\/wp\/v2\/media\/13598"}],"wp:attachment":[{"href":"https:\/\/www.grandsformats.com\/en\/wp-json\/wp\/v2\/media?parent=13911"}],"wp:term":[{"taxonomy":"category","embeddable":true,"href":"https:\/\/www.grandsformats.com\/en\/wp-json\/wp\/v2\/categories?post=13911"},{"taxonomy":"post_tag","embeddable":true,"href":"https:\/\/www.grandsformats.com\/en\/wp-json\/wp\/v2\/tags?post=13911"}],"curies":[{"name":"wp","href":"https:\/\/api.w.org\/{rel}","templated":true}]}}